{"id":12147,"date":"2018-04-03T09:00:23","date_gmt":"2018-04-03T07:00:23","guid":{"rendered":"http:\/\/examensrelevant.de\/?p=12147"},"modified":"2019-07-01T14:10:57","modified_gmt":"2019-07-01T12:10:57","slug":"gedaechtnisprotokoll-einer-echten-klausur-zum-2-staatsexamen-nrw-vom-november-2016-3","status":"publish","type":"post","link":"https:\/\/www.juridicus.de\/blog\/gedaechtnisprotokoll-einer-echten-klausur-zum-2-staatsexamen-nrw-vom-november-2016-3\/","title":{"rendered":"Ged\u00e4chtnisprotokoll einer echten Klausur zum 2. Staatsexamen &#8211; Baden-W\u00fcrttemberg vom Dezember 2016"},"content":{"rendered":"[vc_row type=&#8220;in_container&#8220; scene_position=&#8220;center&#8220; text_color=&#8220;dark&#8220; text_align=&#8220;left&#8220; overlay_strength=&#8220;0.3&#8243;][vc_column column_padding=&#8220;no-extra-padding&#8220; column_padding_position=&#8220;all&#8220; background_color_opacity=&#8220;1&#8243; background_hover_color_opacity=&#8220;1&#8243; width=&#8220;1\/1&#8243;][vc_column_text]\n<p style=\"text-align: justify;\">Bei dem nachfolgenden Klausurprotokoll handelt es sich um das Ged\u00e4chtnisprotokoll einer <strong>echten Klausur vom Dezember\u00a02016\u00a0im zweiten Staatsexamen in Baden-W\u00fcrttemberg.<\/strong>\u00a0Das Protokoll stammt aus dem Fundus des Protokollverleihs\u00a0<a href=\"http:\/\/www.juridicus.de\/pruefungsprotokolle\">Juridicus.de<\/a>.<\/p>\n<p style=\"text-align: justify;\">Die Schilderung des Falles und die L\u00f6sung beruhen ausschlie\u00dflich auf der Wahrnehmung des Pr\u00fcflings.<\/p>\n[\/vc_column_text]<div  class=\"divider\"><\/div><div class=\"img-with-aniamtion-wrap \"><img decoding=\"async\" class=\"img-with-animation \" data-delay=\"0\" height=\"100%\" width=\"100%\" data-animation=\"fade-in\" src=\"https:\/\/www.juridicus.de\/blog\/wp-content\/uploads\/2015\/06\/juridicus-examensrelevant.jpg\" alt=\"\" \/><\/div><div  class=\"divider\"><\/div>[vc_column_text]\n<h2>Pr\u00fcfungsfach: \u00a0Zivilrecht<\/h2>\n[\/vc_column_text][\/vc_column][\/vc_row][vc_row type=&#8220;in_container&#8220; scene_position=&#8220;center&#8220; text_color=&#8220;dark&#8220; text_align=&#8220;left&#8220; overlay_strength=&#8220;0.3&#8243;][vc_column column_padding=&#8220;no-extra-padding&#8220; column_padding_position=&#8220;all&#8220; background_color_opacity=&#8220;1&#8243; background_hover_color_opacity=&#8220;1&#8243; width=&#8220;1\/1&#8243;][vc_column_text]\n<h2 style=\"text-align: justify;\">Ged\u00e4chtnisprotokoll:<\/h2>\n<p style=\"text-align: justify;\">Zwei Gebrauchtwagenh\u00e4ndler streiten sich. Beides juristische Personen b\u00fcrgerlichen Rechts, allerdings zwei verschiedene Typen.<br \/>\nDer Mannheimer hat beim Heidelberger zwei Autos gekauft und klagt jetzt in Mannheim. Auto 1 sei kaputt, er will R\u00fccktritt. Ferner Feststellung dass der Gegen\u00fcber im Annahmeverzug sei. Das Auto ist nur teilweise bezahlt, er verweigert den Rest des Preises.<br \/>\nAuto 2 verbraucht mehr als gedacht, er will mindern. In beiden F\u00e4llen Mangel nicht erkennbar, er hatte untersucht. Gew\u00e4hrleistungsausschluss. Im ersten Fall handschriftlich als \u201eGebrauchth\u00e4ndlerkauf\u201c im Kaufvertrag, im zweiten Fall als AGB. Die sei aber zu weitgehend \u201eAlle M\u00e4ngel ausgeschlosen\u201c. Ist eine Minderung \u00fcberhaupt m\u00f6glich weil der Mangel unerheblich ist? Ist der R\u00fccktritt nicht m\u00f6glich wegen einer Garantie mit einem Dritten?<br \/>\nAntrag zu 2 (Annahmeverzug) sei unzul\u00e4ssig, meint der Beklagte. Der erhebt Widerklage auf den fehlenden Rest des Kaufpreises. Der w\u00e4re aber zu sp\u00e4t und daf\u00fcr sei das AG Mannheim auch gar nicht zust\u00e4ndig.<\/p>\n[\/vc_column_text][\/vc_column][\/vc_row][vc_row type=&#8220;full_width_background&#8220; scene_position=&#8220;center&#8220; text_color=&#8220;dark&#8220; text_align=&#8220;left&#8220; overlay_strength=&#8220;0.3&#8243;][vc_column column_padding=&#8220;no-extra-padding&#8220; column_padding_position=&#8220;all&#8220; background_color_opacity=&#8220;1&#8243; background_hover_color_opacity=&#8220;1&#8243; width=&#8220;1\/1&#8243;]<div  class=\"divider-border\"><\/div>[\/vc_column][\/vc_row]\n","protected":false},"excerpt":{"rendered":"<p>[vc_row type=&#8220;in_container&#8220; scene_position=&#8220;center&#8220; text_color=&#8220;dark&#8220; text_align=&#8220;left&#8220; overlay_strength=&#8220;0.3&#8243;][vc_column column_padding=&#8220;no-extra-padding&#8220; column_padding_position=&#8220;all&#8220; background_color_opacity=&#8220;1&#8243; background_hover_color_opacity=&#8220;1&#8243; width=&#8220;1\/1&#8243;][vc_column_text] Bei dem nachfolgenden Klausurprotokoll handelt es sich um das Ged\u00e4chtnisprotokoll einer echten Klausur vom Dezember\u00a02016\u00a0im zweiten Staatsexamen in Baden-W\u00fcrttemberg.\u00a0Das Protokoll stammt aus dem Fundus des Protokollverleihs\u00a0Juridicus.de. Die Schilderung des Falles und die L\u00f6sung beruhen ausschlie\u00dflich auf der Wahrnehmung des Pr\u00fcflings. [\/vc_column_text][vc_column_text] Pr\u00fcfungsfach: \u00a0Zivilrecht [\/vc_column_text][\/vc_column][\/vc_row][vc_row type=&#8220;in_container&#8220; scene_position=&#8220;center&#8220; text_color=&#8220;dark&#8220; text_align=&#8220;left&#8220; overlay_strength=&#8220;0.3&#8243;][vc_column column_padding=&#8220;no-extra-padding&#8220; column_padding_position=&#8220;all&#8220; background_color_opacity=&#8220;1&#8243; background_hover_color_opacity=&#8220;1&#8243; width=&#8220;1\/1&#8243;][vc_column_text] Ged\u00e4chtnisprotokoll: Zwei Gebrauchtwagenh\u00e4ndler streiten sich&#8230;.<\/p>\n","protected":false},"author":1755,"featured_media":0,"comment_status":"open","ping_status":"open","sticky":false,"template":"","format":"standard","meta":{"footnotes":""},"categories":[2223,2221,55,1703],"tags":[],"class_list":["post-12147","post","type-post","status-publish","format-standard","hentry","category-2-staatsexamen-klausurprotokoll","category-klausurprotokoll","category-magazin","category-zivilrecht-rechtsgebiet"],"_links":{"self":[{"href":"https:\/\/www.juridicus.de\/blog\/wp-json\/wp\/v2\/posts\/12147","targetHints":{"allow":["GET"]}}],"collection":[{"href":"https:\/\/www.juridicus.de\/blog\/wp-json\/wp\/v2\/posts"}],"about":[{"href":"https:\/\/www.juridicus.de\/blog\/wp-json\/wp\/v2\/types\/post"}],"author":[{"embeddable":true,"href":"https:\/\/www.juridicus.de\/blog\/wp-json\/wp\/v2\/users\/1755"}],"replies":[{"embeddable":true,"href":"https:\/\/www.juridicus.de\/blog\/wp-json\/wp\/v2\/comments?post=12147"}],"version-history":[{"count":3,"href":"https:\/\/www.juridicus.de\/blog\/wp-json\/wp\/v2\/posts\/12147\/revisions"}],"predecessor-version":[{"id":14170,"href":"https:\/\/www.juridicus.de\/blog\/wp-json\/wp\/v2\/posts\/12147\/revisions\/14170"}],"wp:attachment":[{"href":"https:\/\/www.juridicus.de\/blog\/wp-json\/wp\/v2\/media?parent=12147"}],"wp:term":[{"taxonomy":"category","embeddable":true,"href":"https:\/\/www.juridicus.de\/blog\/wp-json\/wp\/v2\/categories?post=12147"},{"taxonomy":"post_tag","embeddable":true,"href":"https:\/\/www.juridicus.de\/blog\/wp-json\/wp\/v2\/tags?post=12147"}],"curies":[{"name":"wp","href":"https:\/\/api.w.org\/{rel}","templated":true}]}}