{"id":13168,"date":"2018-11-13T09:00:01","date_gmt":"2018-11-13T08:00:01","guid":{"rendered":"http:\/\/examensrelevant.de\/?p=13168"},"modified":"2020-03-20T13:45:07","modified_gmt":"2020-03-20T12:45:07","slug":"gedaechtnisprotokoll-einer-echten-klausur-zum-2-staatsexamen-brandenburg-vom-juni-2018","status":"publish","type":"post","link":"https:\/\/www.juridicus.de\/blog\/gedaechtnisprotokoll-einer-echten-klausur-zum-2-staatsexamen-brandenburg-vom-juni-2018\/","title":{"rendered":"Ged\u00e4chtnisprotokoll einer echten Klausur zum 2. Staatsexamen &#8211; Brandenburg vom Juni 2018"},"content":{"rendered":"[vc_row type=&#8220;in_container&#8220; scene_position=&#8220;center&#8220; text_color=&#8220;dark&#8220; text_align=&#8220;left&#8220; overlay_strength=&#8220;0.3&#8243;][vc_column column_padding=&#8220;no-extra-padding&#8220; column_padding_position=&#8220;all&#8220; background_color_opacity=&#8220;1&#8243; background_hover_color_opacity=&#8220;1&#8243; width=&#8220;1\/1&#8243;][vc_column_text]\n<p style=\"text-align: justify;\">Bei dem nachfolgenden Klausurprotokoll handelt es sich um das Ged\u00e4chtnisprotokoll einer <strong>echten Klausur vom Juni 2018 im zweiten Staatsexamen in Brandenburg<\/strong>. Das Protokoll stammt aus dem Fundus des Protokollverleihs\u00a0<a href=\"http:\/\/www.juridicus.de\/pruefungsprotokolle\">Juridicus.de<\/a>.<\/p>\n<p style=\"text-align: justify;\">Die Schilderung des Falles und die L\u00f6sung beruhen ausschlie\u00dflich auf der Wahrnehmung des Pr\u00fcflings.<\/p>\n[\/vc_column_text]<div  class=\"divider\"><\/div><div class=\"img-with-aniamtion-wrap \"><img decoding=\"async\" class=\"img-with-animation \" data-delay=\"0\" height=\"100%\" width=\"100%\" data-animation=\"fade-in\" src=\"https:\/\/www.juridicus.de\/blog\/wp-content\/uploads\/2015\/06\/juridicus-examensrelevant.jpg\" alt=\"\" \/><\/div><div  class=\"divider\"><\/div>[vc_column_text]\n<h2>Pr\u00fcfungsfach:\u00a0 Zivilrecht<\/h2>\n[\/vc_column_text][\/vc_column][\/vc_row][vc_row type=&#8220;in_container&#8220; scene_position=&#8220;center&#8220; text_color=&#8220;dark&#8220; text_align=&#8220;left&#8220; overlay_strength=&#8220;0.3&#8243;][vc_column column_padding=&#8220;no-extra-padding&#8220; column_padding_position=&#8220;all&#8220; background_color_opacity=&#8220;1&#8243; background_hover_color_opacity=&#8220;1&#8243; width=&#8220;1\/1&#8243;][vc_column_text]\n<h2 style=\"text-align: justify;\">Ged\u00e4chtnisprotokoll:<\/h2>\n<p style=\"text-align: justify;\">In der ersten Klausur des Zweiten Juristischen Staatsexamens im Termin Juni 2018 wurde eine zivilrechtliche Urteilsklausur gestellt. In dieser ging es um ein Bild, das in mehreren Kettenver\u00e4u\u00dferungen ver\u00e4u\u00dfert worden war, bis sich die Beklagte auf Raubkunst berief. Im Wesentlichen ging es um eine sorgf\u00e4ltige Pr\u00fcfung der Tatbest\u00e4nde der <a href=\"https:\/\/dejure.org\/gesetze\/BGB\/929.html\" target=\"_blank\" title=\"&sect; 929 BGB: Einigung und &Uuml;bergabe\">\u00a7 929<\/a> S. , <a href=\"https:\/\/dejure.org\/gesetze\/BGB\/932.html\" target=\"_blank\" title=\"&sect; 932 BGB: Gutgl&auml;ubiger Erwerb vom Nichtberechtigten\">932<\/a>, <a href=\"https:\/\/dejure.org\/gesetze\/BGB\/935.html\" target=\"_blank\" title=\"&sect; 935 BGB: Kein gutgl&auml;ubiger Erwerb von abhanden gekommenen Sachen\">935 BGB<\/a>. Die Kettenver\u00e4u\u00dferungen waren unter dem Gesichtspunkt der Gutgl\u00e4ubigkeit und des Abhandenkommens zu pr\u00fcfen. Prozessrechtlich kam es hierbei auf das streitige Vorbringen der Parteien und und welche Partei f\u00fcr welches Vorbringen beweisbelastet war. Es war ein Endurteil zu schreiben. Die Aufgabe war materiell-rechtliche und prozessrechtlich inhaltlich und zeitlich gut bew\u00e4ltigbar. Allerdings fehlten M\u00f6glichkeiten, sich gegen\u00fcber anderen Kandidaten abzusetzen. Die Klausur war wohl im mittelschweren Bereich angesiedelt und sollte den Pr\u00fcflingen einen leichten EInstieg erm\u00f6glichen. Wer Mobiliarsachenrecht in Grundz\u00fcgen beherrschte, konnte hier solide Ergebnisse erzielen.<\/p>\n[\/vc_column_text][\/vc_column][\/vc_row][vc_row type=&#8220;full_width_background&#8220; scene_position=&#8220;center&#8220; text_color=&#8220;dark&#8220; text_align=&#8220;left&#8220; overlay_strength=&#8220;0.3&#8243;][vc_column column_padding=&#8220;no-extra-padding&#8220; column_padding_position=&#8220;all&#8220; background_color_opacity=&#8220;1&#8243; background_hover_color_opacity=&#8220;1&#8243; width=&#8220;1\/1&#8243;]<div  class=\"divider-border\"><\/div>[\/vc_column][\/vc_row]\n","protected":false},"excerpt":{"rendered":"<p>[vc_row type=&#8220;in_container&#8220; scene_position=&#8220;center&#8220; text_color=&#8220;dark&#8220; text_align=&#8220;left&#8220; overlay_strength=&#8220;0.3&#8243;][vc_column column_padding=&#8220;no-extra-padding&#8220; column_padding_position=&#8220;all&#8220; background_color_opacity=&#8220;1&#8243; background_hover_color_opacity=&#8220;1&#8243; width=&#8220;1\/1&#8243;][vc_column_text] Bei dem nachfolgenden Klausurprotokoll handelt es sich um das Ged\u00e4chtnisprotokoll einer echten Klausur vom Juni 2018 im zweiten Staatsexamen in Brandenburg. Das Protokoll stammt aus dem Fundus des Protokollverleihs\u00a0Juridicus.de. Die Schilderung des Falles und die L\u00f6sung beruhen ausschlie\u00dflich auf der Wahrnehmung des Pr\u00fcflings. [\/vc_column_text][vc_column_text] Pr\u00fcfungsfach:\u00a0 Zivilrecht [\/vc_column_text][\/vc_column][\/vc_row][vc_row type=&#8220;in_container&#8220; scene_position=&#8220;center&#8220; text_color=&#8220;dark&#8220; text_align=&#8220;left&#8220; overlay_strength=&#8220;0.3&#8243;][vc_column column_padding=&#8220;no-extra-padding&#8220; column_padding_position=&#8220;all&#8220; background_color_opacity=&#8220;1&#8243; background_hover_color_opacity=&#8220;1&#8243; width=&#8220;1\/1&#8243;][vc_column_text] Ged\u00e4chtnisprotokoll: In&#8230;<\/p>\n","protected":false},"author":1755,"featured_media":0,"comment_status":"open","ping_status":"open","sticky":false,"template":"","format":"standard","meta":{"footnotes":""},"categories":[2223,2221,55,1703],"tags":[],"class_list":["post-13168","post","type-post","status-publish","format-standard","hentry","category-2-staatsexamen-klausurprotokoll","category-klausurprotokoll","category-magazin","category-zivilrecht-rechtsgebiet"],"_links":{"self":[{"href":"https:\/\/www.juridicus.de\/blog\/wp-json\/wp\/v2\/posts\/13168","targetHints":{"allow":["GET"]}}],"collection":[{"href":"https:\/\/www.juridicus.de\/blog\/wp-json\/wp\/v2\/posts"}],"about":[{"href":"https:\/\/www.juridicus.de\/blog\/wp-json\/wp\/v2\/types\/post"}],"author":[{"embeddable":true,"href":"https:\/\/www.juridicus.de\/blog\/wp-json\/wp\/v2\/users\/1755"}],"replies":[{"embeddable":true,"href":"https:\/\/www.juridicus.de\/blog\/wp-json\/wp\/v2\/comments?post=13168"}],"version-history":[{"count":4,"href":"https:\/\/www.juridicus.de\/blog\/wp-json\/wp\/v2\/posts\/13168\/revisions"}],"predecessor-version":[{"id":14026,"href":"https:\/\/www.juridicus.de\/blog\/wp-json\/wp\/v2\/posts\/13168\/revisions\/14026"}],"wp:attachment":[{"href":"https:\/\/www.juridicus.de\/blog\/wp-json\/wp\/v2\/media?parent=13168"}],"wp:term":[{"taxonomy":"category","embeddable":true,"href":"https:\/\/www.juridicus.de\/blog\/wp-json\/wp\/v2\/categories?post=13168"},{"taxonomy":"post_tag","embeddable":true,"href":"https:\/\/www.juridicus.de\/blog\/wp-json\/wp\/v2\/tags?post=13168"}],"curies":[{"name":"wp","href":"https:\/\/api.w.org\/{rel}","templated":true}]}}