{"id":13633,"date":"2019-04-17T09:00:19","date_gmt":"2019-04-17T07:00:19","guid":{"rendered":"https:\/\/www.juridicus.de\/blog\/?p=13633"},"modified":"2021-04-18T14:58:11","modified_gmt":"2021-04-18T12:58:11","slug":"gedaechtnisprotokoll-einer-echten-klausur-zum-1-staatsexamen-brandenburg-vom-oktober-2018","status":"publish","type":"post","link":"https:\/\/www.juridicus.de\/blog\/gedaechtnisprotokoll-einer-echten-klausur-zum-1-staatsexamen-brandenburg-vom-oktober-2018\/","title":{"rendered":"Ged\u00e4chtnisprotokoll einer echten Klausur zum 1. Staatsexamen &#8211; Brandenburg vom Oktober 2018"},"content":{"rendered":"[vc_row type=&#8220;in_container&#8220; scene_position=&#8220;center&#8220; text_color=&#8220;dark&#8220; text_align=&#8220;left&#8220; overlay_strength=&#8220;0.3&#8243;][vc_column column_padding=&#8220;no-extra-padding&#8220; column_padding_position=&#8220;all&#8220; background_color_opacity=&#8220;1&#8243; background_hover_color_opacity=&#8220;1&#8243; width=&#8220;1\/1&#8243;][vc_column_text]\n<p style=\"text-align: justify;\">Bei den nachfolgenden Klausurprotokoll handelt es sich um das Ged\u00e4chtnisprotokoll einer <strong>echten Klausur vom Oktober 2018 im ersten Staatsexamen in Brandenburg.<\/strong>\u00a0Das Protokoll stammt aus dem Fundus des Protokollverleihs\u00a0<a href=\"http:\/\/www.juridicus.de\/pruefungsprotokolle\">Juridicus.de<\/a>.<\/p>\n<p style=\"text-align: justify;\">Die Schilderung des Falles und die L\u00f6sung beruhen ausschlie\u00dflich auf der Wahrnehmung des Pr\u00fcflings.<\/p>\n[\/vc_column_text]<div  class=\"divider\"><\/div>[vc_column_text]\n<h2>Pr\u00fcfungsfach:\u00a0 Strafrecht<\/h2>\n[\/vc_column_text][\/vc_column][\/vc_row][vc_row type=&#8220;in_container&#8220; scene_position=&#8220;center&#8220; text_color=&#8220;dark&#8220; text_align=&#8220;left&#8220; overlay_strength=&#8220;0.3&#8243;][vc_column column_padding=&#8220;no-extra-padding&#8220; column_padding_position=&#8220;all&#8220; background_color_opacity=&#8220;1&#8243; background_hover_color_opacity=&#8220;1&#8243; width=&#8220;1\/1&#8243;][vc_column_text]\n<h2 style=\"text-align: justify;\">Ged\u00e4chnisprotokoll:<\/h2>\n<p style=\"text-align: justify;\">F will sich von T trennen. T beleidigt sie: ,,Du dumme Schlampe. Diesen Floh hat dir deine Mutter in den Kopf gesetzt.&#8220; Schnell entschlossen verl\u00e4sst T das Haus und nimmt sich ein Taxi, um zu dem Haus der Eltern der F zu fahren. Kurz vor seinem Ziel fordert T den Taxifahrer S auf, ihn aus dem Taxi zu lassen. Da T an chronischem Geldmangel leidet, entschlie\u00dft er sich kurzer Hand nicht zu bezahlen. Er steigt hektisch aus dem Taxi aus und l\u00e4uft davon. S nimmt die Verfolgung auf. Als S den T m\u00fchelos einholte, wirft er den T zu Boden. Er nimmt den Geldbeutel des T an sich und nimmt sich die 100 Euro Fahrtkosten aus dem Geldbeutel. Spontan entdeckt er einen weiteren 100 Euroschein, den er basierend auf einem spontanen Entschluss ebenfalls an sich nimmt.<br \/>\nAngeschlagen, aber immer noch voller Zorn, macht sich T auf zu dem Haus der Eltern der F. Angekommen, tritt er die Haust\u00fcr aus Glas ein, welcher komplett zersplittert. T findet die Mutter der seiner Freundin vor, die M und zerrt sie an den Harren, w\u00e4hrend er sie anschreit. In dem gleichen Augenblick entdeckt T die Halskette mit dem ihm bekannten Amulett am Halse der M. Er rei\u00dft es ab und wirft es zu Boden. Mit den Worten: ,,Diese Halskette konnte ich nie leiden,&#8220; tritt er auf das Amulett, welches komplett zerst\u00f6rt wird.<br \/>\nIn dem Augenblick kommt der Vater der F die Treppen herunter, der V. Er hat geh\u00f6rt, was im Erdgeschoss vorgefallen ist und hat aus Angst seine (legale) Sportpistole aus dem Waffenschrank geholt. Er ruft dem T zu er sollte die M loslassen. T lacht den V h\u00f6hnisch aus und verspottet ihn, da er eh nicht schie\u00dfen w\u00fcrde. V versp\u00fcrte eine gro\u00dfe Furcht um das Leben der M, da er die Gewaltbereitschaft des T aus der Vergangenheit kennt.<br \/>\nV feuert einen Schuss ab, der den T in die Brust trifft. Dabei nimmt V in Kauf das T stirbt. V l\u00e4uft auf den am Boden liegenden T zu und entdeckt, dass dieser den Schuss \u00fcberlebt hat. Als er den T am Boden liegen sieht, erinnert er sich an all das Leid, das der seiner Tochter F in der Vergangenheit zugef\u00fcgt hat. Kurzentschlossen schie\u00dft er dem T in den Kopf, l\u00e4sst diesen liegen und legt sich schlafen. Die M stand die ganze Zeit dabei. Als sie den T am Boden sieht, erblickt sie ebenfalls das danebenstehende Telefon, mit welchem es m\u00f6glich w\u00e4re, rechtzeitig Hilfe zu rufen, die den T retten k\u00f6nnten. Sie teilt jedoch die Gef\u00fchle ihres Mannes bez\u00fcglich des T und ruft keinen Notarzt. T rettet sich selbst und \u00fcberlebt.<br \/>\nBearbeitervermerk:<br \/>\n1. <a href=\"https:\/\/dejure.org\/gesetze\/StGB\/221.html\" target=\"_blank\" title=\"&sect; 221 StGB: Aussetzung\">\u00a7 221 StGB<\/a> ist nicht zu Pr\u00fcfen.<br \/>\n2. Wie haben sich T, S, V und M nach dem StGB strafbar gemacht?<\/p>\n[\/vc_column_text][\/vc_column][\/vc_row][vc_row type=&#8220;full_width_background&#8220; scene_position=&#8220;center&#8220; text_color=&#8220;dark&#8220; text_align=&#8220;left&#8220; overlay_strength=&#8220;0.3&#8243;][vc_column column_padding=&#8220;no-extra-padding&#8220; column_padding_position=&#8220;all&#8220; background_color_opacity=&#8220;1&#8243; background_hover_color_opacity=&#8220;1&#8243; width=&#8220;1\/1&#8243;]<div  class=\"divider-border\"><\/div>[\/vc_column][\/vc_row]\n","protected":false},"excerpt":{"rendered":"<p>[vc_row type=&#8220;in_container&#8220; scene_position=&#8220;center&#8220; text_color=&#8220;dark&#8220; text_align=&#8220;left&#8220; overlay_strength=&#8220;0.3&#8243;][vc_column column_padding=&#8220;no-extra-padding&#8220; column_padding_position=&#8220;all&#8220; background_color_opacity=&#8220;1&#8243; background_hover_color_opacity=&#8220;1&#8243; width=&#8220;1\/1&#8243;][vc_column_text] Bei den nachfolgenden Klausurprotokoll handelt es sich um das Ged\u00e4chtnisprotokoll einer echten Klausur vom Oktober 2018 im ersten Staatsexamen in Brandenburg.\u00a0Das Protokoll stammt aus dem Fundus des Protokollverleihs\u00a0Juridicus.de. Die Schilderung des Falles und die L\u00f6sung beruhen ausschlie\u00dflich auf der Wahrnehmung des Pr\u00fcflings. [\/vc_column_text][vc_column_text] Pr\u00fcfungsfach:\u00a0 Strafrecht [\/vc_column_text][\/vc_column][\/vc_row][vc_row type=&#8220;in_container&#8220; scene_position=&#8220;center&#8220; text_color=&#8220;dark&#8220; text_align=&#8220;left&#8220; overlay_strength=&#8220;0.3&#8243;][vc_column column_padding=&#8220;no-extra-padding&#8220; column_padding_position=&#8220;all&#8220; background_color_opacity=&#8220;1&#8243; background_hover_color_opacity=&#8220;1&#8243; width=&#8220;1\/1&#8243;][vc_column_text] Ged\u00e4chnisprotokoll: F will&#8230;<\/p>\n","protected":false},"author":1755,"featured_media":0,"comment_status":"open","ping_status":"open","sticky":false,"template":"","format":"standard","meta":{"footnotes":""},"categories":[2222,2221,55,1715],"tags":[],"class_list":["post-13633","post","type-post","status-publish","format-standard","hentry","category-1-staatsexamen-klausurprotokoll","category-klausurprotokoll","category-magazin","category-strafrecht-rechtsgebiet"],"_links":{"self":[{"href":"https:\/\/www.juridicus.de\/blog\/wp-json\/wp\/v2\/posts\/13633","targetHints":{"allow":["GET"]}}],"collection":[{"href":"https:\/\/www.juridicus.de\/blog\/wp-json\/wp\/v2\/posts"}],"about":[{"href":"https:\/\/www.juridicus.de\/blog\/wp-json\/wp\/v2\/types\/post"}],"author":[{"embeddable":true,"href":"https:\/\/www.juridicus.de\/blog\/wp-json\/wp\/v2\/users\/1755"}],"replies":[{"embeddable":true,"href":"https:\/\/www.juridicus.de\/blog\/wp-json\/wp\/v2\/comments?post=13633"}],"version-history":[{"count":6,"href":"https:\/\/www.juridicus.de\/blog\/wp-json\/wp\/v2\/posts\/13633\/revisions"}],"predecessor-version":[{"id":15766,"href":"https:\/\/www.juridicus.de\/blog\/wp-json\/wp\/v2\/posts\/13633\/revisions\/15766"}],"wp:attachment":[{"href":"https:\/\/www.juridicus.de\/blog\/wp-json\/wp\/v2\/media?parent=13633"}],"wp:term":[{"taxonomy":"category","embeddable":true,"href":"https:\/\/www.juridicus.de\/blog\/wp-json\/wp\/v2\/categories?post=13633"},{"taxonomy":"post_tag","embeddable":true,"href":"https:\/\/www.juridicus.de\/blog\/wp-json\/wp\/v2\/tags?post=13633"}],"curies":[{"name":"wp","href":"https:\/\/api.w.org\/{rel}","templated":true}]}}