{"id":14244,"date":"2019-07-31T09:00:24","date_gmt":"2019-07-31T07:00:24","guid":{"rendered":"https:\/\/www.juridicus.de\/blog\/?p=14244"},"modified":"2021-04-16T10:02:22","modified_gmt":"2021-04-16T08:02:22","slug":"gedaechtnisrotokoll-einer-echten-klausur-zum-1-staatsexamen-nrw-vom-februar-2019","status":"publish","type":"post","link":"https:\/\/www.juridicus.de\/blog\/gedaechtnisrotokoll-einer-echten-klausur-zum-1-staatsexamen-nrw-vom-februar-2019\/","title":{"rendered":"Ged\u00e4chtnisrotokoll einer echten Klausur zum 1. Staatsexamen &#8211; NRW vom Februar 2019"},"content":{"rendered":"[vc_row type=&#8220;in_container&#8220; scene_position=&#8220;center&#8220; text_color=&#8220;dark&#8220; text_align=&#8220;left&#8220; overlay_strength=&#8220;0.3&#8243;][vc_column column_padding=&#8220;no-extra-padding&#8220; column_padding_position=&#8220;all&#8220; background_color_opacity=&#8220;1&#8243; background_hover_color_opacity=&#8220;1&#8243; width=&#8220;1\/1&#8243;][vc_column_text]\n<p style=\"text-align: justify;\">Bei den nachfolgenden Klausurprotokoll handelt es sich um das Ged\u00e4chtnisprotokoll einer <strong>echten Klausur vom Februar 2019 im ersten Staatsexamen in NRW.<\/strong>\u00a0Das Protokoll stammt aus dem Fundus des Protokollverleihs\u00a0<a href=\"http:\/\/www.juridicus.de\/pruefungsprotokolle\">Juridicus.de<\/a>.<\/p>\n<p style=\"text-align: justify;\">Die Schilderung des Falles und die L\u00f6sung beruhen ausschlie\u00dflich auf der Wahrnehmung des Pr\u00fcflings.<\/p>\n[\/vc_column_text]<div  class=\"divider\"><\/div>[vc_column_text]\n<h2>Pr\u00fcfungsfach:\u00a0 Strafrecht<\/h2>\n[\/vc_column_text][\/vc_column][\/vc_row][vc_row type=&#8220;in_container&#8220; scene_position=&#8220;center&#8220; text_color=&#8220;dark&#8220; text_align=&#8220;left&#8220; overlay_strength=&#8220;0.3&#8243;][vc_column column_padding=&#8220;no-extra-padding&#8220; column_padding_position=&#8220;all&#8220; background_color_opacity=&#8220;1&#8243; background_hover_color_opacity=&#8220;1&#8243; width=&#8220;1\/1&#8243;][vc_column_text]\n<h2 style=\"text-align: justify;\">Ged\u00e4chnisprotokoll:<\/h2>\n<div>\n<p style=\"text-align: justify;\">A und B wollen Liebesschl\u00f6sser von K\u00f6lner Br\u00fcckengel\u00e4nder zu Geld machen. Teilweise heben Paare Schl\u00fcssel zu den Schl\u00f6ssern auf, teilweise werfen sie sie in den Rhein. Au\u00dferdem hat aber auch die Stadt K\u00f6ln Interesse an Schl\u00f6ssern am Br\u00fcckengel\u00e4nder, da touristische Sehensw\u00fcrdigkeit. A kundschaftet im Vorfeld Br\u00fccke aus und plant Tat, B schneidet dann alleine Schl\u00f6sser und ein Teil vom Gel\u00e4nder aus und nimmt sie an sich. Schl\u00f6sser und Gel\u00e4nder verkaufen sie dann an den C.<br \/>\nC weist A und B darauf hin, dass in Ferienbungalows des D Wertgegenst\u00e4nde zu holen sind und die Bungalows derzeit unbewohnt sind. A und B betreten einen dieser (unverschlossenen) Bungalows um Gegenst\u00e4nde an sich zu nehmen. Dabei treffen sie auf die Tochter E des D, die sich zuf\u00e4llig dort aufh\u00e4lt. A schl\u00e4gt diese nieder, dann schieben A und B Couch vor die T\u00fcr des Schlafzimmers um sie einzusperren. Danach nehmen sie den Laptop des D an sich und verlassen den Bungalow.<br \/>\nZusatzfrage: Kann D die Tochter E zu einer Aussage zwingen, wenn diese sich weigert polizeilich zu dem Sachverhalt auszusagen, weil sie keine Zeit hat.<\/p>\n<\/div>\n[\/vc_column_text][\/vc_column][\/vc_row][vc_row type=&#8220;full_width_background&#8220; scene_position=&#8220;center&#8220; text_color=&#8220;dark&#8220; text_align=&#8220;left&#8220; overlay_strength=&#8220;0.3&#8243;][vc_column column_padding=&#8220;no-extra-padding&#8220; column_padding_position=&#8220;all&#8220; background_color_opacity=&#8220;1&#8243; background_hover_color_opacity=&#8220;1&#8243; width=&#8220;1\/1&#8243;]<div  class=\"divider-border\"><\/div>[\/vc_column][\/vc_row]\n","protected":false},"excerpt":{"rendered":"<p>[vc_row type=&#8220;in_container&#8220; scene_position=&#8220;center&#8220; text_color=&#8220;dark&#8220; text_align=&#8220;left&#8220; overlay_strength=&#8220;0.3&#8243;][vc_column column_padding=&#8220;no-extra-padding&#8220; column_padding_position=&#8220;all&#8220; background_color_opacity=&#8220;1&#8243; background_hover_color_opacity=&#8220;1&#8243; width=&#8220;1\/1&#8243;][vc_column_text] Bei den nachfolgenden Klausurprotokoll handelt es sich um das Ged\u00e4chtnisprotokoll einer echten Klausur vom Februar 2019 im ersten Staatsexamen in NRW.\u00a0Das Protokoll stammt aus dem Fundus des Protokollverleihs\u00a0Juridicus.de. Die Schilderung des Falles und die L\u00f6sung beruhen ausschlie\u00dflich auf der Wahrnehmung des Pr\u00fcflings. [\/vc_column_text][vc_column_text] Pr\u00fcfungsfach:\u00a0 Strafrecht [\/vc_column_text][\/vc_column][\/vc_row][vc_row type=&#8220;in_container&#8220; scene_position=&#8220;center&#8220; text_color=&#8220;dark&#8220; text_align=&#8220;left&#8220; overlay_strength=&#8220;0.3&#8243;][vc_column column_padding=&#8220;no-extra-padding&#8220; column_padding_position=&#8220;all&#8220; background_color_opacity=&#8220;1&#8243; background_hover_color_opacity=&#8220;1&#8243; width=&#8220;1\/1&#8243;][vc_column_text] Ged\u00e4chnisprotokoll: A und&#8230;<\/p>\n","protected":false},"author":1755,"featured_media":0,"comment_status":"open","ping_status":"open","sticky":false,"template":"","format":"standard","meta":{"footnotes":""},"categories":[2222,2221,55,1715],"tags":[],"class_list":["post-14244","post","type-post","status-publish","format-standard","hentry","category-1-staatsexamen-klausurprotokoll","category-klausurprotokoll","category-magazin","category-strafrecht-rechtsgebiet"],"_links":{"self":[{"href":"https:\/\/www.juridicus.de\/blog\/wp-json\/wp\/v2\/posts\/14244","targetHints":{"allow":["GET"]}}],"collection":[{"href":"https:\/\/www.juridicus.de\/blog\/wp-json\/wp\/v2\/posts"}],"about":[{"href":"https:\/\/www.juridicus.de\/blog\/wp-json\/wp\/v2\/types\/post"}],"author":[{"embeddable":true,"href":"https:\/\/www.juridicus.de\/blog\/wp-json\/wp\/v2\/users\/1755"}],"replies":[{"embeddable":true,"href":"https:\/\/www.juridicus.de\/blog\/wp-json\/wp\/v2\/comments?post=14244"}],"version-history":[{"count":3,"href":"https:\/\/www.juridicus.de\/blog\/wp-json\/wp\/v2\/posts\/14244\/revisions"}],"predecessor-version":[{"id":15721,"href":"https:\/\/www.juridicus.de\/blog\/wp-json\/wp\/v2\/posts\/14244\/revisions\/15721"}],"wp:attachment":[{"href":"https:\/\/www.juridicus.de\/blog\/wp-json\/wp\/v2\/media?parent=14244"}],"wp:term":[{"taxonomy":"category","embeddable":true,"href":"https:\/\/www.juridicus.de\/blog\/wp-json\/wp\/v2\/categories?post=14244"},{"taxonomy":"post_tag","embeddable":true,"href":"https:\/\/www.juridicus.de\/blog\/wp-json\/wp\/v2\/tags?post=14244"}],"curies":[{"name":"wp","href":"https:\/\/api.w.org\/{rel}","templated":true}]}}