{"id":1518,"date":"2012-08-12T15:00:09","date_gmt":"2012-08-12T13:00:09","guid":{"rendered":"http:\/\/examensrelevant.de\/?p=1518"},"modified":"2018-12-14T02:27:13","modified_gmt":"2018-12-14T01:27:13","slug":"was-von-der-woche-ubrig-blieb-12-8-12","status":"publish","type":"post","link":"https:\/\/www.juridicus.de\/blog\/was-von-der-woche-ubrig-blieb-12-8-12\/","title":{"rendered":"Was von der Woche \u00fcbrig blieb (12.8.12)"},"content":{"rendered":"<div><span style=\"font-size: medium;\"><span style=\"line-height: 24px;\">Auch die Gerichte machen wohl Sommerpause, deshalb gab es diese Woche nichts Examensrelevantes zu berichten. Was sonst noch so anfiel hier in Kurzform:<\/span><\/span><\/div>\n<div><\/div>\n<ul>\n<li><a href=\"http:\/\/blog.strafrecht-online.de\/2012\/08\/zwei-jahre-sind-zu-lang-erstes-urteil-wegen-ueberlanger-verfahrensdauer\/\" target=\"_blank\">Strafrecht-Online.de: Zwei Jahre sind zu lang<\/a> &#8211; Zum Urteil des OVG Sachsen-Anhalt wegen \u00fcberlanger Verfahrensdauer<\/li>\n<li>EXPRESS.de: &#8222;<a href=\"http:\/\/www.express.de\/koeln\/junkie-verurteilt-liebesschloesser-dieb-muss-in-den-knast,2856,16852560.html\" target=\"_blank\">Liebesschl\u00f6sser-Dieb muss in den Knast<\/a>&#8220; &#8211; Das Amtsgericht K\u00f6ln erblickte in den beliebten Vorh\u00e4ngeschl\u00f6ssern an der Hohenzollernbr\u00fccke keine herrenlosen Sachen<\/li>\n<li>LTO.de: &#8222;<a href=\"http:\/\/www.lto.de\/recht\/nachrichten\/n\/bgh-zur-anwaltsverguetung-13-geschaeftsgebuehr-bleibt-regelfall\/\" target=\"_blank\">1,3 Gesch\u00e4ftsgeb\u00fchr bleibt die Regel<\/a>&#8222;<\/li>\n<li>FR-Online.de: &#8222;<a href=\"http:\/\/www.fr-online.de\/panorama\/thomas-quick-der-falsche-moerder,1472782,16837908.html\" target=\"_blank\">Thomas Quick: Der falsche M\u00f6rder<\/a>&#8222;<\/li>\n<li>LTO.de: &#8222;<a href=\"http:\/\/www.lto.de\/recht\/nachrichten\/n\/zwei-jahre-von-klageeingang-bis-verfahrensabschluss-sind-zu-lang-ueberlange-verfahrensdauer-entschaedigung\/\" target=\"_blank\">Zwei Jahre von Klageeingang bis Verfahrensabschluss sind zu lang<\/a>&#8220; &#8211; Das OVG Sachsen-Anhalt hat erstmals Schadensersatz wegen \u00fcberlanger Verfahrensdauer gew\u00e4hrt.<\/li>\n<\/ul>\n","protected":false},"excerpt":{"rendered":"<p>Auch die Gerichte machen wohl Sommerpause, deshalb gab es diese Woche nichts Examensrelevantes zu berichten. Was sonst noch so anfiel hier in Kurzform: Strafrecht-Online.de: Zwei Jahre sind zu lang &#8211; Zum Urteil des OVG Sachsen-Anhalt wegen \u00fcberlanger Verfahrensdauer EXPRESS.de: &#8222;Liebesschl\u00f6sser-Dieb muss in den Knast&#8220; &#8211; Das Amtsgericht K\u00f6ln erblickte in den beliebten Vorh\u00e4ngeschl\u00f6ssern an der Hohenzollernbr\u00fccke keine herrenlosen Sachen LTO.de: &#8222;1,3 Gesch\u00e4ftsgeb\u00fchr bleibt die Regel&#8222; FR-Online.de: &#8222;Thomas Quick: Der falsche&#8230;<\/p>\n","protected":false},"author":1755,"featured_media":0,"comment_status":"open","ping_status":"open","sticky":false,"template":"","format":"standard","meta":{"footnotes":""},"categories":[55],"tags":[],"class_list":["post-1518","post","type-post","status-publish","format-standard","hentry","category-magazin"],"_links":{"self":[{"href":"https:\/\/www.juridicus.de\/blog\/wp-json\/wp\/v2\/posts\/1518","targetHints":{"allow":["GET"]}}],"collection":[{"href":"https:\/\/www.juridicus.de\/blog\/wp-json\/wp\/v2\/posts"}],"about":[{"href":"https:\/\/www.juridicus.de\/blog\/wp-json\/wp\/v2\/types\/post"}],"author":[{"embeddable":true,"href":"https:\/\/www.juridicus.de\/blog\/wp-json\/wp\/v2\/users\/1755"}],"replies":[{"embeddable":true,"href":"https:\/\/www.juridicus.de\/blog\/wp-json\/wp\/v2\/comments?post=1518"}],"version-history":[{"count":1,"href":"https:\/\/www.juridicus.de\/blog\/wp-json\/wp\/v2\/posts\/1518\/revisions"}],"predecessor-version":[{"id":13397,"href":"https:\/\/www.juridicus.de\/blog\/wp-json\/wp\/v2\/posts\/1518\/revisions\/13397"}],"wp:attachment":[{"href":"https:\/\/www.juridicus.de\/blog\/wp-json\/wp\/v2\/media?parent=1518"}],"wp:term":[{"taxonomy":"category","embeddable":true,"href":"https:\/\/www.juridicus.de\/blog\/wp-json\/wp\/v2\/categories?post=1518"},{"taxonomy":"post_tag","embeddable":true,"href":"https:\/\/www.juridicus.de\/blog\/wp-json\/wp\/v2\/tags?post=1518"}],"curies":[{"name":"wp","href":"https:\/\/api.w.org\/{rel}","templated":true}]}}