{"id":15223,"date":"2021-02-02T12:00:09","date_gmt":"2021-02-02T11:00:09","guid":{"rendered":"https:\/\/www.juridicus.de\/blog\/?p=15223"},"modified":"2021-04-14T09:13:17","modified_gmt":"2021-04-14T07:13:17","slug":"protokoll-der-muendlichen-pruefung-zum-1-staatsexamen-brandenburg-vom-dezember-2020","status":"publish","type":"post","link":"https:\/\/www.juridicus.de\/blog\/protokoll-der-muendlichen-pruefung-zum-1-staatsexamen-brandenburg-vom-dezember-2020\/","title":{"rendered":"Protokoll der m\u00fcndlichen Pr\u00fcfung zum 1. Staatsexamen &#8211; Brandenburg vom Dezember 2020"},"content":{"rendered":"[vc_row type=&#8220;in_container&#8220; scene_position=&#8220;center&#8220; text_color=&#8220;dark&#8220; text_align=&#8220;left&#8220; overlay_strength=&#8220;0.3&#8243;][vc_column column_padding=&#8220;no-extra-padding&#8220; column_padding_position=&#8220;all&#8220; background_color_opacity=&#8220;1&#8243; background_hover_color_opacity=&#8220;1&#8243; width=&#8220;1\/1&#8243;][vc_column_text]\n<p style=\"text-align: justify;\">Bei den nachfolgenden anonymisierten Protokollen handelt es sich um eine Original-Mitschrift aus dem ersten\u00a0Staatsexamen der\u00a0<strong>M\u00fcndlichen Pr\u00fcfung in Brandenburg im Dezember 2020<\/strong>. Das Protokoll stammt aus dem Fundus des Protokollverleihs\u00a0<a href=\"http:\/\/www.juridicus.de\/pruefungsprotokolle\">Juridicus.de<\/a>.<\/p>\n<p style=\"text-align: justify;\">Weggelassen wurden die Angaben zum Pr\u00fcferverhalten. Die Schilderung des Falles und die L\u00f6sung beruhen ausschlie\u00dflich auf der Wahrnehmung des Pr\u00fcflings.<\/p>\n[\/vc_column_text][\/vc_column][\/vc_row][vc_row type=&#8220;in_container&#8220; scene_position=&#8220;center&#8220; text_color=&#8220;dark&#8220; text_align=&#8220;left&#8220; overlay_strength=&#8220;0.3&#8243;][vc_column column_padding=&#8220;no-extra-padding&#8220; column_padding_position=&#8220;all&#8220; background_color_opacity=&#8220;1&#8243; background_hover_color_opacity=&#8220;1&#8243; width=&#8220;1\/1&#8243;][vc_column_text]\n<h2>Pr\u00fcfungsthemen: Strafrecht<\/h2>\n[\/vc_column_text]<div  class=\"divider\"><\/div>[vc_column_text]\n<h2>Vorpunkte der Kandidaten<\/h2>\n[\/vc_column_text][vc_column_text]\n<table width=\"265\">\n<tbody>\n<tr>\n<td width=\"189\">Kandidat<\/td>\n<td width=\"76\">1<\/td>\n<\/tr>\n<tr>\n<td width=\"189\">Vorpunkte<\/td>\n<td width=\"76\">10,71<\/td>\n<\/tr>\n<tr>\n<td width=\"189\">Aktenvortrag<\/td>\n<td width=\"76\">8<\/td>\n<\/tr>\n<tr>\n<td width=\"189\">Zivilrecht<\/td>\n<td width=\"76\">14<\/td>\n<\/tr>\n<tr>\n<td width=\"189\">Strafrecht<\/td>\n<td width=\"76\">14<\/td>\n<\/tr>\n<tr>\n<td width=\"189\">\u00d6ffentliches Recht<\/td>\n<td width=\"76\">14<\/td>\n<\/tr>\n<tr>\n<td width=\"189\">Endpunkte<\/td>\n<td width=\"76\">11,14<\/td>\n<\/tr>\n<tr>\n<td width=\"189\">Endnote<\/td>\n<td width=\"76\">11,14<\/td>\n<\/tr>\n<\/tbody>\n<\/table>\n[\/vc_column_text]<div  class=\"divider\"><\/div>[vc_column_text]\n<h2 style=\"text-align: justify;\">Zur Sache:<\/h2>\n<p style=\"text-align: justify;\"><strong>Pr\u00fcfungsthemen:\u00a0<\/strong>Strafrechtlicher Fall mit insb. Totschlag und Mord,\u00a0K\u00f6rperverletzungsdelikten und Stra\u00dfenverkehrsdelikten<\/p>\n<p style=\"text-align: justify;\"><strong>Paragraphen:<\/strong><u>\u00a0<a href=\"https:\/\/dejure.org\/gesetze\/StGB\/212.html\">\u00a7212 StGB<\/a><a href=\"https:\/\/dejure.org\/gesetze\/StGB\/142.html\">, <\/a><a href=\"https:\/\/dejure.org\/gesetze\/StGB\/211.html\">\u00a7211 StGB<\/a><a href=\"https:\/\/dejure.org\/gesetze\/StGB\/142.html\">, <\/a><a href=\"https:\/\/dejure.org\/gesetze\/StGB\/226.html\">\u00a7226 StGB<\/a><a href=\"https:\/\/dejure.org\/gesetze\/StGB\/142.html\">, <\/a><a href=\"https:\/\/dejure.org\/gesetze\/StGB\/315c.html\">\u00a7315c StGB<\/a><a href=\"https:\/\/dejure.org\/gesetze\/StGB\/142.html\">, <\/a><a href=\"https:\/\/dejure.org\/gesetze\/StGB\/316.html\">\u00a7316 StGB<\/a><\/u><u><\/u><\/p>\n<p style=\"text-align: justify;\"><strong><span style=\"line-height: 1.5;\">Pr\u00fcfungsgespr\u00e4ch:\u00a0<\/span><\/strong>h\u00e4lt Reihenfolge ein, l\u00e4sst Meldungen zu, hart am Fall, Fragestellung klar<\/p>\n[\/vc_column_text][vc_column_text]\n[\/vc_column_text][\/vc_column][\/vc_row][vc_row type=&#8220;in_container&#8220; scene_position=&#8220;center&#8220; text_color=&#8220;dark&#8220; text_align=&#8220;left&#8220; overlay_strength=&#8220;0.3&#8243;][vc_column column_padding=&#8220;no-extra-padding&#8220; column_padding_position=&#8220;all&#8220; background_color_opacity=&#8220;1&#8243; background_hover_color_opacity=&#8220;1&#8243; width=&#8220;1\/1&#8243;][vc_column_text]\n<h2 style=\"text-align: justify;\">Pr\u00fcfungsgespr\u00e4ch:<\/h2>\n<p style=\"text-align: justify;\">Zu Beginn der Pr\u00fcfung teilte uns der Pr\u00fcfer einen Auszug aus einer Akte aus, den wir im Folgenden lesen sollten (dazu bekamen wir kurz Zeit und sollten ihm Bescheid geben, sobald wir den Fall gelesen hatten). Bez\u00fcglich der Einzelheiten des Falles bin ich mir leider nicht mehr 100% sicher, aber grob ging es darum, dass der Angeklagte X alkoholisiert auf einer Landstra\u00dfe unterwegs war und mit T\u00f6tungsvorsatz auf ein anderes Auto auffuhr, um den Fahrer des Autos (B) zu t\u00f6ten. Der Fahrer (B) bemerkte erst kurz vor dem Aufprall, dass der X versuchte, auf sein Auto aufzufahren. Der B verstarb allerdings nicht, sondern konnte gerettet werden. Zus\u00e4tzlich fand sich in der Akte noch ein Hinweis darauf, dass es beim Unfallopfer zu schweren und langfristigen Folgen kam (leider bin ich mir nicht mehr ganz sicher, was genau in dem Auszug stand, aber jedenfalls war deutlich erkennbar, dass man <a href=\"https:\/\/dejure.org\/gesetze\/StGB\/226.html\" target=\"_blank\" title=\"&sect; 226 StGB: Schwere K&ouml;rperverletzung\">\u00a7 226 StGB<\/a> pr\u00fcfen sollte). Ich begann die Pr\u00fcfung mit dem versuchten Mord nach <a href=\"https:\/\/dejure.org\/gesetze\/StGB\/211.html\" target=\"_blank\" title=\"&sect; 211 StGB: Mord\">\u00a7\u00a7 211<\/a>, <a href=\"https:\/\/dejure.org\/gesetze\/StGB\/22.html\" target=\"_blank\" title=\"&sect; 22 StGB: Begriffsbestimmung\">22<\/a>, <a href=\"https:\/\/dejure.org\/gesetze\/StGB\/23.html\" target=\"_blank\" title=\"&sect; 23 StGB: Strafbarkeit des Versuchs\">23<\/a> I StGB. Nach einer kurzen &#8211; hier unproblematischen &#8211; Vorpr\u00fcfung kam ich zum Tatentschluss. Dass der X T\u00f6tungsvorsatz hatte, war aus dem Aktenauszug relativ deutlich auszulesen, sodass ich den Vorsatz insoweit relativ knapp bejahte. Dann ging ich auf die Mordmerkmale ein. Da der Pr\u00fcfer mir das Wort mit der Aufforderung gegeben hatte, erst einmal &#8222;los zu pr\u00fcfen&#8220;, brachte ich f\u00fcr alle nicht vollkommen fernliegenden Pr\u00fcfungspunkte auch immer kurz die entsprechende Definition. Im Rahmen der Mordmerkmale begann ich mit der Pr\u00fcfung der Heimt\u00fccke, die ich nach kurzer Subsumtion bejahte. Darauffolgend pr\u00fcfte ich die Variante &#8222;mit gemeingef\u00e4hrlichen Mitteln&#8220;, die ich ebenfalls bejahte. Dann gab der Pr\u00fcfer das Wort an meinen Mitpr\u00fcfling weiter, der die niedrigen Beweggr\u00fcnde pr\u00fcfte (ob wir diese i.E. bejaht hatten, wei\u00df ich gar nicht mehr genau). Jedenfalls stellte der Pr\u00fcfer sodann die Frage, wieso man \u00fcberhaupt immer nach der Bejahung eines Mordmerkmales noch weiter pr\u00fcfen w\u00fcrde, ob nach andere Mordmerkmale einschl\u00e4gig seien, da ja nach <a href=\"https:\/\/dejure.org\/gesetze\/StGB\/211.html\" target=\"_blank\" title=\"&sect; 211 StGB: Mord\">\u00a7 211 I StGB<\/a> bereits bei Bejahung eines Mordmerkmals eine lebenslange Freiheitsstrafe besteht. Nach etwas Suchen und Hilfestellung vom Pr\u00fcfer kamen wir insoweit auf <a href=\"https:\/\/dejure.org\/gesetze\/StGB\/57a.html\" target=\"_blank\" title=\"&sect; 57a StGB: Aussetzung des Strafrestes bei lebenslanger Freiheitsstrafe\">\u00a7 57a I Nr. 2 StGB<\/a> (die Verwirklichung einer Reihe von Mordmerkmalen kann dazu f\u00fchren, dass die besondere Schwere der Schuld festgestellt wird und das kann u.U. einer Aussetzung des Strafrestes entgegenstehen). Soweit ich mich richtig erinnere, habe ich danach die <a href=\"https:\/\/dejure.org\/gesetze\/StGB\/223.html\" target=\"_blank\" title=\"&sect; 223 StGB: K&ouml;rperverletzung\">\u00a7\u00a7 223<\/a> I, <a href=\"https:\/\/dejure.org\/gesetze\/StGB\/224.html\" target=\"_blank\" title=\"&sect; 224 StGB: Gef&auml;hrliche K&ouml;rperverletzung\">224<\/a> I Nr. 2 Alt. 2, Nr. 3 und Nr. 5 StGB gepr\u00fcft, die ebenfalls relativ unproblematisch zu bejahen waren. Danach pr\u00fcft ein Mitpr\u00fcfling den <a href=\"https:\/\/dejure.org\/gesetze\/StGB\/226.html\" target=\"_blank\" title=\"&sect; 226 StGB: Schwere K&ouml;rperverletzung\">\u00a7 226 StGB<\/a>. Danach schlie\u00dflich kamen wir noch zu den\u00a0Verkehrsdelikten. Einer der anderen Mitpr\u00fcflinge begann zun\u00e4chst mit \u00a7 315c I Nr. 1a) StGB, der an sich auch durchging. Nach einem Hinweis durch den Pr\u00fcfer stellten wir allerdings fest, dass das Tatbestandsmerkmal &#8222;dadurch&#8220; in \u00a7 315c I Nr. 1a) hier problematisch war, weil die konkrete Gef\u00e4hrdung des B nicht auf die alkoholbedingte Fahrunt\u00fcchtigkeit des X zur\u00fcckzuf\u00fchren war, da ja der X vielmehr vors\u00e4tzlich (und sogar mit dolus directus 1. Grades) handelte. Mit dieser Begr\u00fcndung lehnten wir \u00a7 315c I Nr. 1a) schlie\u00dflich ab und kamen zu <a href=\"https:\/\/dejure.org\/gesetze\/StGB\/315b.html\" target=\"_blank\" title=\"&sect; 315b StGB: Gef&auml;hrliche Eingriffe in den Stra&szlig;enverkehr\">\u00a7 315b I Nr. 3 StGB<\/a> und dem klassischen Problem des pervertierten Inneneingriffs. Diesen bejahte ich nach kurzer Herleitung und sprach dann noch kurz die Qualifikation des <a href=\"https:\/\/dejure.org\/gesetze\/StGB\/315b.html\" target=\"_blank\" title=\"&sect; 315b StGB: Gef&auml;hrliche Eingriffe in den Stra&szlig;enverkehr\">\u00a7 315b<\/a> III i.V.m. <a href=\"https:\/\/dejure.org\/gesetze\/StGB\/315.html\" target=\"_blank\" title=\"&sect; 315 StGB: Gef&auml;hrliche Eingriffe in den Bahn-, Schiffs- und Luftverkehr\">\u00a7 315 III StGB<\/a> an, die ebenfalls zu bejahen war. In dem uns vorgelegten Aktenauszug gab es auch einen zweiten Tatkomplex, auf den wir allerdings aus Zeitgr\u00fcnden kaum eingingen. Zu pr\u00fcfende Delikte w\u00e4ren u.a. <a href=\"https:\/\/dejure.org\/gesetze\/StGB\/142.html\" target=\"_blank\" title=\"&sect; 142 StGB: Unerlaubtes Entfernen vom Unfallort\">\u00a7\u00a7 142<\/a>, <a href=\"https:\/\/dejure.org\/gesetze\/StGB\/222.html\" target=\"_blank\" title=\"&sect; 222 StGB: Fahrl&auml;ssige T&ouml;tung\">222<\/a> und <a href=\"https:\/\/dejure.org\/gesetze\/StGB\/212.html\" target=\"_blank\" title=\"&sect; 212 StGB: Totschlag\">\u00a7\u00a7 212<\/a>, <a href=\"https:\/\/dejure.org\/gesetze\/StGB\/13.html\" target=\"_blank\" title=\"&sect; 13 StGB: Begehen durch Unterlassen\">13<\/a> I StGB gewesen (insoweit ist meine Erinnerung ehrlicherweise allerdings auch etwas verschwommen). Zum Ende der Pr\u00fcfung stellte der Pr\u00fcfer schlie\u00dflich noch ein paar StPO-Fragen, bei denen er jedoch entweder gro\u00dfz\u00fcgig Hilfe gab oder die bereits mit Basiswissen\/mit Lekt\u00fcre des Gesetzes beantwortet werden konnten.<\/p>\n[\/vc_column_text][\/vc_column][\/vc_row][vc_row type=&#8220;full_width_background&#8220; scene_position=&#8220;center&#8220; text_color=&#8220;dark&#8220; text_align=&#8220;left&#8220; overlay_strength=&#8220;0.3&#8243;][vc_column column_padding=&#8220;no-extra-padding&#8220; column_padding_position=&#8220;all&#8220; background_color_opacity=&#8220;1&#8243; background_hover_color_opacity=&#8220;1&#8243; width=&#8220;1\/1&#8243;]<div  class=\"divider\"><\/div>[\/vc_column][\/vc_row]\n","protected":false},"excerpt":{"rendered":"<p>[vc_row type=&#8220;in_container&#8220; scene_position=&#8220;center&#8220; text_color=&#8220;dark&#8220; text_align=&#8220;left&#8220; overlay_strength=&#8220;0.3&#8243;][vc_column column_padding=&#8220;no-extra-padding&#8220; column_padding_position=&#8220;all&#8220; background_color_opacity=&#8220;1&#8243; background_hover_color_opacity=&#8220;1&#8243; width=&#8220;1\/1&#8243;][vc_column_text] Bei den nachfolgenden anonymisierten Protokollen handelt es sich um eine Original-Mitschrift aus dem ersten\u00a0Staatsexamen der\u00a0M\u00fcndlichen Pr\u00fcfung in Brandenburg im Dezember 2020. Das Protokoll stammt aus dem Fundus des Protokollverleihs\u00a0Juridicus.de. Weggelassen wurden die Angaben zum Pr\u00fcferverhalten. Die Schilderung des Falles und die L\u00f6sung beruhen ausschlie\u00dflich auf der Wahrnehmung des Pr\u00fcflings. [\/vc_column_text][\/vc_column][\/vc_row][vc_row type=&#8220;in_container&#8220; scene_position=&#8220;center&#8220; text_color=&#8220;dark&#8220; text_align=&#8220;left&#8220; overlay_strength=&#8220;0.3&#8243;][vc_column column_padding=&#8220;no-extra-padding&#8220; column_padding_position=&#8220;all&#8220; background_color_opacity=&#8220;1&#8243; background_hover_color_opacity=&#8220;1&#8243;&#8230;<\/p>\n","protected":false},"author":1755,"featured_media":0,"comment_status":"open","ping_status":"open","sticky":false,"template":"","format":"standard","meta":{"footnotes":""},"categories":[2024,2010,55,1715],"tags":[],"class_list":["post-15223","post","type-post","status-publish","format-standard","hentry","category-1-staatsexamen","category-protokolle","category-magazin","category-strafrecht-rechtsgebiet"],"_links":{"self":[{"href":"https:\/\/www.juridicus.de\/blog\/wp-json\/wp\/v2\/posts\/15223","targetHints":{"allow":["GET"]}}],"collection":[{"href":"https:\/\/www.juridicus.de\/blog\/wp-json\/wp\/v2\/posts"}],"about":[{"href":"https:\/\/www.juridicus.de\/blog\/wp-json\/wp\/v2\/types\/post"}],"author":[{"embeddable":true,"href":"https:\/\/www.juridicus.de\/blog\/wp-json\/wp\/v2\/users\/1755"}],"replies":[{"embeddable":true,"href":"https:\/\/www.juridicus.de\/blog\/wp-json\/wp\/v2\/comments?post=15223"}],"version-history":[{"count":2,"href":"https:\/\/www.juridicus.de\/blog\/wp-json\/wp\/v2\/posts\/15223\/revisions"}],"predecessor-version":[{"id":15373,"href":"https:\/\/www.juridicus.de\/blog\/wp-json\/wp\/v2\/posts\/15223\/revisions\/15373"}],"wp:attachment":[{"href":"https:\/\/www.juridicus.de\/blog\/wp-json\/wp\/v2\/media?parent=15223"}],"wp:term":[{"taxonomy":"category","embeddable":true,"href":"https:\/\/www.juridicus.de\/blog\/wp-json\/wp\/v2\/categories?post=15223"},{"taxonomy":"post_tag","embeddable":true,"href":"https:\/\/www.juridicus.de\/blog\/wp-json\/wp\/v2\/tags?post=15223"}],"curies":[{"name":"wp","href":"https:\/\/api.w.org\/{rel}","templated":true}]}}