{"id":16833,"date":"2023-02-21T12:00:52","date_gmt":"2023-02-21T11:00:52","guid":{"rendered":"https:\/\/www.juridicus.de\/blog\/?p=16833"},"modified":"2023-02-13T09:50:02","modified_gmt":"2023-02-13T08:50:02","slug":"protokoll-der-muendlichen-pruefung-zum-1-staatsexamen-bayern-vom-januar-2023","status":"publish","type":"post","link":"https:\/\/www.juridicus.de\/blog\/protokoll-der-muendlichen-pruefung-zum-1-staatsexamen-bayern-vom-januar-2023\/","title":{"rendered":"Protokoll der m\u00fcndlichen Pr\u00fcfung zum 1. Staatsexamen &#8211; Bayern vom Januar 2023"},"content":{"rendered":"[vc_row type=&#8220;in_container&#8220; scene_position=&#8220;center&#8220; text_color=&#8220;dark&#8220; text_align=&#8220;left&#8220; overlay_strength=&#8220;0.3&#8243;][vc_column column_padding=&#8220;no-extra-padding&#8220; column_padding_position=&#8220;all&#8220; background_color_opacity=&#8220;1&#8243; background_hover_color_opacity=&#8220;1&#8243; width=&#8220;1\/1&#8243;][vc_column_text]\n<h2>Pr\u00fcfungsthemen: \u00d6ffentliches Recht<\/h2>\n[\/vc_column_text]<div  class=\"divider\"><\/div>[vc_column_text]\n<h2 style=\"text-align: justify;\">Vorpunkte der Kandidaten<\/h2>\n[\/vc_column_text][vc_column_text]\n<table width=\"265\">\n<tbody>\n<tr>\n<td width=\"189\">\n<p style=\"text-align: left;\">Kandidat<\/p>\n<\/td>\n<td width=\"76\">\n<p style=\"text-align: center;\">1<\/p>\n<\/td>\n<\/tr>\n<tr>\n<td width=\"189\">\n<p style=\"text-align: left;\">Note staatl. Teil 1. Examen<\/p>\n<\/td>\n<td width=\"76\">\n<p style=\"text-align: center;\">11,25<\/p>\n<\/td>\n<\/tr>\n<tr>\n<td width=\"189\">\n<p style=\"text-align: left;\">Gesamtnote 1. Examen<\/p>\n<\/td>\n<td width=\"76\">\n<p style=\"text-align: center;\">11,8<\/p>\n<\/td>\n<\/tr>\n<\/tbody>\n<\/table>\n[\/vc_column_text]<div  class=\"divider\"><\/div>[vc_column_text]\n<h2 style=\"text-align: justify;\">Zur Sache:<\/h2>\n<p style=\"text-align: justify;\"><strong>Pr\u00fcfungsstoff: <\/strong>aktuelle F\u00e4lle<\/p>\n<p style=\"text-align: justify;\"><strong>Pr\u00fcfungsthemen: <\/strong>Neuer Verteidigungsminister. Geplante Wahlrechtsreform<\/p>\n<p style=\"text-align: justify;\"><strong>Paragraphen:<\/strong> <a href=\"https:\/\/dejure.org\/gesetze\/GG\/65.html\">\u00a765 GG<\/a><\/p>\n<p style=\"text-align: justify;\"><strong><span style=\"line-height: 1.5;\">Pr\u00fcfungsgespr\u00e4ch:<\/span><\/strong>\u00a0Frage-Antwort,\u00a0Intensivbefragung Einzelner, verfolgt Zwischenthemen, l\u00e4sst sich ablenken<\/p>\n[\/vc_column_text][vc_column_text]\n[\/vc_column_text][\/vc_column][\/vc_row][vc_row type=&#8220;in_container&#8220; scene_position=&#8220;center&#8220; text_color=&#8220;dark&#8220; text_align=&#8220;left&#8220; overlay_strength=&#8220;0.3&#8243;][vc_column column_padding=&#8220;no-extra-padding&#8220; column_padding_position=&#8220;all&#8220; background_color_opacity=&#8220;1&#8243; background_hover_color_opacity=&#8220;1&#8243; width=&#8220;1\/1&#8243;][vc_column_text]\n<h2 style=\"text-align: justify;\">Pr\u00fcfungsgespr\u00e4ch:<\/h2>\n<p style=\"text-align: justify;\">Der Pr\u00fcfer pr\u00fcft immer tagesaktuelle Themen. Hierauf m\u00fcsst ihr euch einstellen. Bei uns ging es um die geplante Wahlrechtsreform und die Ministerien (am Tag der Pr\u00fcfung wurde Herr Pistorius als neuer Verteidigungsminister vorgestellt). Zu Beginn der Pr\u00fcfung schaute der Pr\u00fcfer auf sein Handy, ob schon der neue Nachfolger von Frau Lambrecht feststand. Dies war nicht der Fall. Dann fragte er den ersten Pr\u00fcfling, wo im Gesetz, denn etwas zu den Ministerien steht (<a href=\"https:\/\/dejure.org\/gesetze\/GG\/62.html\" target=\"_blank\" title=\"Art. 62 GG\">Art. 62 ff GG<\/a>). Dann wollte er wissen, wie man den Minister wird (<a href=\"https:\/\/dejure.org\/gesetze\/GG\/64.html\" target=\"_blank\" title=\"Art. 64 GG\">Art. 64 GG<\/a>). Anschlie\u00dfend an diese\u00a0Frage wollte er dann wissen, wie man diesen Posten wieder verlieren kann (Antwort auch in <a href=\"https:\/\/dejure.org\/gesetze\/GG\/64.html\" target=\"_blank\" title=\"Art. 64 GG\">Art. 64 GG<\/a>). Danach wollte er noch wissen, welche allgemeinen &#8222;Rechte&#8220; der Bundeskanzler sonst noch so besitzt (z. B. <a href=\"https:\/\/dejure.org\/gesetze\/GG\/65.html\" target=\"_blank\" title=\"Art. 65 GG\">Art 65 I GG<\/a> Richtlinienkompetenz). Er wollte dann weiterwissen, welche Ministerien wir, denn so kennen und von welchem Minister diese geleitet werden. Der Professor wies darauf hin, dass es zwei verschiedene Arten von Ministerien gibt. Er wollte wissen welche Arten diese sind. Richtige Antwort war, dass es einerseits st\u00e4ndige Ministerien (diese m\u00fcssen nach jeder Bundestagswahl in jeder Bundesregierung gebildet werden) und andererseits nicht obligatorische Ministerien gibt. Verpflichtende Ministerien sind z. B. das Verteidigungsministerium und das Finanzministerium. Diese beiden Ministerien sind verpflichtend, weil sie unmittelbar im Grundgesetz erw\u00e4hnt sind. Dann ging es mit dem n\u00e4chsten Thema &#8211; der geplanten Wahlrechtsreform &#8211; weiter. Dieses Thema diente zum Gl\u00fcck jedoch nur als allgemeiner Aufh\u00e4nger. Der Professor wollte keine Details hierzu wissen, sondern allein allgemeine Fragen zum Thema Wahl stellen. Hierbei kam ein Pr\u00fcfling dann auf <a href=\"https:\/\/dejure.org\/gesetze\/GG\/38.html\" target=\"_blank\" title=\"Art. 38 GG\">Art. 38 GG<\/a> zu sprechen. In diesem Artikel sind die verschiedenen Wahlrechtsgrunds\u00e4tze aufgez\u00e4hlt. Diese sollten definiert werden. Ich glaube es wurde sehr honoriert, als hier die Begriffe Z\u00e4hlwertgleichheit und Erfolgswertgleichheit von einem Pr\u00fcfling gebracht wurden. Dann stellte der Professor eine fiktive Frage: &#8222;Welche Grunds\u00e4tze w\u00e4ren ber\u00fchrt, wenn man den Parteien vorschreiben w\u00fcrde, dass auf ihren Kandidatenlisten zu 50 % M\u00e4nner und zu 50 % Frauen vertreten sein m\u00fcssen&#8220;. Auf diese Frage wusste keiner der Kandidaten eine Antwort. Der Professor ritt hierauf nicht lange herum und ging \u00fcber zur n\u00e4chsten Frage. Dann erw\u00e4hnte er, dass bei so einer Regelung in den <a href=\"https:\/\/dejure.org\/gesetze\/GG\/21.html\" target=\"_blank\" title=\"Art. 21 GG\">Art. 21 GG<\/a> eingegriffen werden k\u00f6nnte. Er wollte nun, dass wir eine sch\u00f6ne Grundrechtspr\u00fcfung aufbauen und argumentieren, wie ein Eingriff in <a href=\"https:\/\/dejure.org\/gesetze\/GG\/21.html\" target=\"_blank\" title=\"Art. 21 GG\">Art. 21 GG<\/a> gerechtfertigt sein k\u00f6nnte. In diesem Zusammenhang sollte der <a href=\"https:\/\/dejure.org\/gesetze\/GG\/3.html\" target=\"_blank\" title=\"Art. 3 GG\">Art. 3 II GG<\/a> und das Stichwort &#8222;Staatszielbestimmung&#8220; fallen. Weiter kam man dann noch auf <a href=\"https:\/\/dejure.org\/gesetze\/GG\/3.html\" target=\"_blank\" title=\"Art. 3 GG\">Art. 3 III GG<\/a> und den <a href=\"https:\/\/dejure.org\/gesetze\/GG\/33.html\" target=\"_blank\" title=\"Art. 33 GG\">Art. 33 II GG<\/a> sprechen. Hierbei sollte erl\u00e4utert werden, wo diese Vorschriften bei einer Grundrechtspr\u00fcfung relevant werden (bei der Rechtfertigung). Dann wollte der Pr\u00fcfer noch allgemein von einem Pr\u00fcfling wissen, wo denn das Organstreitverfahren geregelt ist. Dies wurde leider nicht gewusst. An dieser Stelle konnte man die Entt\u00e4uschung vom Pr\u00fcfer leider merken. Abschlie\u00dfend kann ich Euch folgenden Rat ans Herz legen: Habt die Basics im Verfassungsrecht, Staatsorganisationsrecht und Europarecht drauf!! Was sitzen muss ist der allgemeine Grundrechtsaufbau (ist fast der gleiche Aufbau wie bei den Grundfreiheiten). Verkopft euch nicht mit irgendwelchem Detailwissen. Schaut die Wochen vor der Pr\u00fcfung jeden Abend Tagesschau und \u00fcberlegt euch, ob zu diesen Themen irgendetwas im Grundgesetz geregelt ist.<\/p>\n[\/vc_column_text]<div  class=\"divider\"><\/div>[vc_column_text]\n<p style=\"text-align: justify;\">Bei den obigen anonymisierten Protokollen handelt es sich um eine Original-Mitschrift aus dem ersten Staatsexamen der\u00a0<strong>M\u00fcndlichen Pr\u00fcfung in Bayern im Januar 2023<\/strong>. Das Protokoll stammt aus dem Fundus des Protokollverleihs\u00a0<a href=\"http:\/\/www.juridicus.de\/pruefungsprotokolle\">Juridicus.de<\/a>.<\/p>\n<p style=\"text-align: justify;\">Weggelassen wurden die Angaben zum Pr\u00fcferverhalten. Die Schilderung des Falles und die L\u00f6sung beruhen ausschlie\u00dflich auf der Wahrnehmung des Pr\u00fcflings.<\/p>\n[\/vc_column_text][\/vc_column][\/vc_row][vc_row type=&#8220;in_container&#8220; scene_position=&#8220;center&#8220; text_color=&#8220;dark&#8220; text_align=&#8220;left&#8220; overlay_strength=&#8220;0.3&#8243;][vc_column column_padding=&#8220;no-extra-padding&#8220; column_padding_position=&#8220;all&#8220; background_color_opacity=&#8220;1&#8243; background_hover_color_opacity=&#8220;1&#8243; width=&#8220;1\/1&#8243;][vc_column_text]\n[\/vc_column_text][\/vc_column][\/vc_row][vc_row type=&#8220;full_width_background&#8220; scene_position=&#8220;center&#8220; text_color=&#8220;dark&#8220; text_align=&#8220;left&#8220; overlay_strength=&#8220;0.3&#8243;][vc_column column_padding=&#8220;no-extra-padding&#8220; column_padding_position=&#8220;all&#8220; background_color_opacity=&#8220;1&#8243; background_hover_color_opacity=&#8220;1&#8243; width=&#8220;1\/1&#8243;]<div  class=\"divider\"><\/div>[\/vc_column][\/vc_row]\n","protected":false},"excerpt":{"rendered":"<p>[vc_row type=&#8220;in_container&#8220; scene_position=&#8220;center&#8220; text_color=&#8220;dark&#8220; text_align=&#8220;left&#8220; overlay_strength=&#8220;0.3&#8243;][vc_column column_padding=&#8220;no-extra-padding&#8220; column_padding_position=&#8220;all&#8220; background_color_opacity=&#8220;1&#8243; background_hover_color_opacity=&#8220;1&#8243; width=&#8220;1\/1&#8243;][vc_column_text] Pr\u00fcfungsthemen: \u00d6ffentliches Recht [\/vc_column_text][vc_column_text] Vorpunkte der Kandidaten [\/vc_column_text][vc_column_text] Kandidat 1 Note staatl. Teil 1. Examen 11,25 Gesamtnote 1. Examen 11,8 [\/vc_column_text][vc_column_text] Zur Sache: Pr\u00fcfungsstoff: aktuelle F\u00e4lle Pr\u00fcfungsthemen: Neuer Verteidigungsminister. Geplante Wahlrechtsreform Paragraphen: \u00a765 GG Pr\u00fcfungsgespr\u00e4ch:\u00a0Frage-Antwort,\u00a0Intensivbefragung Einzelner, verfolgt Zwischenthemen, l\u00e4sst sich ablenken [\/vc_column_text][vc_column_text] [\/vc_column_text][\/vc_column][\/vc_row][vc_row type=&#8220;in_container&#8220; scene_position=&#8220;center&#8220; text_color=&#8220;dark&#8220; text_align=&#8220;left&#8220; overlay_strength=&#8220;0.3&#8243;][vc_column column_padding=&#8220;no-extra-padding&#8220; column_padding_position=&#8220;all&#8220; background_color_opacity=&#8220;1&#8243; background_hover_color_opacity=&#8220;1&#8243; width=&#8220;1\/1&#8243;][vc_column_text] Pr\u00fcfungsgespr\u00e4ch: Der Pr\u00fcfer pr\u00fcft immer tagesaktuelle&#8230;<\/p>\n","protected":false},"author":1755,"featured_media":0,"comment_status":"open","ping_status":"open","sticky":false,"template":"","format":"standard","meta":{"footnotes":""},"categories":[2024,1711,2010,55],"tags":[],"class_list":["post-16833","post","type-post","status-publish","format-standard","hentry","category-1-staatsexamen","category-offentliches-recht-rechtsgebiet","category-protokolle","category-magazin"],"_links":{"self":[{"href":"https:\/\/www.juridicus.de\/blog\/wp-json\/wp\/v2\/posts\/16833","targetHints":{"allow":["GET"]}}],"collection":[{"href":"https:\/\/www.juridicus.de\/blog\/wp-json\/wp\/v2\/posts"}],"about":[{"href":"https:\/\/www.juridicus.de\/blog\/wp-json\/wp\/v2\/types\/post"}],"author":[{"embeddable":true,"href":"https:\/\/www.juridicus.de\/blog\/wp-json\/wp\/v2\/users\/1755"}],"replies":[{"embeddable":true,"href":"https:\/\/www.juridicus.de\/blog\/wp-json\/wp\/v2\/comments?post=16833"}],"version-history":[{"count":1,"href":"https:\/\/www.juridicus.de\/blog\/wp-json\/wp\/v2\/posts\/16833\/revisions"}],"predecessor-version":[{"id":16834,"href":"https:\/\/www.juridicus.de\/blog\/wp-json\/wp\/v2\/posts\/16833\/revisions\/16834"}],"wp:attachment":[{"href":"https:\/\/www.juridicus.de\/blog\/wp-json\/wp\/v2\/media?parent=16833"}],"wp:term":[{"taxonomy":"category","embeddable":true,"href":"https:\/\/www.juridicus.de\/blog\/wp-json\/wp\/v2\/categories?post=16833"},{"taxonomy":"post_tag","embeddable":true,"href":"https:\/\/www.juridicus.de\/blog\/wp-json\/wp\/v2\/tags?post=16833"}],"curies":[{"name":"wp","href":"https:\/\/api.w.org\/{rel}","templated":true}]}}