{"id":17038,"date":"2023-07-12T09:00:51","date_gmt":"2023-07-12T07:00:51","guid":{"rendered":"https:\/\/www.juridicus.de\/blog\/?p=17038"},"modified":"2023-07-05T13:20:33","modified_gmt":"2023-07-05T11:20:33","slug":"gedaechtnisprotokoll-einer-echten-klausur-zum-1-staatsexamen-saarland-im-februar-2023","status":"publish","type":"post","link":"https:\/\/www.juridicus.de\/blog\/gedaechtnisprotokoll-einer-echten-klausur-zum-1-staatsexamen-saarland-im-februar-2023\/","title":{"rendered":"Ged\u00e4chtnisprotokoll einer echten Klausur zum 1. Staatsexamen &#8211; Saarland im Februar 2023"},"content":{"rendered":"[vc_row type=&#8220;in_container&#8220; scene_position=&#8220;center&#8220; text_color=&#8220;dark&#8220; text_align=&#8220;left&#8220; overlay_strength=&#8220;0.3&#8243;][vc_column column_padding=&#8220;no-extra-padding&#8220; column_padding_position=&#8220;all&#8220; background_color_opacity=&#8220;1&#8243; background_hover_color_opacity=&#8220;1&#8243; width=&#8220;1\/1&#8243;]<div  class=\"divider\"><\/div>[vc_column_text]\n<h2>Pr\u00fcfungsfach:\u00a0 \u00d6ffentliches Recht<\/h2>\n[\/vc_column_text][\/vc_column][\/vc_row][vc_row type=&#8220;in_container&#8220; scene_position=&#8220;center&#8220; text_color=&#8220;dark&#8220; text_align=&#8220;left&#8220; overlay_strength=&#8220;0.3&#8243;][vc_column column_padding=&#8220;no-extra-padding&#8220; column_padding_position=&#8220;all&#8220; background_color_opacity=&#8220;1&#8243; background_hover_color_opacity=&#8220;1&#8243; width=&#8220;1\/1&#8243;][vc_column_text]\n<h2 style=\"text-align: justify;\">Ged\u00e4chnisprotokoll:<\/h2>\n<p style=\"text-align: justify;\">Der Landtag des Saarlandes beschlie\u00dft das saarl\u00e4ndische Gesetz zur Verarbeitung personenbezogener Daten durch die Polizei (SPolDVG). Dieses regelt in \u00a7 35 SPolDVG, dass die Polizei unter bestimmten Voraussetzungen durch \u00dcberwachung und Aufzeichnung der Telekomunikation, personenbezogene Daten erheben kann. Dies betrifft insbesondere Personen, die die St\u00f6rereigenschaft des SPolG erf\u00fcllen sowie Personen die die Begehung von Straftaten nach <a href=\"https:\/\/dejure.org\/gesetze\/StPO\/100b.html\" target=\"_blank\" title=\"&sect; 100b StPO: Online-Durchsuchung\">\u00a7 100b StPO<\/a> planen. Die \u00dcberwachung und Aufzeichnung ist der personenbezogenen Daten Dritter ist ebenso erlaubt, wenn dies aus technischen Gr\u00fcnden unvermeidbar ist. Der eingetragene Verein V f\u00fcrchtet, dass er selbt oder seine Mitglieder von einer \u00dcberwachung und Aufzeichnung durch die Polizei betroffen sein k\u00f6nnte. Daher m\u00f6chte der Verein f\u00fcr sich selbst sowie f\u00fcr seine Mitglieder M1 und M2 Verfassungsbeschwerde gegen das SPolDVG erheben. Hierbei r\u00fcgt der Verein eine Verletzung seines Grundrechts auf informationelle Selbstbestimmung sowie das &#8222;Computergrundrecht&#8220; sowie die gleichen Grundrechte seiner Mitglieder M1 und M2. Frage 1: Hat die Verfassungsbeschwerde des Vereins Aussicht auf Erfolg? Frage 2: Kann der Verein auch eine Verfassungsbeschwerde im Namen seiner Mitglieder einlegen? weitere Information: der \u00a7 35 SPolDVG wurde nach dem Sachverhalt abgedruckt<\/p>\n[\/vc_column_text]<div  class=\"divider\"><\/div>[vc_column_text]\n<p style=\"text-align: justify;\">Bei den obigen Klausurprotokoll handelt es sich um das Ged\u00e4chtnisprotokoll einer <strong>echten Klausur vom Februar 2023 im ersten Staatsexamen im Saarland.<\/strong>\u00a0Das Protokoll stammt aus dem Fundus des Protokollverleihs\u00a0<a href=\"http:\/\/www.juridicus.de\/pruefungsprotokolle\">Juridicus.de<\/a>.<\/p>\n<p style=\"text-align: justify;\">Die Schilderung des Falles und die L\u00f6sung beruhen ausschlie\u00dflich auf der Wahrnehmung des Pr\u00fcflings.<\/p>\n[\/vc_column_text][\/vc_column][\/vc_row][vc_row type=&#8220;full_width_background&#8220; scene_position=&#8220;center&#8220; text_color=&#8220;dark&#8220; text_align=&#8220;left&#8220; overlay_strength=&#8220;0.3&#8243;][vc_column column_padding=&#8220;no-extra-padding&#8220; column_padding_position=&#8220;all&#8220; background_color_opacity=&#8220;1&#8243; background_hover_color_opacity=&#8220;1&#8243; width=&#8220;1\/1&#8243;]<div  class=\"divider-border\"><\/div>[\/vc_column][\/vc_row]\n","protected":false},"excerpt":{"rendered":"<p>[vc_row type=&#8220;in_container&#8220; scene_position=&#8220;center&#8220; text_color=&#8220;dark&#8220; text_align=&#8220;left&#8220; overlay_strength=&#8220;0.3&#8243;][vc_column column_padding=&#8220;no-extra-padding&#8220; column_padding_position=&#8220;all&#8220; background_color_opacity=&#8220;1&#8243; background_hover_color_opacity=&#8220;1&#8243; width=&#8220;1\/1&#8243;][vc_column_text] Pr\u00fcfungsfach:\u00a0 \u00d6ffentliches Recht [\/vc_column_text][\/vc_column][\/vc_row][vc_row type=&#8220;in_container&#8220; scene_position=&#8220;center&#8220; text_color=&#8220;dark&#8220; text_align=&#8220;left&#8220; overlay_strength=&#8220;0.3&#8243;][vc_column column_padding=&#8220;no-extra-padding&#8220; column_padding_position=&#8220;all&#8220; background_color_opacity=&#8220;1&#8243; background_hover_color_opacity=&#8220;1&#8243; width=&#8220;1\/1&#8243;][vc_column_text] Ged\u00e4chnisprotokoll: Der Landtag des Saarlandes beschlie\u00dft das saarl\u00e4ndische Gesetz zur Verarbeitung personenbezogener Daten durch die Polizei (SPolDVG). Dieses regelt in \u00a7 35 SPolDVG, dass die Polizei unter bestimmten Voraussetzungen durch \u00dcberwachung und Aufzeichnung der Telekomunikation, personenbezogene Daten erheben kann. Dies betrifft insbesondere Personen, die die&#8230;<\/p>\n","protected":false},"author":1755,"featured_media":0,"comment_status":"open","ping_status":"open","sticky":false,"template":"","format":"standard","meta":{"footnotes":""},"categories":[2222,2221,1711,55],"tags":[],"class_list":["post-17038","post","type-post","status-publish","format-standard","hentry","category-1-staatsexamen-klausurprotokoll","category-klausurprotokoll","category-offentliches-recht-rechtsgebiet","category-magazin"],"_links":{"self":[{"href":"https:\/\/www.juridicus.de\/blog\/wp-json\/wp\/v2\/posts\/17038","targetHints":{"allow":["GET"]}}],"collection":[{"href":"https:\/\/www.juridicus.de\/blog\/wp-json\/wp\/v2\/posts"}],"about":[{"href":"https:\/\/www.juridicus.de\/blog\/wp-json\/wp\/v2\/types\/post"}],"author":[{"embeddable":true,"href":"https:\/\/www.juridicus.de\/blog\/wp-json\/wp\/v2\/users\/1755"}],"replies":[{"embeddable":true,"href":"https:\/\/www.juridicus.de\/blog\/wp-json\/wp\/v2\/comments?post=17038"}],"version-history":[{"count":4,"href":"https:\/\/www.juridicus.de\/blog\/wp-json\/wp\/v2\/posts\/17038\/revisions"}],"predecessor-version":[{"id":17046,"href":"https:\/\/www.juridicus.de\/blog\/wp-json\/wp\/v2\/posts\/17038\/revisions\/17046"}],"wp:attachment":[{"href":"https:\/\/www.juridicus.de\/blog\/wp-json\/wp\/v2\/media?parent=17038"}],"wp:term":[{"taxonomy":"category","embeddable":true,"href":"https:\/\/www.juridicus.de\/blog\/wp-json\/wp\/v2\/categories?post=17038"},{"taxonomy":"post_tag","embeddable":true,"href":"https:\/\/www.juridicus.de\/blog\/wp-json\/wp\/v2\/tags?post=17038"}],"curies":[{"name":"wp","href":"https:\/\/api.w.org\/{rel}","templated":true}]}}