{"id":17182,"date":"2023-10-11T09:00:01","date_gmt":"2023-10-11T07:00:01","guid":{"rendered":"https:\/\/www.juridicus.de\/blog\/?p=17182"},"modified":"2023-10-03T14:32:12","modified_gmt":"2023-10-03T12:32:12","slug":"gedaechtnisprotokoll-einer-echten-klausur-zum-1-staatsexamen-niedersachsen-vom-april-2023-2","status":"publish","type":"post","link":"https:\/\/www.juridicus.de\/blog\/gedaechtnisprotokoll-einer-echten-klausur-zum-1-staatsexamen-niedersachsen-vom-april-2023-2\/","title":{"rendered":"Ged\u00e4chtnisprotokoll einer echten Klausur zum 1. Staatsexamen &#8211; Niedersachsen vom April 2023"},"content":{"rendered":"[vc_row type=&#8220;in_container&#8220; scene_position=&#8220;center&#8220; text_color=&#8220;dark&#8220; text_align=&#8220;left&#8220; overlay_strength=&#8220;0.3&#8243;][vc_column column_padding=&#8220;no-extra-padding&#8220; column_padding_position=&#8220;all&#8220; background_color_opacity=&#8220;1&#8243; background_hover_color_opacity=&#8220;1&#8243; width=&#8220;1\/1&#8243;]<div  class=\"divider\"><\/div>[vc_column_text]\n<h2>Pr\u00fcfungsfach:\u00a0 Strafrecht<\/h2>\n[\/vc_column_text][\/vc_column][\/vc_row][vc_row type=&#8220;in_container&#8220; scene_position=&#8220;center&#8220; text_color=&#8220;dark&#8220; text_align=&#8220;left&#8220; overlay_strength=&#8220;0.3&#8243;][vc_column column_padding=&#8220;no-extra-padding&#8220; column_padding_position=&#8220;all&#8220; background_color_opacity=&#8220;1&#8243; background_hover_color_opacity=&#8220;1&#8243; width=&#8220;1\/1&#8243;][vc_column_text]\n<h2>Ged\u00e4chnisprotokoll:<\/h2>\n<div>\n<div style=\"text-align: justify;\">\n<p>Die Strafbarkeit des T wurde in der ersten Aufgabe abgefragt, der von einem Familienvater V ,,Bares&#8220; verlangte und ihn sodann mit Gewalt niederschlug. Den Tod des V hielt der T f\u00fcr m\u00f6glich, sah aber dar\u00fcber hinweg. Nachdem der V bewusstlos am Boden lag, nahm T die Tasche des V mit und stellte entsetzt fest, dass kein Bargeld enthalten war. Die Tasche schmiss T sodann in den Fluss. Der im Kinderwagen befindliche S, mit dem V spazieren ging, konnte sich daraus befreien, lief in die N\u00e4he eines H\u00fcgel, st\u00fcrzte diesen hinunter, fiel in den See und ertrank. R informierte einen Passanten, dass V bewusstlos sei und Hilfe ben\u00f6tigt. V fl\u00fcchtete sodann. P rief den Notarzt. Diese konnten den V durch eine Notoperation retten. Wie hat sich der T strafbar gemacht? Ggf. erforderliche Strafantr\u00e4ge gelten als gestellt. Hier war der Schwerpunkt beim versuchten Mord, dem R\u00fccktritt, dem versuchten Raub mit Todesfolge (Tasche war ohne Bargeld) und nat\u00fcrlich der fahrl\u00e4ssigen T\u00f6tung an dem S. Die zweite Aufgabe war prozessrechtlich und verlangte vom Pr\u00fcfling, ob eine bestimmte Person als Zeuge im Prozess benannt werden darf. Angesichts der fortgeschrittenen Zeit, war die Bearbeitung der Aufgabe f\u00fcr mich nicht mehr m\u00f6glich.<\/p>\n<\/div>\n<\/div>\n[\/vc_column_text]<div  class=\"divider\"><\/div>[vc_column_text]\n<p style=\"text-align: justify;\">Bei den obigen Klausurprotokoll handelt es sich um das Ged\u00e4chtnisprotokoll einer <strong>echten Klausur vom April 2023 im ersten Staatsexamen in Niedersachsen.<\/strong>\u00a0Das Protokoll stammt aus dem Fundus des Protokollverleihs\u00a0<a href=\"http:\/\/www.juridicus.de\/pruefungsprotokolle\">Juridicus.de<\/a>.<\/p>\n<p style=\"text-align: justify;\">Die Schilderung des Falles und die L\u00f6sung beruhen ausschlie\u00dflich auf der Wahrnehmung des Pr\u00fcflings.<\/p>\n[\/vc_column_text][\/vc_column][\/vc_row][vc_row type=&#8220;full_width_background&#8220; scene_position=&#8220;center&#8220; text_color=&#8220;dark&#8220; text_align=&#8220;left&#8220; overlay_strength=&#8220;0.3&#8243;][vc_column column_padding=&#8220;no-extra-padding&#8220; column_padding_position=&#8220;all&#8220; background_color_opacity=&#8220;1&#8243; background_hover_color_opacity=&#8220;1&#8243; width=&#8220;1\/1&#8243;]<div  class=\"divider-border\"><\/div>[\/vc_column][\/vc_row]\n","protected":false},"excerpt":{"rendered":"<p>[vc_row type=&#8220;in_container&#8220; scene_position=&#8220;center&#8220; text_color=&#8220;dark&#8220; text_align=&#8220;left&#8220; overlay_strength=&#8220;0.3&#8243;][vc_column column_padding=&#8220;no-extra-padding&#8220; column_padding_position=&#8220;all&#8220; background_color_opacity=&#8220;1&#8243; background_hover_color_opacity=&#8220;1&#8243; width=&#8220;1\/1&#8243;][vc_column_text] Pr\u00fcfungsfach:\u00a0 Strafrecht [\/vc_column_text][\/vc_column][\/vc_row][vc_row type=&#8220;in_container&#8220; scene_position=&#8220;center&#8220; text_color=&#8220;dark&#8220; text_align=&#8220;left&#8220; overlay_strength=&#8220;0.3&#8243;][vc_column column_padding=&#8220;no-extra-padding&#8220; column_padding_position=&#8220;all&#8220; background_color_opacity=&#8220;1&#8243; background_hover_color_opacity=&#8220;1&#8243; width=&#8220;1\/1&#8243;][vc_column_text] Ged\u00e4chnisprotokoll: Die Strafbarkeit des T wurde in der ersten Aufgabe abgefragt, der von einem Familienvater V ,,Bares&#8220; verlangte und ihn sodann mit Gewalt niederschlug. Den Tod des V hielt der T f\u00fcr m\u00f6glich, sah aber dar\u00fcber hinweg. Nachdem der V bewusstlos am Boden lag, nahm T&#8230;<\/p>\n","protected":false},"author":1755,"featured_media":0,"comment_status":"open","ping_status":"open","sticky":false,"template":"","format":"standard","meta":{"footnotes":""},"categories":[2222,2221,55,1715],"tags":[],"class_list":["post-17182","post","type-post","status-publish","format-standard","hentry","category-1-staatsexamen-klausurprotokoll","category-klausurprotokoll","category-magazin","category-strafrecht-rechtsgebiet"],"_links":{"self":[{"href":"https:\/\/www.juridicus.de\/blog\/wp-json\/wp\/v2\/posts\/17182","targetHints":{"allow":["GET"]}}],"collection":[{"href":"https:\/\/www.juridicus.de\/blog\/wp-json\/wp\/v2\/posts"}],"about":[{"href":"https:\/\/www.juridicus.de\/blog\/wp-json\/wp\/v2\/types\/post"}],"author":[{"embeddable":true,"href":"https:\/\/www.juridicus.de\/blog\/wp-json\/wp\/v2\/users\/1755"}],"replies":[{"embeddable":true,"href":"https:\/\/www.juridicus.de\/blog\/wp-json\/wp\/v2\/comments?post=17182"}],"version-history":[{"count":1,"href":"https:\/\/www.juridicus.de\/blog\/wp-json\/wp\/v2\/posts\/17182\/revisions"}],"predecessor-version":[{"id":17183,"href":"https:\/\/www.juridicus.de\/blog\/wp-json\/wp\/v2\/posts\/17182\/revisions\/17183"}],"wp:attachment":[{"href":"https:\/\/www.juridicus.de\/blog\/wp-json\/wp\/v2\/media?parent=17182"}],"wp:term":[{"taxonomy":"category","embeddable":true,"href":"https:\/\/www.juridicus.de\/blog\/wp-json\/wp\/v2\/categories?post=17182"},{"taxonomy":"post_tag","embeddable":true,"href":"https:\/\/www.juridicus.de\/blog\/wp-json\/wp\/v2\/tags?post=17182"}],"curies":[{"name":"wp","href":"https:\/\/api.w.org\/{rel}","templated":true}]}}