{"id":17253,"date":"2023-12-02T09:00:22","date_gmt":"2023-12-02T08:00:22","guid":{"rendered":"https:\/\/www.juridicus.de\/blog\/?p=17253"},"modified":"2023-11-24T09:44:49","modified_gmt":"2023-11-24T08:44:49","slug":"gedaechtnisprotokoll-einer-echten-klausur-zum-2-staatsexamen-mecklenburg-vorpommern-vom-august-2023","status":"publish","type":"post","link":"https:\/\/www.juridicus.de\/blog\/gedaechtnisprotokoll-einer-echten-klausur-zum-2-staatsexamen-mecklenburg-vorpommern-vom-august-2023\/","title":{"rendered":"Ged\u00e4chtnisprotokoll einer echten Klausur zum 2. Staatsexamen &#8211; Mecklenburg-Vorpommern vom August 2023"},"content":{"rendered":"[vc_row type=&#8220;in_container&#8220; scene_position=&#8220;center&#8220; text_color=&#8220;dark&#8220; text_align=&#8220;left&#8220; overlay_strength=&#8220;0.3&#8243;][vc_column column_padding=&#8220;no-extra-padding&#8220; column_padding_position=&#8220;all&#8220; background_color_opacity=&#8220;1&#8243; background_hover_color_opacity=&#8220;1&#8243; width=&#8220;1\/1&#8243;]<div  class=\"divider\"><\/div>[vc_column_text]\n<h2>Pr\u00fcfungsfach: \u00a0Strafrecht<\/h2>\n[\/vc_column_text][\/vc_column][\/vc_row][vc_row type=&#8220;in_container&#8220; scene_position=&#8220;center&#8220; text_color=&#8220;dark&#8220; text_align=&#8220;left&#8220; overlay_strength=&#8220;0.3&#8243;][vc_column column_padding=&#8220;no-extra-padding&#8220; column_padding_position=&#8220;all&#8220; background_color_opacity=&#8220;1&#8243; background_hover_color_opacity=&#8220;1&#8243; width=&#8220;1\/1&#8243;][vc_column_text]\n<h2>Ged\u00e4chtnisprotokoll:<\/h2>\n<div>\n<div style=\"text-align: justify;\">\n<p>Klimakleberfall: 1. Handlungsabschnitt: Der Beschuldigte, ein Strafrichter a.D und &#8222;letzte Generation&#8220;-Sympathisant, blockiert zun\u00e4chst mit seinem Bollerwagen und seiner Person die Zufahrt eines Automobilherstellers um so gezielt einen Stau f\u00fcr die an- und abfahrenden LKW herbeizuf\u00fchren. Vorher bespr\u00fcht er noch eine Wand des Werkes mit wasserl\u00f6slicher Farbe. Nach mehrfacher Aufforderung durch die Polizei folgte er dieser an den Seitenrand, sodass sich der Stau aufl\u00f6sen konnte. 2. Handlungsabschnitt: T\u00e4ter begab sich in einen Kreisel in Krankenhausn\u00e4he, zog sich dort die Hose runter und klebte sich mit seinem Ges\u00e4\u00df auf dem Boden fest. Es dauerte eine Weile, bis die Polizei ihn mit entsprechenden L\u00f6sungsmitteln vom Boden l\u00f6sen konnte. In der Zwischenzeit bildete sich ein Stau von Kraftfahrzeugen. In diesem befand sich auch ein Krankenwagen, der einen Patienten an Bord hatte, der einen Herzinfarkt (o.\u00c4.) erlitten hatte. Ein Gutachten ergab, dass der Patient noch vor Eintreffen in dem Kreisel der Patient in dem Krankenwagen hirntot war, eine Reanimation war erfolglos. Der T\u00e4ter kannte die r\u00e4umlichen Gegebenheiten, insbesondere wusste er, dass sich der Kreisel in Krankenhausn\u00e4he befindet, da sich in unmittelbarer Umgebung sein Elternhaus befand.<\/p>\n<\/div>\n<\/div>\n[\/vc_column_text]<div  class=\"divider\"><\/div>[vc_column_text]\n<p style=\"text-align: justify;\">Bei den obigen Klausurprotokoll handelt es sich um das Ged\u00e4chtnisprotokoll einer <strong>echten Klausur vom August 2023 im zweiten Staatsexamen in Mecklenburg-Vorpommern<\/strong><strong>.<\/strong>\u00a0Das Protokoll stammt aus dem Fundus des Protokollverleihs\u00a0<a href=\"http:\/\/www.juridicus.de\/pruefungsprotokolle\">Juridicus.de<\/a>.<\/p>\n<p style=\"text-align: justify;\">Die Schilderung des Falles und die L\u00f6sung beruhen ausschlie\u00dflich auf der Wahrnehmung des Pr\u00fcflings.<\/p>\n[\/vc_column_text][\/vc_column][\/vc_row][vc_row type=&#8220;full_width_background&#8220; scene_position=&#8220;center&#8220; text_color=&#8220;dark&#8220; text_align=&#8220;left&#8220; overlay_strength=&#8220;0.3&#8243;][vc_column column_padding=&#8220;no-extra-padding&#8220; column_padding_position=&#8220;all&#8220; background_color_opacity=&#8220;1&#8243; background_hover_color_opacity=&#8220;1&#8243; width=&#8220;1\/1&#8243;]<div  class=\"divider-border\"><\/div>[\/vc_column][\/vc_row]\n","protected":false},"excerpt":{"rendered":"<p>[vc_row type=&#8220;in_container&#8220; scene_position=&#8220;center&#8220; text_color=&#8220;dark&#8220; text_align=&#8220;left&#8220; overlay_strength=&#8220;0.3&#8243;][vc_column column_padding=&#8220;no-extra-padding&#8220; column_padding_position=&#8220;all&#8220; background_color_opacity=&#8220;1&#8243; background_hover_color_opacity=&#8220;1&#8243; width=&#8220;1\/1&#8243;][vc_column_text] Pr\u00fcfungsfach: \u00a0Strafrecht [\/vc_column_text][\/vc_column][\/vc_row][vc_row type=&#8220;in_container&#8220; scene_position=&#8220;center&#8220; text_color=&#8220;dark&#8220; text_align=&#8220;left&#8220; overlay_strength=&#8220;0.3&#8243;][vc_column column_padding=&#8220;no-extra-padding&#8220; column_padding_position=&#8220;all&#8220; background_color_opacity=&#8220;1&#8243; background_hover_color_opacity=&#8220;1&#8243; width=&#8220;1\/1&#8243;][vc_column_text] Ged\u00e4chtnisprotokoll: Klimakleberfall: 1. Handlungsabschnitt: Der Beschuldigte, ein Strafrichter a.D und &#8222;letzte Generation&#8220;-Sympathisant, blockiert zun\u00e4chst mit seinem Bollerwagen und seiner Person die Zufahrt eines Automobilherstellers um so gezielt einen Stau f\u00fcr die an- und abfahrenden LKW herbeizuf\u00fchren. Vorher bespr\u00fcht er noch eine Wand des Werkes mit wasserl\u00f6slicher&#8230;<\/p>\n","protected":false},"author":1755,"featured_media":0,"comment_status":"open","ping_status":"open","sticky":false,"template":"","format":"standard","meta":{"footnotes":""},"categories":[2223,2221,55,1715],"tags":[],"class_list":["post-17253","post","type-post","status-publish","format-standard","hentry","category-2-staatsexamen-klausurprotokoll","category-klausurprotokoll","category-magazin","category-strafrecht-rechtsgebiet"],"_links":{"self":[{"href":"https:\/\/www.juridicus.de\/blog\/wp-json\/wp\/v2\/posts\/17253","targetHints":{"allow":["GET"]}}],"collection":[{"href":"https:\/\/www.juridicus.de\/blog\/wp-json\/wp\/v2\/posts"}],"about":[{"href":"https:\/\/www.juridicus.de\/blog\/wp-json\/wp\/v2\/types\/post"}],"author":[{"embeddable":true,"href":"https:\/\/www.juridicus.de\/blog\/wp-json\/wp\/v2\/users\/1755"}],"replies":[{"embeddable":true,"href":"https:\/\/www.juridicus.de\/blog\/wp-json\/wp\/v2\/comments?post=17253"}],"version-history":[{"count":1,"href":"https:\/\/www.juridicus.de\/blog\/wp-json\/wp\/v2\/posts\/17253\/revisions"}],"predecessor-version":[{"id":17254,"href":"https:\/\/www.juridicus.de\/blog\/wp-json\/wp\/v2\/posts\/17253\/revisions\/17254"}],"wp:attachment":[{"href":"https:\/\/www.juridicus.de\/blog\/wp-json\/wp\/v2\/media?parent=17253"}],"wp:term":[{"taxonomy":"category","embeddable":true,"href":"https:\/\/www.juridicus.de\/blog\/wp-json\/wp\/v2\/categories?post=17253"},{"taxonomy":"post_tag","embeddable":true,"href":"https:\/\/www.juridicus.de\/blog\/wp-json\/wp\/v2\/tags?post=17253"}],"curies":[{"name":"wp","href":"https:\/\/api.w.org\/{rel}","templated":true}]}}