{"id":17355,"date":"2024-02-07T09:00:59","date_gmt":"2024-02-07T08:00:59","guid":{"rendered":"https:\/\/www.juridicus.de\/blog\/?p=17355"},"modified":"2024-01-31T11:05:20","modified_gmt":"2024-01-31T10:05:20","slug":"gedaechtnisprotokoll-einer-echten-klausur-zum-1-staatsexamen-nrw-im-august-2023","status":"publish","type":"post","link":"https:\/\/www.juridicus.de\/blog\/gedaechtnisprotokoll-einer-echten-klausur-zum-1-staatsexamen-nrw-im-august-2023\/","title":{"rendered":"Ged\u00e4chtnisprotokoll einer echten Klausur zum 1. Staatsexamen &#8211; NRW im August 2023"},"content":{"rendered":"[vc_row type=&#8220;in_container&#8220; scene_position=&#8220;center&#8220; text_color=&#8220;dark&#8220; text_align=&#8220;left&#8220; overlay_strength=&#8220;0.3&#8243;][vc_column column_padding=&#8220;no-extra-padding&#8220; column_padding_position=&#8220;all&#8220; background_color_opacity=&#8220;1&#8243; background_hover_color_opacity=&#8220;1&#8243; width=&#8220;1\/1&#8243;]<div  class=\"divider\"><\/div>[vc_column_text]\n<h2>Pr\u00fcfungsfach:\u00a0 \u00d6ffentliches Recht<\/h2>\n[\/vc_column_text][\/vc_column][\/vc_row][vc_row type=&#8220;in_container&#8220; scene_position=&#8220;center&#8220; text_color=&#8220;dark&#8220; text_align=&#8220;left&#8220; overlay_strength=&#8220;0.3&#8243;][vc_column column_padding=&#8220;no-extra-padding&#8220; column_padding_position=&#8220;all&#8220; background_color_opacity=&#8220;1&#8243; background_hover_color_opacity=&#8220;1&#8243; width=&#8220;1\/1&#8243;][vc_column_text]\n<h2 style=\"text-align: justify;\">Ged\u00e4chnisprotokoll:<\/h2>\n<p style=\"text-align: justify;\">S, die Hobbyreiterin ist, m\u00f6chte auf einem Grundst\u00fcck im Au\u00dfenbereich der 5000-Einwohner-Gemeinde G im Kreis K einen Pferdestall nur zu Hobbyzwecken errichten. Das Grundst\u00fcck ist unbebaut und die angrenzenden Grundst\u00fccke auch. Der Pferdestall wird im Au\u00dfenbereich gebaut. Der Landrat L \u00e4u\u00dferte sich m\u00fcndlich, dass dies erlaubt sein k\u00f6nnte. S bittet um schriftliche Best\u00e4tigung. Nach Zustimmung der G erl\u00e4sst L am 05.02.22 einen Bescheid, in dem er die sp\u00e4tere Erteilung der Baugenehmigung zusichert. Der Bescheid wird S am 07.02.22 zugestellt. Ca. 1 Jahr sp\u00e4ter kommt L zu dem Schluss, dass das Vorhaben im Au\u00dfenbereich unzul\u00e4ssig ist. Daraufhin wird ein R\u00fccknahmebescheid erlassen mit Rechtsbehelfsbelehrung. (Genaue Formulierung kann ich nicht wiedergeben, es war jedenfalls zu pr\u00fcfen, ob die fehlerhaft war.) Bescheid wird am 02.02.23 mit Postzustellungsurkunde im Briefkasten gelegt. S war auf Urlaubsreise. Am 21.03.23 erhebt sie Klage vor dem \u00f6rtlich zust\u00e4ndigen Verwaltungsgericht. Nach Klageerhebung, \u00fcberlegt L, dass S nicht angeh\u00f6rt wurde. Sie schickt ein Schreiben an S, nach dem sie sich zur Sache \u00e4u\u00dfern kann. S schickt ein Schreiben zur\u00fcck, in dem sie sich zur Sache \u00e4u\u00dfert. L sendet einen zweiten R\u00fccknahmebescheid an S. Hat die Klage der S Erfolg? Zu pr\u00fcfen war <a href=\"https:\/\/dejure.org\/gesetze\/BVwVfG\/48.html\" target=\"_blank\" title=\"&sect; 48 BVwVfG: R&uuml;cknahme eines rechtswidrigen Verwaltungsaktes\">\u00a7 48 VwVfG<\/a> NRW, sowie die relevanten baurechtlichen Vorschriften. In der Zul\u00e4ssigkeit gab es auch noch ein Problem mit der Frist.<\/p>\n[\/vc_column_text]<div  class=\"divider\"><\/div>[vc_column_text]\n<p style=\"text-align: justify;\">Bei den obigen Klausurprotokoll handelt es sich um das Ged\u00e4chtnisprotokoll einer <strong>echten Klausur vom August 2023 im ersten Staatsexamen in NRW.<\/strong>\u00a0Das Protokoll stammt aus dem Fundus des Protokollverleihs\u00a0<a href=\"http:\/\/www.juridicus.de\/pruefungsprotokolle\">Juridicus.de<\/a>.<\/p>\n<p style=\"text-align: justify;\">Die Schilderung des Falles und die L\u00f6sung beruhen ausschlie\u00dflich auf der Wahrnehmung des Pr\u00fcflings.<\/p>\n[\/vc_column_text][\/vc_column][\/vc_row][vc_row type=&#8220;full_width_background&#8220; scene_position=&#8220;center&#8220; text_color=&#8220;dark&#8220; text_align=&#8220;left&#8220; overlay_strength=&#8220;0.3&#8243;][vc_column column_padding=&#8220;no-extra-padding&#8220; column_padding_position=&#8220;all&#8220; background_color_opacity=&#8220;1&#8243; background_hover_color_opacity=&#8220;1&#8243; width=&#8220;1\/1&#8243;]<div  class=\"divider-border\"><\/div>[\/vc_column][\/vc_row]\n","protected":false},"excerpt":{"rendered":"<p>[vc_row type=&#8220;in_container&#8220; scene_position=&#8220;center&#8220; text_color=&#8220;dark&#8220; text_align=&#8220;left&#8220; overlay_strength=&#8220;0.3&#8243;][vc_column column_padding=&#8220;no-extra-padding&#8220; column_padding_position=&#8220;all&#8220; background_color_opacity=&#8220;1&#8243; background_hover_color_opacity=&#8220;1&#8243; width=&#8220;1\/1&#8243;][vc_column_text] Pr\u00fcfungsfach:\u00a0 \u00d6ffentliches Recht [\/vc_column_text][\/vc_column][\/vc_row][vc_row type=&#8220;in_container&#8220; scene_position=&#8220;center&#8220; text_color=&#8220;dark&#8220; text_align=&#8220;left&#8220; overlay_strength=&#8220;0.3&#8243;][vc_column column_padding=&#8220;no-extra-padding&#8220; column_padding_position=&#8220;all&#8220; background_color_opacity=&#8220;1&#8243; background_hover_color_opacity=&#8220;1&#8243; width=&#8220;1\/1&#8243;][vc_column_text] Ged\u00e4chnisprotokoll: S, die Hobbyreiterin ist, m\u00f6chte auf einem Grundst\u00fcck im Au\u00dfenbereich der 5000-Einwohner-Gemeinde G im Kreis K einen Pferdestall nur zu Hobbyzwecken errichten. Das Grundst\u00fcck ist unbebaut und die angrenzenden Grundst\u00fccke auch. Der Pferdestall wird im Au\u00dfenbereich gebaut. Der Landrat L \u00e4u\u00dferte sich m\u00fcndlich, dass&#8230;<\/p>\n","protected":false},"author":1755,"featured_media":0,"comment_status":"open","ping_status":"open","sticky":false,"template":"","format":"standard","meta":{"footnotes":""},"categories":[2222,2221,1711,55],"tags":[],"class_list":["post-17355","post","type-post","status-publish","format-standard","hentry","category-1-staatsexamen-klausurprotokoll","category-klausurprotokoll","category-offentliches-recht-rechtsgebiet","category-magazin"],"_links":{"self":[{"href":"https:\/\/www.juridicus.de\/blog\/wp-json\/wp\/v2\/posts\/17355","targetHints":{"allow":["GET"]}}],"collection":[{"href":"https:\/\/www.juridicus.de\/blog\/wp-json\/wp\/v2\/posts"}],"about":[{"href":"https:\/\/www.juridicus.de\/blog\/wp-json\/wp\/v2\/types\/post"}],"author":[{"embeddable":true,"href":"https:\/\/www.juridicus.de\/blog\/wp-json\/wp\/v2\/users\/1755"}],"replies":[{"embeddable":true,"href":"https:\/\/www.juridicus.de\/blog\/wp-json\/wp\/v2\/comments?post=17355"}],"version-history":[{"count":1,"href":"https:\/\/www.juridicus.de\/blog\/wp-json\/wp\/v2\/posts\/17355\/revisions"}],"predecessor-version":[{"id":17356,"href":"https:\/\/www.juridicus.de\/blog\/wp-json\/wp\/v2\/posts\/17355\/revisions\/17356"}],"wp:attachment":[{"href":"https:\/\/www.juridicus.de\/blog\/wp-json\/wp\/v2\/media?parent=17355"}],"wp:term":[{"taxonomy":"category","embeddable":true,"href":"https:\/\/www.juridicus.de\/blog\/wp-json\/wp\/v2\/categories?post=17355"},{"taxonomy":"post_tag","embeddable":true,"href":"https:\/\/www.juridicus.de\/blog\/wp-json\/wp\/v2\/tags?post=17355"}],"curies":[{"name":"wp","href":"https:\/\/api.w.org\/{rel}","templated":true}]}}