{"id":17373,"date":"2024-02-17T09:00:02","date_gmt":"2024-02-17T08:00:02","guid":{"rendered":"https:\/\/www.juridicus.de\/blog\/?p=17373"},"modified":"2024-02-12T10:45:35","modified_gmt":"2024-02-12T09:45:35","slug":"gedaechtnisprotokoll-einer-echten-klausur-zum-2-staatsexamen-nrw-vom-september-2023","status":"publish","type":"post","link":"https:\/\/www.juridicus.de\/blog\/gedaechtnisprotokoll-einer-echten-klausur-zum-2-staatsexamen-nrw-vom-september-2023\/","title":{"rendered":"Ged\u00e4chtnisprotokoll einer echten Klausur zum 2. Staatsexamen &#8211; NRW vom September 2023"},"content":{"rendered":"[vc_row type=&#8220;in_container&#8220; scene_position=&#8220;center&#8220; text_color=&#8220;dark&#8220; text_align=&#8220;left&#8220; overlay_strength=&#8220;0.3&#8243;][vc_column column_padding=&#8220;no-extra-padding&#8220; column_padding_position=&#8220;all&#8220; background_color_opacity=&#8220;1&#8243; background_hover_color_opacity=&#8220;1&#8243; width=&#8220;1\/1&#8243;]<div  class=\"divider\"><\/div>[vc_column_text]\n<h2>Pr\u00fcfungsfach:\u00a0 \u00d6ffentliches Recht<\/h2>\n[\/vc_column_text][\/vc_column][\/vc_row][vc_row type=&#8220;in_container&#8220; scene_position=&#8220;center&#8220; text_color=&#8220;dark&#8220; text_align=&#8220;left&#8220; overlay_strength=&#8220;0.3&#8243;][vc_column column_padding=&#8220;no-extra-padding&#8220; column_padding_position=&#8220;all&#8220; background_color_opacity=&#8220;1&#8243; background_hover_color_opacity=&#8220;1&#8243; width=&#8220;1\/1&#8243;][vc_column_text]\n<h2 style=\"text-align: justify;\">Ged\u00e4chtnisprotokoll:<\/h2>\n<p style=\"text-align: justify;\">Folgender Fall wurde als Anwaltsklausur abgefragt: VG D\u00fcsseldorf, Beschluss vom 28.06.2018 &#8211; <a href=\"https:\/\/dejure.org\/dienste\/vernetzung\/rechtsprechung?Text=15%20L%201022\/18\" target=\"_blank\" title=\"VG D&uuml;sseldorf, 28.06.2018 - 15 L 1022\/18: Virtuelles Haurecht des AStA als Organ der Studierend...\">15 L 1022\/18<\/a> Die Mandantin betrieb unter dem Pseudonym &#8222;Direkte Aktion in M\u00fcnster&#8220; eine Facebook-Seite auf der sie Beitr\u00e4ge und Kritiken zu aktuellen Hochschul-Themen postete. Unter anderem kritisierte sie den AStA. In diesem Zusammenhang kommentierte sie auf der Facebook-Seite des AStA einen Beitrag und verlinkte einen Beitrag des AStA auf ihrer Facebookseite. Der AStA sperrte mit Verweis auf seine sogenannten Netiquette ihren Zugriff auf die Facebookseite des AStA. Dagegen wollte sich die Mandantin nun wenden. Da sie ein Auslandssemester plane bestand keine Eile. Zul\u00e4ssigkeitsprobleme waren die Er\u00f6ffnung des \u00f6ffentlich-rechtlichen Rechtswegs und die statthafte Antragsart (\u00a7 123 oder \u00a7 80 V). In der Begr\u00fcndetheit kam es dann auf eine Subsumption unter die Netiquette des AStA an, sowie um die Einordnung der Facebookseite &#8222;Direkte Aktion&#8220;. Im Ergebnis war der \u00f6ffentliche rechtliche Rechtsweg gegeben. Es handelt sich um eine Ma\u00dfnahme des Sofortvollzugs, welche rechtswidrig war, da die Mandantin nicht gegen die Netiquette versto\u00dfen hatte.<\/p>\n[\/vc_column_text]<div  class=\"divider\"><\/div>[vc_column_text]\n<p style=\"text-align: justify;\">Bei den obigen Klausurprotokoll handelt es sich um das Ged\u00e4chtnisprotokoll einer <b>echten Klausur vom September 2023 im zweiten Staatsexamen in NRW.<\/b>\u00a0Das Protokoll stammt aus dem Fundus des Protokollverleihs\u00a0<a href=\"http:\/\/www.juridicus.de\/pruefungsprotokolle\">Juridicus.de<\/a>.<\/p>\n<p style=\"text-align: justify;\">Die Schilderung des Falles und die L\u00f6sung beruhen ausschlie\u00dflich auf der Wahrnehmung des Pr\u00fcflings.<\/p>\n[\/vc_column_text][\/vc_column][\/vc_row][vc_row type=&#8220;full_width_background&#8220; scene_position=&#8220;center&#8220; text_color=&#8220;dark&#8220; text_align=&#8220;left&#8220; overlay_strength=&#8220;0.3&#8243;][vc_column column_padding=&#8220;no-extra-padding&#8220; column_padding_position=&#8220;all&#8220; background_color_opacity=&#8220;1&#8243; background_hover_color_opacity=&#8220;1&#8243; width=&#8220;1\/1&#8243;]<div  class=\"divider-border\"><\/div>[\/vc_column][\/vc_row]\n","protected":false},"excerpt":{"rendered":"<p>[vc_row type=&#8220;in_container&#8220; scene_position=&#8220;center&#8220; text_color=&#8220;dark&#8220; text_align=&#8220;left&#8220; overlay_strength=&#8220;0.3&#8243;][vc_column column_padding=&#8220;no-extra-padding&#8220; column_padding_position=&#8220;all&#8220; background_color_opacity=&#8220;1&#8243; background_hover_color_opacity=&#8220;1&#8243; width=&#8220;1\/1&#8243;][vc_column_text] Pr\u00fcfungsfach:\u00a0 \u00d6ffentliches Recht [\/vc_column_text][\/vc_column][\/vc_row][vc_row type=&#8220;in_container&#8220; scene_position=&#8220;center&#8220; text_color=&#8220;dark&#8220; text_align=&#8220;left&#8220; overlay_strength=&#8220;0.3&#8243;][vc_column column_padding=&#8220;no-extra-padding&#8220; column_padding_position=&#8220;all&#8220; background_color_opacity=&#8220;1&#8243; background_hover_color_opacity=&#8220;1&#8243; width=&#8220;1\/1&#8243;][vc_column_text] Ged\u00e4chtnisprotokoll: Folgender Fall wurde als Anwaltsklausur abgefragt: VG D\u00fcsseldorf, Beschluss vom 28.06.2018 &#8211; 15 L 1022\/18 Die Mandantin betrieb unter dem Pseudonym &#8222;Direkte Aktion in M\u00fcnster&#8220; eine Facebook-Seite auf der sie Beitr\u00e4ge und Kritiken zu aktuellen Hochschul-Themen postete. Unter anderem kritisierte sie den AStA. In&#8230;<\/p>\n","protected":false},"author":1755,"featured_media":0,"comment_status":"open","ping_status":"open","sticky":false,"template":"","format":"standard","meta":{"footnotes":""},"categories":[2223,2221,1711,55],"tags":[],"class_list":["post-17373","post","type-post","status-publish","format-standard","hentry","category-2-staatsexamen-klausurprotokoll","category-klausurprotokoll","category-offentliches-recht-rechtsgebiet","category-magazin"],"_links":{"self":[{"href":"https:\/\/www.juridicus.de\/blog\/wp-json\/wp\/v2\/posts\/17373","targetHints":{"allow":["GET"]}}],"collection":[{"href":"https:\/\/www.juridicus.de\/blog\/wp-json\/wp\/v2\/posts"}],"about":[{"href":"https:\/\/www.juridicus.de\/blog\/wp-json\/wp\/v2\/types\/post"}],"author":[{"embeddable":true,"href":"https:\/\/www.juridicus.de\/blog\/wp-json\/wp\/v2\/users\/1755"}],"replies":[{"embeddable":true,"href":"https:\/\/www.juridicus.de\/blog\/wp-json\/wp\/v2\/comments?post=17373"}],"version-history":[{"count":1,"href":"https:\/\/www.juridicus.de\/blog\/wp-json\/wp\/v2\/posts\/17373\/revisions"}],"predecessor-version":[{"id":17374,"href":"https:\/\/www.juridicus.de\/blog\/wp-json\/wp\/v2\/posts\/17373\/revisions\/17374"}],"wp:attachment":[{"href":"https:\/\/www.juridicus.de\/blog\/wp-json\/wp\/v2\/media?parent=17373"}],"wp:term":[{"taxonomy":"category","embeddable":true,"href":"https:\/\/www.juridicus.de\/blog\/wp-json\/wp\/v2\/categories?post=17373"},{"taxonomy":"post_tag","embeddable":true,"href":"https:\/\/www.juridicus.de\/blog\/wp-json\/wp\/v2\/tags?post=17373"}],"curies":[{"name":"wp","href":"https:\/\/api.w.org\/{rel}","templated":true}]}}