{"id":17434,"date":"2024-03-20T09:00:32","date_gmt":"2024-03-20T08:00:32","guid":{"rendered":"https:\/\/www.juridicus.de\/blog\/?p=17434"},"modified":"2024-03-12T10:32:38","modified_gmt":"2024-03-12T09:32:38","slug":"gedaechtnisprotokoll-einer-echten-klausur-zum-1-staatsexamen-rheinland-pfalz-im-august-2023-2","status":"publish","type":"post","link":"https:\/\/www.juridicus.de\/blog\/gedaechtnisprotokoll-einer-echten-klausur-zum-1-staatsexamen-rheinland-pfalz-im-august-2023-2\/","title":{"rendered":"Ged\u00e4chtnisprotokoll einer echten Klausur zum 1. Staatsexamen &#8211; Rheinland-Pfalz im August 2023"},"content":{"rendered":"[vc_row type=&#8220;in_container&#8220; scene_position=&#8220;center&#8220; text_color=&#8220;dark&#8220; text_align=&#8220;left&#8220; overlay_strength=&#8220;0.3&#8243;][vc_column column_padding=&#8220;no-extra-padding&#8220; column_padding_position=&#8220;all&#8220; background_color_opacity=&#8220;1&#8243; background_hover_color_opacity=&#8220;1&#8243; width=&#8220;1\/1&#8243;]<div  class=\"divider\"><\/div>[vc_column_text]\n<h2>Pr\u00fcfungsfach:\u00a0 \u00d6ffentliches Recht<\/h2>\n[\/vc_column_text][\/vc_column][\/vc_row][vc_row type=&#8220;in_container&#8220; scene_position=&#8220;center&#8220; text_color=&#8220;dark&#8220; text_align=&#8220;left&#8220; overlay_strength=&#8220;0.3&#8243;][vc_column column_padding=&#8220;no-extra-padding&#8220; column_padding_position=&#8220;all&#8220; background_color_opacity=&#8220;1&#8243; background_hover_color_opacity=&#8220;1&#8243; width=&#8220;1\/1&#8243;][vc_column_text]\n<h2 style=\"text-align: justify;\">Ged\u00e4chnisprotokoll:<\/h2>\n<p style=\"text-align: justify;\">Im Kern ging es um eine Verfassungsbeschwerde eines Medienunternehmens. Der Grund hierf\u00fcr war, dass die Ministerin f\u00fcr Kultur eines Bundeslandes die Bev\u00f6lkerung \u00fcber Angebote der Regierung informieren m\u00f6chte. Hierf\u00fcr wurde ein Portal geschaffen, das einen Newsletter herausbringt und \u00fcber aktuelle kulturelle Angebote informiert. Hiergegen wehrt sich nun das privatrechtlich organisierte Medienunternehmen, dessen Schwerpunkt ebenfalls die Kulturberichterstattung ist und welches auf eine treue Leserschaft und Reichweite angewiesen ist. Zwar gibt es noch andere vergleichbare Angebote, diese sind jedoch ebenfalls privatrechtlich organisiert und ebenfalls auf wirtschaftliches Arbeiten angewiesen. Das Medienunternehmen sieht sich durch das staatliche Angebot, welches einen presse\u00e4hnlichen Informationsdienst darstelle, in seinen Grundrechten (<a href=\"https:\/\/dejure.org\/gesetze\/GG\/5.html\" target=\"_blank\" title=\"Art. 5 GG\">Art. 5<\/a>, <a href=\"https:\/\/dejure.org\/gesetze\/GG\/12.html\" target=\"_blank\" title=\"Art. 12 GG\">12<\/a>, <a href=\"https:\/\/dejure.org\/gesetze\/GG\/2.html\" target=\"_blank\" title=\"Art. 2 GG\">2<\/a> I GG) verletzt. Der Dienst der Ministerin stelle ein direktes Konkurrenz-Angebot dar, werde jedoch staatlich subventioniert. Der Dienst nehme dem eigenen Angebot dadurch Reichweite weg und gef\u00e4hrde daher die wirtschaftliche Existenz des Angebots. Der Fall war wohl angelehnt an Libra Rechtsdienst der Bundesregierung sowie argumentativ ebenfalls SWR News-App<\/p>\n[\/vc_column_text]<div  class=\"divider\"><\/div>[vc_column_text]\n<p style=\"text-align: justify;\">Bei den obigen Klausurprotokoll handelt es sich um das Ged\u00e4chtnisprotokoll einer <strong>echten Klausur vom August 2023 im ersten Staatsexamen in Rheinland-Pfalz.<\/strong>\u00a0Das Protokoll stammt aus dem Fundus des Protokollverleihs\u00a0<a href=\"http:\/\/www.juridicus.de\/pruefungsprotokolle\">Juridicus.de<\/a>.<\/p>\n<p style=\"text-align: justify;\">Die Schilderung des Falles und die L\u00f6sung beruhen ausschlie\u00dflich auf der Wahrnehmung des Pr\u00fcflings.<\/p>\n[\/vc_column_text][\/vc_column][\/vc_row][vc_row type=&#8220;full_width_background&#8220; scene_position=&#8220;center&#8220; text_color=&#8220;dark&#8220; text_align=&#8220;left&#8220; overlay_strength=&#8220;0.3&#8243;][vc_column column_padding=&#8220;no-extra-padding&#8220; column_padding_position=&#8220;all&#8220; background_color_opacity=&#8220;1&#8243; background_hover_color_opacity=&#8220;1&#8243; width=&#8220;1\/1&#8243;]<div  class=\"divider-border\"><\/div>[\/vc_column][\/vc_row]\n","protected":false},"excerpt":{"rendered":"<p>[vc_row type=&#8220;in_container&#8220; scene_position=&#8220;center&#8220; text_color=&#8220;dark&#8220; text_align=&#8220;left&#8220; overlay_strength=&#8220;0.3&#8243;][vc_column column_padding=&#8220;no-extra-padding&#8220; column_padding_position=&#8220;all&#8220; background_color_opacity=&#8220;1&#8243; background_hover_color_opacity=&#8220;1&#8243; width=&#8220;1\/1&#8243;][vc_column_text] Pr\u00fcfungsfach:\u00a0 \u00d6ffentliches Recht [\/vc_column_text][\/vc_column][\/vc_row][vc_row type=&#8220;in_container&#8220; scene_position=&#8220;center&#8220; text_color=&#8220;dark&#8220; text_align=&#8220;left&#8220; overlay_strength=&#8220;0.3&#8243;][vc_column column_padding=&#8220;no-extra-padding&#8220; column_padding_position=&#8220;all&#8220; background_color_opacity=&#8220;1&#8243; background_hover_color_opacity=&#8220;1&#8243; width=&#8220;1\/1&#8243;][vc_column_text] Ged\u00e4chnisprotokoll: Im Kern ging es um eine Verfassungsbeschwerde eines Medienunternehmens. Der Grund hierf\u00fcr war, dass die Ministerin f\u00fcr Kultur eines Bundeslandes die Bev\u00f6lkerung \u00fcber Angebote der Regierung informieren m\u00f6chte. Hierf\u00fcr wurde ein Portal geschaffen, das einen Newsletter herausbringt und \u00fcber aktuelle kulturelle Angebote informiert. Hiergegen&#8230;<\/p>\n","protected":false},"author":1755,"featured_media":0,"comment_status":"open","ping_status":"open","sticky":false,"template":"","format":"standard","meta":{"footnotes":""},"categories":[2222,2221,1711,55],"tags":[],"class_list":["post-17434","post","type-post","status-publish","format-standard","hentry","category-1-staatsexamen-klausurprotokoll","category-klausurprotokoll","category-offentliches-recht-rechtsgebiet","category-magazin"],"_links":{"self":[{"href":"https:\/\/www.juridicus.de\/blog\/wp-json\/wp\/v2\/posts\/17434","targetHints":{"allow":["GET"]}}],"collection":[{"href":"https:\/\/www.juridicus.de\/blog\/wp-json\/wp\/v2\/posts"}],"about":[{"href":"https:\/\/www.juridicus.de\/blog\/wp-json\/wp\/v2\/types\/post"}],"author":[{"embeddable":true,"href":"https:\/\/www.juridicus.de\/blog\/wp-json\/wp\/v2\/users\/1755"}],"replies":[{"embeddable":true,"href":"https:\/\/www.juridicus.de\/blog\/wp-json\/wp\/v2\/comments?post=17434"}],"version-history":[{"count":1,"href":"https:\/\/www.juridicus.de\/blog\/wp-json\/wp\/v2\/posts\/17434\/revisions"}],"predecessor-version":[{"id":17435,"href":"https:\/\/www.juridicus.de\/blog\/wp-json\/wp\/v2\/posts\/17434\/revisions\/17435"}],"wp:attachment":[{"href":"https:\/\/www.juridicus.de\/blog\/wp-json\/wp\/v2\/media?parent=17434"}],"wp:term":[{"taxonomy":"category","embeddable":true,"href":"https:\/\/www.juridicus.de\/blog\/wp-json\/wp\/v2\/categories?post=17434"},{"taxonomy":"post_tag","embeddable":true,"href":"https:\/\/www.juridicus.de\/blog\/wp-json\/wp\/v2\/tags?post=17434"}],"curies":[{"name":"wp","href":"https:\/\/api.w.org\/{rel}","templated":true}]}}