{"id":17442,"date":"2024-03-26T12:00:09","date_gmt":"2024-03-26T11:00:09","guid":{"rendered":"https:\/\/www.juridicus.de\/blog\/?p=17442"},"modified":"2024-03-19T13:30:26","modified_gmt":"2024-03-19T12:30:26","slug":"protokoll-der-muendlichen-pruefung-zum-1-staatsexamen-mecklenburg-vorpommern-vom-februar-2024","status":"publish","type":"post","link":"https:\/\/www.juridicus.de\/blog\/protokoll-der-muendlichen-pruefung-zum-1-staatsexamen-mecklenburg-vorpommern-vom-februar-2024\/","title":{"rendered":"Protokoll der m\u00fcndlichen Pr\u00fcfung zum 1. Staatsexamen &#8211; Mecklenburg-Vorpommern vom Februar 2024"},"content":{"rendered":"[vc_row type=&#8220;in_container&#8220; scene_position=&#8220;center&#8220; text_color=&#8220;dark&#8220; text_align=&#8220;left&#8220; overlay_strength=&#8220;0.3&#8243;][vc_column column_padding=&#8220;no-extra-padding&#8220; column_padding_position=&#8220;all&#8220; background_color_opacity=&#8220;1&#8243; background_hover_color_opacity=&#8220;1&#8243; width=&#8220;1\/1&#8243;][vc_column_text]\n<h2>Pr\u00fcfungsthemen: \u00d6ffentliches Recht<\/h2>\n[\/vc_column_text]<div  class=\"divider\"><\/div>[vc_column_text]\n<h2>Vorpunkte der Kandidaten<\/h2>\n[\/vc_column_text]<div  class=\"divider\"><\/div>[vc_column_text]\n<table width=\"265\">\n<tbody>\n<tr>\n<td width=\"189\">\n<p style=\"text-align: left;\">Kandidat<\/p>\n<\/td>\n<td width=\"76\">\n<p style=\"text-align: center;\">1<\/p>\n<\/td>\n<\/tr>\n<tr>\n<td width=\"189\">\n<p style=\"text-align: left;\">Endpunkte<\/p>\n<\/td>\n<td width=\"76\">\n<p style=\"text-align: center;\">7,49<\/p>\n<\/td>\n<\/tr>\n<tr>\n<td width=\"189\">\n<p style=\"text-align: left;\">Endnote<\/p>\n<\/td>\n<td width=\"76\">\n<p style=\"text-align: center;\">8,1<\/p>\n<\/td>\n<\/tr>\n<\/tbody>\n<\/table>\n[\/vc_column_text][vc_column_text]\n<h2 style=\"text-align: justify;\">Zur Sache:<\/h2>\n<p style=\"text-align: justify;\"><strong>Pr\u00fcfungsstoff:\u00a0\u00a0<\/strong>aktuelle F\u00e4lle<\/p>\n<p style=\"text-align: justify;\"><strong>Pr\u00fcfungsthemen: <\/strong>Grundrechte, Verfassungsbeschwerde<\/p>\n<p style=\"text-align: justify;\"><strong>Paragraphen: <\/strong><a href=\"https:\/\/dejure.org\/gesetze\/VwGO\/123.html\">\u00a712 GG, \u00a7 14 GG<\/a><\/p>\n<p style=\"text-align: justify;\"><strong><span style=\"line-height: 1.5;\">Pr\u00fcfungsgespr\u00e4ch:<\/span><\/strong> Frage-Antwort, Intensivbefragung Einzelner<\/p>\n[\/vc_column_text][vc_column_text]\n[\/vc_column_text][\/vc_column][\/vc_row][vc_row type=&#8220;in_container&#8220; scene_position=&#8220;center&#8220; text_color=&#8220;dark&#8220; text_align=&#8220;left&#8220; overlay_strength=&#8220;0.3&#8243;][vc_column column_padding=&#8220;no-extra-padding&#8220; column_padding_position=&#8220;all&#8220; background_color_opacity=&#8220;1&#8243; background_hover_color_opacity=&#8220;1&#8243; width=&#8220;1\/1&#8243;][vc_column_text]\n<h2 style=\"text-align: justify;\">Pr\u00fcfungsgespr\u00e4ch:<\/h2>\n<p style=\"text-align: justify;\">Der Pr\u00fcfer begann die Pr\u00fcfung mit der Frage, ob wir denn heute schon in die Ostsee-Zeitung geschaut hatten. Wir blickten ihn alle nur fragend an, ohne dass ihm jemand sagte, dass wir morgens am Pr\u00fcfungstag (Pr\u00fcfung begann um 9 Uhr) nicht schon die Zeitung des heutigen Tages hinreichend studiert hatten. So also musste er selbst darlegen, dass ein Artikel \u00fcber die Bauernproteste in MV erschienen war. Die n\u00e4chste Frage ging dahin, dass er wissen wollte, ob man sich nun vorstellen k\u00f6nne, was das Pr\u00fcfungsthema sei. Hierzu durfte man <a href=\"https:\/\/dejure.org\/gesetze\/GG\/12.html\" target=\"_blank\" title=\"Art. 12 GG\">Art. 12 GG<\/a>, <a href=\"https:\/\/dejure.org\/gesetze\/GG\/8.html\" target=\"_blank\" title=\"Art. 8 GG\">Art. 8 GG<\/a>, <a href=\"https:\/\/dejure.org\/gesetze\/GG\/3.html\" target=\"_blank\" title=\"Art. 3 GG\">Art. 3 I GG<\/a>, <a href=\"https:\/\/dejure.org\/gesetze\/GG\/14.html\" target=\"_blank\" title=\"Art. 14 GG\">Art. 14 GG<\/a> etc. in den Raum &#8222;werfen&#8220;, bevor er dann seinen Fall konkret schilderte. Die L-KG ist ein Landwirtschaftsbetrieb mit einem Reinerl\u00f6s i.H.v. 150.000\u20ac. Die L-KG verbraucht pro Jahr ca. 30.000 Liter Agrardiesel. Bisher wurde den Landwirten die angefallene Mineral\u00f6lsteuer (47,04 Cent\/ Liter) gem. \u00a7 57 Energie StG i.H.v. 21,48 Cent\/ Liter r\u00fcckerstattet. Der Bundestag hat infolge des Haushaltsurteils des BVerfG ein Gesetz beschlossen wonach die sog. Agrardieselerstattung gestrichen wird. Dieses Gesetz wurde am 01.01.2024 verk\u00fcndet und tritt mit Wirkung zum 01.01.2025, d.h. erst in der Zukunft in Kraft. Frage: Wird die Verfassungsbeschwerde der L-KG Erfolg haben? Zun\u00e4chst sollte die Zul\u00e4ssigkeit schulm\u00e4\u00dfig gepr\u00fcft werden. Bei der Parteif\u00e4higkeit\/ Beteiligtenf\u00e4higkeit war darauf zu achten, dass es sich hier nicht um eine nat\u00fcrliche Person handelt. Hier waren die unterschiedlichen Bedeutungen des Begriffs der juristischen Person im \u00d6ffentlichen Recht und Privatrecht zu erl\u00e4utern. Beschwerdegegenstand (Gesetz als Legislativakt) war unproblematisch. Im Rahmen der Beschwerdebefugnis war zu pr\u00fcfen, ob die L-KG durch das Gesetz auch gegenw\u00e4rtig und unmittelbar beschwert war. Das Gesetz war zwar noch nicht in Kraft, entfaltete also noch keine Rechtswirkungen. Allerdings waren diese bereits klar absehbar und f\u00fcr den Beschwerdef\u00fchrer gewiss und damit war er &#8222;schon&#8220;, also gegenw\u00e4rtig betroffen. Fraglich war dann, ob der erst noch durch die zust. Beh\u00f6rde zu erstellender Bescheid zur R\u00fcckerstattung die unmittelbare Betroffenheit entfallen l\u00e4sst. Hier sollte angesprochen und diskutiert werden, ob dem Betroffenen ein Abwarten des Vollzugsaktes und anschlie\u00dfendes Beschreiten des fachgerichtlichen Rechtsweges zumutbar war. Beim Pr\u00fcfungspunkt der Rechtswegersch\u00f6pfung war festzustellen, dass es gegen Gesetze keinen Rechtsweg gibt (<a href=\"https:\/\/dejure.org\/gesetze\/BVerfGG\/93.html\" target=\"_blank\" title=\"&sect; 93 BVerfGG\">\u00a7 93 III BVerfGG<\/a>). Form und Frist waren unproblematisch. Bei der Begr\u00fcndetheit sollte zun\u00e4chst aus didaktischen Gr\u00fcnden mit <a href=\"https:\/\/dejure.org\/gesetze\/GG\/14.html\" target=\"_blank\" title=\"Art. 14 GG\">Art. 14 GG<\/a> begonnen und dieses (abstrakt) gegen <a href=\"https:\/\/dejure.org\/gesetze\/GG\/12.html\" target=\"_blank\" title=\"Art. 12 GG\">Art. 12 GG<\/a> abgegrenzt werden. Mit der Kurzformel <a href=\"https:\/\/dejure.org\/gesetze\/GG\/12.html\" target=\"_blank\" title=\"Art. 12 GG\">Art. 12 GG<\/a> sch\u00fctzt den &#8222;Erwerb&#8220; und <a href=\"https:\/\/dejure.org\/gesetze\/GG\/14.html\" target=\"_blank\" title=\"Art. 14 GG\">Art. 14 GG<\/a> das &#8222;bereits Erworbene&#8220; wurde der Schutzbereich des <a href=\"https:\/\/dejure.org\/gesetze\/GG\/14.html\" target=\"_blank\" title=\"Art. 14 GG\">Art. 14 GG<\/a> iE verneint. Hier fragte der Pr\u00fcfer nach, ob denn die bisher gesetzlich vorgesehene Steuerr\u00fcckerstattung nicht eine Art Anwartschaft, also etwas bereits Erworbenes sei. Dies wurde hier verneint, insb. da die neue Regelung keine erdrosselnde Wirkung (!) habe, also das Verm\u00f6gen nicht grundlegend beeintr\u00e4chtigt wird. Weiter ging es dann mit der Pr\u00fcfung des <a href=\"https:\/\/dejure.org\/gesetze\/GG\/12.html\" target=\"_blank\" title=\"Art. 12 GG\">Art. 12 I GG<\/a>. Der Schutzbereich war hier unproblematisch. Als n\u00e4chstes war zu er\u00f6rtern, ob die Erhebung von Steuern einen Eingriff darstellen w\u00fcrden. Hier sollte erkannt werden, dass dies keine Ma\u00dfnahmen mit subjektiv regelnder Tendenz seien. Allerdings nimmt die Regelung Einfluss auf die Art und Weise der Berufsaus\u00fcbung. So macht die Erstattung einen nicht unerheblichen Teil des Betriebsgewinns aus (ca. 4-5%), der bei Wegfall nicht mehr z.B. f\u00fcr Investitionen zur Verf\u00fcgung steht. Insoweit wurde jedenfalls eine objektiv berufsregelnde Tendenz der Ma\u00dfnahme, hier des Gesetzes angenommen. Diesbez\u00fcglich wurde vom Prof. auch noch nach der Definition und dem Wesen von &#8222;Steuern&#8220; abstrakt abgefragt (vgl. <a href=\"https:\/\/dejure.org\/gesetze\/AO\/3.html\" target=\"_blank\" title=\"&sect; 3 AO: Steuern, steuerliche Nebenleistungen\">\u00a7 3 III AO<\/a>). Bei der Rechtfertigung war zun\u00e4chst auf die formelle Rechtm\u00e4\u00dfigkeit einzugehen. Insbesondere wollte er eine Kompetenznorm h\u00f6ren (<a href=\"https:\/\/dejure.org\/gesetze\/GG\/105.html\" target=\"_blank\" title=\"Art. 105 GG\">Art. 105 GG<\/a>). Im materiellen Teil sollte die Drei-Stufen-Theorie dargestellt und gepr\u00fcft werden. Zum Schluss wurde noch danach gefragt, woraus sich ggf. ein Verbot der Beg\u00fcnstigung ergeben k\u00f6nne. Hier sollte <a href=\"https:\/\/dejure.org\/gesetze\/AEUV\/107.html\" target=\"_blank\" title=\"Art. 107 AEUV: (ex-Artikel 87 EGV)\">Art. 107 AEUV<\/a> als h\u00f6herrangige Norm angesprochen werden (Subventionsverbot).<\/p>\n[\/vc_column_text]<div  class=\"divider\"><\/div>[vc_column_text]\n<p style=\"text-align: justify;\">Bei den obigen anonymisierten Protokollen handelt es sich um eine Original-Mitschrift aus dem ersten Staatsexamen der\u00a0<strong>M\u00fcndlichen Pr\u00fcfung in Mecklenburg-Vorpommern vom Februar 2024<\/strong>. Das Protokoll stammt aus dem Fundus des Protokollverleihs\u00a0<a href=\"http:\/\/www.juridicus.de\/pruefungsprotokolle\">Juridicus.de<\/a>.<\/p>\n<p style=\"text-align: justify;\">Weggelassen wurden die Angaben zum Pr\u00fcferverhalten. Die Schilderung des Falles und die L\u00f6sung beruhen ausschlie\u00dflich auf der Wahrnehmung des Pr\u00fcflings.<\/p>\n[\/vc_column_text][\/vc_column][\/vc_row][vc_row type=&#8220;in_container&#8220; scene_position=&#8220;center&#8220; text_color=&#8220;dark&#8220; text_align=&#8220;left&#8220; overlay_strength=&#8220;0.3&#8243;][vc_column column_padding=&#8220;no-extra-padding&#8220; column_padding_position=&#8220;all&#8220; background_color_opacity=&#8220;1&#8243; background_hover_color_opacity=&#8220;1&#8243; width=&#8220;1\/1&#8243;][vc_column_text]\n[\/vc_column_text][\/vc_column][\/vc_row][vc_row type=&#8220;full_width_background&#8220; scene_position=&#8220;center&#8220; text_color=&#8220;dark&#8220; text_align=&#8220;left&#8220; overlay_strength=&#8220;0.3&#8243;][vc_column column_padding=&#8220;no-extra-padding&#8220; column_padding_position=&#8220;all&#8220; background_color_opacity=&#8220;1&#8243; background_hover_color_opacity=&#8220;1&#8243; width=&#8220;1\/1&#8243;]<div  class=\"divider\"><\/div>[\/vc_column][\/vc_row]\n","protected":false},"excerpt":{"rendered":"<p>[vc_row type=&#8220;in_container&#8220; scene_position=&#8220;center&#8220; text_color=&#8220;dark&#8220; text_align=&#8220;left&#8220; overlay_strength=&#8220;0.3&#8243;][vc_column column_padding=&#8220;no-extra-padding&#8220; column_padding_position=&#8220;all&#8220; background_color_opacity=&#8220;1&#8243; background_hover_color_opacity=&#8220;1&#8243; width=&#8220;1\/1&#8243;][vc_column_text] Pr\u00fcfungsthemen: \u00d6ffentliches Recht [\/vc_column_text][vc_column_text] Vorpunkte der Kandidaten [\/vc_column_text][vc_column_text] Kandidat 1 Endpunkte 7,49 Endnote 8,1 [\/vc_column_text][vc_column_text] Zur Sache: Pr\u00fcfungsstoff:\u00a0\u00a0aktuelle F\u00e4lle Pr\u00fcfungsthemen: Grundrechte, Verfassungsbeschwerde Paragraphen: \u00a712 GG, \u00a7 14 GG Pr\u00fcfungsgespr\u00e4ch: Frage-Antwort, Intensivbefragung Einzelner [\/vc_column_text][vc_column_text] [\/vc_column_text][\/vc_column][\/vc_row][vc_row type=&#8220;in_container&#8220; scene_position=&#8220;center&#8220; text_color=&#8220;dark&#8220; text_align=&#8220;left&#8220; overlay_strength=&#8220;0.3&#8243;][vc_column column_padding=&#8220;no-extra-padding&#8220; column_padding_position=&#8220;all&#8220; background_color_opacity=&#8220;1&#8243; background_hover_color_opacity=&#8220;1&#8243; width=&#8220;1\/1&#8243;][vc_column_text] Pr\u00fcfungsgespr\u00e4ch: Der Pr\u00fcfer begann die Pr\u00fcfung mit der Frage, ob wir denn heute schon in&#8230;<\/p>\n","protected":false},"author":1755,"featured_media":0,"comment_status":"open","ping_status":"open","sticky":false,"template":"","format":"standard","meta":{"footnotes":""},"categories":[2024,1711,2010,55],"tags":[],"class_list":["post-17442","post","type-post","status-publish","format-standard","hentry","category-1-staatsexamen","category-offentliches-recht-rechtsgebiet","category-protokolle","category-magazin"],"_links":{"self":[{"href":"https:\/\/www.juridicus.de\/blog\/wp-json\/wp\/v2\/posts\/17442","targetHints":{"allow":["GET"]}}],"collection":[{"href":"https:\/\/www.juridicus.de\/blog\/wp-json\/wp\/v2\/posts"}],"about":[{"href":"https:\/\/www.juridicus.de\/blog\/wp-json\/wp\/v2\/types\/post"}],"author":[{"embeddable":true,"href":"https:\/\/www.juridicus.de\/blog\/wp-json\/wp\/v2\/users\/1755"}],"replies":[{"embeddable":true,"href":"https:\/\/www.juridicus.de\/blog\/wp-json\/wp\/v2\/comments?post=17442"}],"version-history":[{"count":1,"href":"https:\/\/www.juridicus.de\/blog\/wp-json\/wp\/v2\/posts\/17442\/revisions"}],"predecessor-version":[{"id":17443,"href":"https:\/\/www.juridicus.de\/blog\/wp-json\/wp\/v2\/posts\/17442\/revisions\/17443"}],"wp:attachment":[{"href":"https:\/\/www.juridicus.de\/blog\/wp-json\/wp\/v2\/media?parent=17442"}],"wp:term":[{"taxonomy":"category","embeddable":true,"href":"https:\/\/www.juridicus.de\/blog\/wp-json\/wp\/v2\/categories?post=17442"},{"taxonomy":"post_tag","embeddable":true,"href":"https:\/\/www.juridicus.de\/blog\/wp-json\/wp\/v2\/tags?post=17442"}],"curies":[{"name":"wp","href":"https:\/\/api.w.org\/{rel}","templated":true}]}}