{"id":17498,"date":"2024-05-04T09:00:10","date_gmt":"2024-05-04T07:00:10","guid":{"rendered":"https:\/\/www.juridicus.de\/blog\/?p=17498"},"modified":"2024-04-29T09:20:37","modified_gmt":"2024-04-29T07:20:37","slug":"gedaechtnisprotokoll-einer-echten-klausur-zum-2-staatsexamen-nrw-vom-november-2023","status":"publish","type":"post","link":"https:\/\/www.juridicus.de\/blog\/gedaechtnisprotokoll-einer-echten-klausur-zum-2-staatsexamen-nrw-vom-november-2023\/","title":{"rendered":"Ged\u00e4chtnisprotokoll einer echten Klausur zum 2. Staatsexamen &#8211; NRW vom November 2023"},"content":{"rendered":"[vc_row type=&#8220;in_container&#8220; scene_position=&#8220;center&#8220; text_color=&#8220;dark&#8220; text_align=&#8220;left&#8220; overlay_strength=&#8220;0.3&#8243;][vc_column column_padding=&#8220;no-extra-padding&#8220; column_padding_position=&#8220;all&#8220; background_color_opacity=&#8220;1&#8243; background_hover_color_opacity=&#8220;1&#8243; width=&#8220;1\/1&#8243;]<div  class=\"divider\"><\/div>[vc_column_text]\n<h2>Pr\u00fcfungsfach: \u00a0Zivilrecht<\/h2>\n[\/vc_column_text][\/vc_column][\/vc_row][vc_row type=&#8220;in_container&#8220; scene_position=&#8220;center&#8220; text_color=&#8220;dark&#8220; text_align=&#8220;left&#8220; overlay_strength=&#8220;0.3&#8243;][vc_column column_padding=&#8220;no-extra-padding&#8220; column_padding_position=&#8220;all&#8220; background_color_opacity=&#8220;1&#8243; background_hover_color_opacity=&#8220;1&#8243; width=&#8220;1\/1&#8243;][vc_column_text]\n<h2 style=\"text-align: justify;\">Ged\u00e4chnisprotokoll:<\/h2>\n<div style=\"text-align: justify;\">\n<p>Es gibg in sachlicher Hinsicht um die K\u00fcndigung eines Wohnraummietverh\u00e4ltnisses. Bei der \u00dcberpr\u00fcfung des Mietverh\u00e4ltnisses im Hinblick auf Eigenbedarf und die unbefugte \u00dcberlassung der Mietwohnung an den 30-j\u00e4hrigen Sohn wurden sowohl rechtliche als auch vertragliche Aspekte ber\u00fccksichtigt. Dabei spielte auch der Widerspruch des Mieters eine entscheidende Rolle, da dieser Einfluss auf die Wirksamkeit der K\u00fcndigung haben kann. Zudem erfolgte eine genaue Analyse der Allgemeinen Gesch\u00e4ftsbedingungen (AGB) des Mietvertrags, insbesondere hinsichtlich der Klausel zum Betretungsrecht des Vermieters. Im praktischen Teil wurde ein Schreiben an den Mieter verfasst, das die relevanten rechtlichen \u00dcberlegungen und Entscheidungen transparent darlegte und dem Mieter mitteilte, wie die Angelegenheit weiter behandelt wird. Zudem wurde im Falle der Unwirksamkeit der K\u00fcndigung ein Aufhebungsvertrag formuliert. Im Gespr\u00e4ch mit den Kollegen ergab sich, dass einige die K\u00fcndigung an der Frist, wieder andere an der Begr\u00fcndung des Eigenbedarfes haben scheitern lassen.<\/p>\n<\/div>\n[\/vc_column_text]<div  class=\"divider\"><\/div>[vc_column_text]\n<p style=\"text-align: justify;\">Bei den obigen Klausurprotokoll handelt es sich um das Ged\u00e4chtnisprotokoll einer <strong>echten Klausur vom November 2023 im zweiten Staatsexamen in NRW. <\/strong>Das Protokoll stammt aus dem Fundus des Protokollverleihs\u00a0<a href=\"http:\/\/www.juridicus.de\/pruefungsprotokolle\">Juridicus.de<\/a>.<\/p>\n<p style=\"text-align: justify;\">Die Schilderung des Falles und die L\u00f6sung beruhen ausschlie\u00dflich auf der Wahrnehmung des Pr\u00fcflings.<\/p>\n[\/vc_column_text][\/vc_column][\/vc_row][vc_row type=&#8220;full_width_background&#8220; scene_position=&#8220;center&#8220; text_color=&#8220;dark&#8220; text_align=&#8220;left&#8220; overlay_strength=&#8220;0.3&#8243;][vc_column column_padding=&#8220;no-extra-padding&#8220; column_padding_position=&#8220;all&#8220; background_color_opacity=&#8220;1&#8243; background_hover_color_opacity=&#8220;1&#8243; width=&#8220;1\/1&#8243;]<div  class=\"divider-border\"><\/div>[\/vc_column][\/vc_row]\n","protected":false},"excerpt":{"rendered":"<p>[vc_row type=&#8220;in_container&#8220; scene_position=&#8220;center&#8220; text_color=&#8220;dark&#8220; text_align=&#8220;left&#8220; overlay_strength=&#8220;0.3&#8243;][vc_column column_padding=&#8220;no-extra-padding&#8220; column_padding_position=&#8220;all&#8220; background_color_opacity=&#8220;1&#8243; background_hover_color_opacity=&#8220;1&#8243; width=&#8220;1\/1&#8243;][vc_column_text] Pr\u00fcfungsfach: \u00a0Zivilrecht [\/vc_column_text][\/vc_column][\/vc_row][vc_row type=&#8220;in_container&#8220; scene_position=&#8220;center&#8220; text_color=&#8220;dark&#8220; text_align=&#8220;left&#8220; overlay_strength=&#8220;0.3&#8243;][vc_column column_padding=&#8220;no-extra-padding&#8220; column_padding_position=&#8220;all&#8220; background_color_opacity=&#8220;1&#8243; background_hover_color_opacity=&#8220;1&#8243; width=&#8220;1\/1&#8243;][vc_column_text] Ged\u00e4chnisprotokoll: Es gibg in sachlicher Hinsicht um die K\u00fcndigung eines Wohnraummietverh\u00e4ltnisses. Bei der \u00dcberpr\u00fcfung des Mietverh\u00e4ltnisses im Hinblick auf Eigenbedarf und die unbefugte \u00dcberlassung der Mietwohnung an den 30-j\u00e4hrigen Sohn wurden sowohl rechtliche als auch vertragliche Aspekte ber\u00fccksichtigt. Dabei spielte auch der Widerspruch des Mieters eine&#8230;<\/p>\n","protected":false},"author":1755,"featured_media":0,"comment_status":"open","ping_status":"open","sticky":false,"template":"","format":"standard","meta":{"footnotes":""},"categories":[2223,2221,55,1703],"tags":[],"class_list":["post-17498","post","type-post","status-publish","format-standard","hentry","category-2-staatsexamen-klausurprotokoll","category-klausurprotokoll","category-magazin","category-zivilrecht-rechtsgebiet"],"_links":{"self":[{"href":"https:\/\/www.juridicus.de\/blog\/wp-json\/wp\/v2\/posts\/17498","targetHints":{"allow":["GET"]}}],"collection":[{"href":"https:\/\/www.juridicus.de\/blog\/wp-json\/wp\/v2\/posts"}],"about":[{"href":"https:\/\/www.juridicus.de\/blog\/wp-json\/wp\/v2\/types\/post"}],"author":[{"embeddable":true,"href":"https:\/\/www.juridicus.de\/blog\/wp-json\/wp\/v2\/users\/1755"}],"replies":[{"embeddable":true,"href":"https:\/\/www.juridicus.de\/blog\/wp-json\/wp\/v2\/comments?post=17498"}],"version-history":[{"count":1,"href":"https:\/\/www.juridicus.de\/blog\/wp-json\/wp\/v2\/posts\/17498\/revisions"}],"predecessor-version":[{"id":17499,"href":"https:\/\/www.juridicus.de\/blog\/wp-json\/wp\/v2\/posts\/17498\/revisions\/17499"}],"wp:attachment":[{"href":"https:\/\/www.juridicus.de\/blog\/wp-json\/wp\/v2\/media?parent=17498"}],"wp:term":[{"taxonomy":"category","embeddable":true,"href":"https:\/\/www.juridicus.de\/blog\/wp-json\/wp\/v2\/categories?post=17498"},{"taxonomy":"post_tag","embeddable":true,"href":"https:\/\/www.juridicus.de\/blog\/wp-json\/wp\/v2\/tags?post=17498"}],"curies":[{"name":"wp","href":"https:\/\/api.w.org\/{rel}","templated":true}]}}