{"id":17585,"date":"2024-07-03T09:00:05","date_gmt":"2024-07-03T07:00:05","guid":{"rendered":"https:\/\/www.juridicus.de\/blog\/?p=17585"},"modified":"2024-07-17T09:31:20","modified_gmt":"2024-07-17T07:31:20","slug":"gedaechtnisprotokoll-einer-echten-klausur-zum-1-staatsexamen-niedersachsen-im-januar-2024","status":"publish","type":"post","link":"https:\/\/www.juridicus.de\/blog\/gedaechtnisprotokoll-einer-echten-klausur-zum-1-staatsexamen-niedersachsen-im-januar-2024\/","title":{"rendered":"Ged\u00e4chtnisprotokoll einer echten Klausur zum 1. Staatsexamen &#8211; Niedersachsen im Januar 2024"},"content":{"rendered":"[vc_row type=&#8220;in_container&#8220; scene_position=&#8220;center&#8220; text_color=&#8220;dark&#8220; text_align=&#8220;left&#8220; overlay_strength=&#8220;0.3&#8243;][vc_column column_padding=&#8220;no-extra-padding&#8220; column_padding_position=&#8220;all&#8220; background_color_opacity=&#8220;1&#8243; background_hover_color_opacity=&#8220;1&#8243; width=&#8220;1\/1&#8243;]<div  class=\"divider\"><\/div>[vc_column_text]\n<h2>Pr\u00fcfungsfach:\u00a0 \u00d6ffentliches Recht<\/h2>\n[\/vc_column_text][\/vc_column][\/vc_row][vc_row type=&#8220;in_container&#8220; scene_position=&#8220;center&#8220; text_color=&#8220;dark&#8220; text_align=&#8220;left&#8220; overlay_strength=&#8220;0.3&#8243;][vc_column column_padding=&#8220;no-extra-padding&#8220; column_padding_position=&#8220;all&#8220; background_color_opacity=&#8220;1&#8243; background_hover_color_opacity=&#8220;1&#8243; width=&#8220;1\/1&#8243;][vc_column_text]\n<h2 style=\"text-align: justify;\">Ged\u00e4chtnisprotokoll:<\/h2>\n<p style=\"text-align: justify;\"><strong>Ged\u00e4chtnisprotokoll:<\/strong><\/p>\n<p style=\"text-align: justify;\">Polizist P muss mit seinen Kollegen eine Stra\u00dfenblockade aufl\u00f6sen. Die Demonstrierenden haben sich mutma\u00dflich an den Boden geklebt. P geht zu einer auf dem Boden sitzenden Klimademonstrantin K. P bittet K die Stra\u00dfe zu r\u00e4umen. K weigert sich. P m\u00f6chte K hochheben. Weder P noch K wissen vorher, dass K ihre Hand bereits an den Boden festgeklebt hat. Als P die K hochhebt, verletzt sich K durch die angeklebte Haut an der Hand. K fordert nun Schadensersatz gegen den Polizisten P. Hat K einen Anspruch auf Schadensersatz gegen den Polizisten P? Ich habe wirklich keine Ahnung wie der genaue Wortlaut ist, muss mir aber scheinbar irgendwas aus den Fingern saugen, damit ich endlich mal an die f\u00fcr mich wichtigen Protokolle komme. By the way, kann man nicht erwarten, dass man noch kurz vor den m\u00fcndlichen wei\u00df, was alles an Klausuraufgaben gestellt wurde. Ich k\u00f6nnte es mir jetzt auch leicht machen und einfach aus dem Internet meine Klausur nachsehen, aber scheinbar habe ich es lieber schwer. Und deswegen mache ich sowas.<\/p>\n[\/vc_column_text]<div  class=\"divider\"><\/div>[vc_column_text]\n<p style=\"text-align: justify;\">Bei den obigen Klausurprotokoll handelt es sich um das Ged\u00e4chtnisprotokoll einer <strong>echten Klausur vom Januar 2024 im ersten Staatsexamen in Niedersachsen.<\/strong>\u00a0Das Protokoll stammt aus dem Fundus des Protokollverleihs\u00a0<a href=\"http:\/\/www.juridicus.de\/pruefungsprotokolle\">Juridicus.de<\/a>.<\/p>\n<p style=\"text-align: justify;\">Die Schilderung des Falles und die L\u00f6sung beruhen ausschlie\u00dflich auf der Wahrnehmung des Pr\u00fcflings.<\/p>\n[\/vc_column_text][\/vc_column][\/vc_row][vc_row type=&#8220;full_width_background&#8220; scene_position=&#8220;center&#8220; text_color=&#8220;dark&#8220; text_align=&#8220;left&#8220; overlay_strength=&#8220;0.3&#8243;][vc_column column_padding=&#8220;no-extra-padding&#8220; column_padding_position=&#8220;all&#8220; background_color_opacity=&#8220;1&#8243; background_hover_color_opacity=&#8220;1&#8243; width=&#8220;1\/1&#8243;]<div  class=\"divider-border\"><\/div>[\/vc_column][\/vc_row]\n","protected":false},"excerpt":{"rendered":"<p>[vc_row type=&#8220;in_container&#8220; scene_position=&#8220;center&#8220; text_color=&#8220;dark&#8220; text_align=&#8220;left&#8220; overlay_strength=&#8220;0.3&#8243;][vc_column column_padding=&#8220;no-extra-padding&#8220; column_padding_position=&#8220;all&#8220; background_color_opacity=&#8220;1&#8243; background_hover_color_opacity=&#8220;1&#8243; width=&#8220;1\/1&#8243;][vc_column_text] Pr\u00fcfungsfach:\u00a0 \u00d6ffentliches Recht [\/vc_column_text][\/vc_column][\/vc_row][vc_row type=&#8220;in_container&#8220; scene_position=&#8220;center&#8220; text_color=&#8220;dark&#8220; text_align=&#8220;left&#8220; overlay_strength=&#8220;0.3&#8243;][vc_column column_padding=&#8220;no-extra-padding&#8220; column_padding_position=&#8220;all&#8220; background_color_opacity=&#8220;1&#8243; background_hover_color_opacity=&#8220;1&#8243; width=&#8220;1\/1&#8243;][vc_column_text] Ged\u00e4chtnisprotokoll: Ged\u00e4chtnisprotokoll: Polizist P muss mit seinen Kollegen eine Stra\u00dfenblockade aufl\u00f6sen. Die Demonstrierenden haben sich mutma\u00dflich an den Boden geklebt. P geht zu einer auf dem Boden sitzenden Klimademonstrantin K. P bittet K die Stra\u00dfe zu r\u00e4umen. K weigert sich. P m\u00f6chte K hochheben. Weder&#8230;<\/p>\n","protected":false},"author":1755,"featured_media":0,"comment_status":"open","ping_status":"open","sticky":false,"template":"","format":"standard","meta":{"footnotes":""},"categories":[2222,2221,1711,55],"tags":[],"class_list":["post-17585","post","type-post","status-publish","format-standard","hentry","category-1-staatsexamen-klausurprotokoll","category-klausurprotokoll","category-offentliches-recht-rechtsgebiet","category-magazin"],"_links":{"self":[{"href":"https:\/\/www.juridicus.de\/blog\/wp-json\/wp\/v2\/posts\/17585","targetHints":{"allow":["GET"]}}],"collection":[{"href":"https:\/\/www.juridicus.de\/blog\/wp-json\/wp\/v2\/posts"}],"about":[{"href":"https:\/\/www.juridicus.de\/blog\/wp-json\/wp\/v2\/types\/post"}],"author":[{"embeddable":true,"href":"https:\/\/www.juridicus.de\/blog\/wp-json\/wp\/v2\/users\/1755"}],"replies":[{"embeddable":true,"href":"https:\/\/www.juridicus.de\/blog\/wp-json\/wp\/v2\/comments?post=17585"}],"version-history":[{"count":3,"href":"https:\/\/www.juridicus.de\/blog\/wp-json\/wp\/v2\/posts\/17585\/revisions"}],"predecessor-version":[{"id":17753,"href":"https:\/\/www.juridicus.de\/blog\/wp-json\/wp\/v2\/posts\/17585\/revisions\/17753"}],"wp:attachment":[{"href":"https:\/\/www.juridicus.de\/blog\/wp-json\/wp\/v2\/media?parent=17585"}],"wp:term":[{"taxonomy":"category","embeddable":true,"href":"https:\/\/www.juridicus.de\/blog\/wp-json\/wp\/v2\/categories?post=17585"},{"taxonomy":"post_tag","embeddable":true,"href":"https:\/\/www.juridicus.de\/blog\/wp-json\/wp\/v2\/tags?post=17585"}],"curies":[{"name":"wp","href":"https:\/\/api.w.org\/{rel}","templated":true}]}}