{"id":17592,"date":"2024-07-09T12:00:31","date_gmt":"2024-07-09T10:00:31","guid":{"rendered":"https:\/\/www.juridicus.de\/blog\/?p=17592"},"modified":"2024-07-02T10:06:29","modified_gmt":"2024-07-02T08:06:29","slug":"protokoll-der-muendlichen-pruefung-zum-1-staatsexamen-saarland-vom-juni-2024","status":"publish","type":"post","link":"https:\/\/www.juridicus.de\/blog\/protokoll-der-muendlichen-pruefung-zum-1-staatsexamen-saarland-vom-juni-2024\/","title":{"rendered":"Protokoll der m\u00fcndlichen Pr\u00fcfung zum 1. Staatsexamen &#8211; Saarland vom Juni 2024"},"content":{"rendered":"[vc_row type=&#8220;in_container&#8220; scene_position=&#8220;center&#8220; text_color=&#8220;dark&#8220; text_align=&#8220;left&#8220; overlay_strength=&#8220;0.3&#8243;][vc_column column_padding=&#8220;no-extra-padding&#8220; column_padding_position=&#8220;all&#8220; background_color_opacity=&#8220;1&#8243; background_hover_color_opacity=&#8220;1&#8243; width=&#8220;1\/1&#8243;][vc_column_text]\n<h2>Pr\u00fcfungsthemen: \u00d6ffentliches Recht<\/h2>\n[\/vc_column_text]<div  class=\"divider\"><\/div>[vc_column_text]\n<h2>Vorpunkte der Kandidaten<\/h2>\n[\/vc_column_text]<div  class=\"divider\"><\/div>[vc_column_text]\n<table width=\"265\">\n<tbody>\n<tr>\n<td width=\"189\">\n<p style=\"text-align: left;\">Kandidat<\/p>\n<\/td>\n<td width=\"76\">\n<p style=\"text-align: center;\">1<\/p>\n<\/td>\n<\/tr>\n<tr>\n<td width=\"189\">\n<p style=\"text-align: left;\">Endpunkte<\/p>\n<\/td>\n<td width=\"76\">\n<p style=\"text-align: center;\">12,86<\/p>\n<\/td>\n<\/tr>\n<tr>\n<td width=\"189\">\n<p style=\"text-align: left;\">Endnote<\/p>\n<\/td>\n<td width=\"76\">\n<p style=\"text-align: center;\">13,25<\/p>\n<\/td>\n<\/tr>\n<\/tbody>\n<\/table>\n[\/vc_column_text][vc_column_text]\n<h2 style=\"text-align: justify;\">Zur Sache:<\/h2>\n<p style=\"text-align: justify;\"><strong>Pr\u00fcfungsstoff:<\/strong> protokollfest<\/p>\n<p style=\"text-align: justify;\"><strong>Pr\u00fcfungsthemen: <\/strong>Widerspruch in Ministerium &#8211; Vertragsverletzungsverfahren &#8211; Grunds\u00e4tze EU-Recht &#8211; Vollstreckungsrecht<\/p>\n<p style=\"text-align: justify;\"><strong>Paragraphen: <\/strong><a href=\"https:\/\/dejure.org\/gesetze\/VwGO\/123.html\">\u00a768 VwGO, \u00a719 GG, \u00a7258 AEUV, \u00a7 288 AEUV<\/a><\/p>\n<p style=\"text-align: justify;\"><strong><span style=\"line-height: 1.5;\">Pr\u00fcfungsgespr\u00e4ch:<\/span><\/strong>\u00a0 Frage-Antwort, Intensivbefragung Einzelner, verfolgt Zwischenthemen, l\u00e4sst sich ablenken<\/p>\n[\/vc_column_text][vc_column_text]\n[\/vc_column_text][\/vc_column][\/vc_row][vc_row type=&#8220;in_container&#8220; scene_position=&#8220;center&#8220; text_color=&#8220;dark&#8220; text_align=&#8220;left&#8220; overlay_strength=&#8220;0.3&#8243;][vc_column column_padding=&#8220;no-extra-padding&#8220; column_padding_position=&#8220;all&#8220; background_color_opacity=&#8220;1&#8243; background_hover_color_opacity=&#8220;1&#8243; width=&#8220;1\/1&#8243;][vc_column_text]\n<h2 style=\"text-align: justify;\">Pr\u00fcfungsgespr\u00e4ch:<\/h2>\n<p style=\"text-align: justify;\">Wir begannen mit einem kleinen m\u00fcndlichen Fall. Ein Kollege im Ministerium kommt zu Ihnen und legt Ihnen ein Schreiben, vor in dem ein B\u00fcrger bittet, seine Subvention nicht zu &#8222;widerrufen&#8220;. Dieses ging am 15.05 ein. Warum ist der Kollege aufgew\u00fchlt? Es dauerte etwas, bis wir verstanden, worauf der Pr\u00fcfer hinauswollte. Es ging ihm darum, dass das Schreiben (das als Widerspruch ausgelegt werden kann, Art, 19 IV GG), beim Ministerium einging. Gegen dieses ist jedoch gar kein Widerspruch statthaft, vgl. <a href=\"https:\/\/dejure.org\/gesetze\/VwGO\/68.html\" target=\"_blank\" title=\"&sect; 68 VwGO [Vorverfahren]\">\u00a7 68 VwGO<\/a>. Wir sprachen \u00fcber effektiven Rechtsschutz und was die Beh\u00f6rde nun machen muss, da eine etwaige Klage bald verfristet w\u00e4re. Antwort: nichts, da schon ordnungsgem\u00e4\u00dfe Rechtsmittelbelehrung. Wir sprachen also um den Umfang und die Anforderungen an effektiven Rechtsschutz und den Gehalt des <a href=\"https:\/\/dejure.org\/gesetze\/GG\/19.html\" target=\"_blank\" title=\"Art. 19 GG\">Art. 19 IV GG<\/a>. Dann ging ein gro\u00dfer Europarechtsblock los. Es ging im Gro\u00dfen und Ganzen um: &#8211; <a href=\"https:\/\/dejure.org\/gesetze\/GG\/23.html\" target=\"_blank\" title=\"Art. 23 GG\">Art. 23 GG<\/a>; was ist eine Zustimmung, was ist ein Einspruchsgesetz? &#8211; Rechtsquellen des EU Rechts, Prinzip der begrenzten Einzelerm\u00e4chtigung, in welchem Verh\u00e4ltnis stehen EU und DE &#8211; kann EU-Steuern erheben? mangelnde Kompetenz-Kompetenz, Verh\u00e4ltnis zum Mitgliedstaat, Prinzip der begrenzten Einzelerm\u00e4chtigung &#8211; Anforderungen der unmittelbaren Anwendbarkeit von Richtlinien. Was muss der B\u00fcrger tun, wenn diese nicht angewendet werden? &#8211; Vertragsverletzungsverfahren. Dies nahm er sehr genau und wollte den genauen Ablauf des Vorverfahrens und des Verfahrens wissen. Auch die Terminologie war ihm sehr wichtig. &#8211; Rechtsfolge des Vertragsverletzungsverfahrens, M\u00f6glichkeit des <a href=\"https:\/\/dejure.org\/gesetze\/EUV\/7.html\" target=\"_blank\" title=\"&sect; 7 EUV: (ex-Artikel 7 EUV)\">Art. 7 EUV<\/a> &#8211; In welches Verh\u00e4ltnis stehen EuGH und BVerfG. In diesem Zusammenhang Solange I\/II, Identit\u00e4tskontrolle, ultra-vires &#8211; Beispiel f\u00fcr ultra-vires: EZB-Urteil und Honeywell &#8211; was w\u00e4ren die M\u00f6glichkeiten f\u00fcr ein besseres Verh\u00e4ltnis zwischen EuGH und BVerfG (Vorschlag Kollegin: gemeinsamer Senat etc.) &#8211; Normenkontrolle vor dem BVerfG Nach diesem langen Block ging es noch 10 min um Vollstreckungsrecht. Fall: Mann f\u00e4hrt immer mit Lastenrad auf Stra\u00dfe und blockiert alles. Polizei sagt ihm, er soll auf Fahrradweg fahren. Auch ergeht eine solche Anordnung von Polizeiverwaltungsbeh\u00f6rde + Zwangsmittelandrohung. Er h\u00e4lt sich dran und beim n\u00e4chsten Mal nimmt ihm die Polizei sein Fahrrad weg. Was kann der Mann tun? In diesem Kontext sprachen wir \u00fcber: &#8211; Sicherstellung als VA oder Realakt? &#8211; Sicherstellung nach SPolG: Fiktion einer Duldungsverf\u00fcgung als VA &#8211; Vollstreckung der StVO nach dem SVwVG &#8211; Zust\u00e4ndigkeit beim Widerspruch, Rechtsaussch\u00fcsse, hier jedoch Minister<\/p>\n[\/vc_column_text]<div  class=\"divider\"><\/div>[vc_column_text]\n<p style=\"text-align: justify;\">Bei den obigen anonymisierten Protokollen handelt es sich um eine Original-Mitschrift aus dem ersten Staatsexamen der\u00a0<strong>M\u00fcndlichen Pr\u00fcfung im Saarland vom Juni 2024<\/strong>. Das Protokoll stammt aus dem Fundus des Protokollverleihs\u00a0<a href=\"http:\/\/www.juridicus.de\/pruefungsprotokolle\">Juridicus.de<\/a>.<\/p>\n<p style=\"text-align: justify;\">Weggelassen wurden die Angaben zum Pr\u00fcferverhalten. Die Schilderung des Falles und die L\u00f6sung beruhen ausschlie\u00dflich auf der Wahrnehmung des Pr\u00fcflings.<\/p>\n[\/vc_column_text][\/vc_column][\/vc_row][vc_row type=&#8220;in_container&#8220; scene_position=&#8220;center&#8220; text_color=&#8220;dark&#8220; text_align=&#8220;left&#8220; overlay_strength=&#8220;0.3&#8243;][vc_column column_padding=&#8220;no-extra-padding&#8220; column_padding_position=&#8220;all&#8220; background_color_opacity=&#8220;1&#8243; background_hover_color_opacity=&#8220;1&#8243; width=&#8220;1\/1&#8243;][vc_column_text]\n[\/vc_column_text][\/vc_column][\/vc_row][vc_row type=&#8220;full_width_background&#8220; scene_position=&#8220;center&#8220; text_color=&#8220;dark&#8220; text_align=&#8220;left&#8220; overlay_strength=&#8220;0.3&#8243;][vc_column column_padding=&#8220;no-extra-padding&#8220; column_padding_position=&#8220;all&#8220; background_color_opacity=&#8220;1&#8243; background_hover_color_opacity=&#8220;1&#8243; width=&#8220;1\/1&#8243;]<div  class=\"divider\"><\/div>[\/vc_column][\/vc_row]\n","protected":false},"excerpt":{"rendered":"<p>[vc_row type=&#8220;in_container&#8220; scene_position=&#8220;center&#8220; text_color=&#8220;dark&#8220; text_align=&#8220;left&#8220; overlay_strength=&#8220;0.3&#8243;][vc_column column_padding=&#8220;no-extra-padding&#8220; column_padding_position=&#8220;all&#8220; background_color_opacity=&#8220;1&#8243; background_hover_color_opacity=&#8220;1&#8243; width=&#8220;1\/1&#8243;][vc_column_text] Pr\u00fcfungsthemen: \u00d6ffentliches Recht [\/vc_column_text][vc_column_text] Vorpunkte der Kandidaten [\/vc_column_text][vc_column_text] Kandidat 1 Endpunkte 12,86 Endnote 13,25 [\/vc_column_text][vc_column_text] Zur Sache: Pr\u00fcfungsstoff: protokollfest Pr\u00fcfungsthemen: Widerspruch in Ministerium &#8211; Vertragsverletzungsverfahren &#8211; Grunds\u00e4tze EU-Recht &#8211; Vollstreckungsrecht Paragraphen: \u00a768 VwGO, \u00a719 GG, \u00a7258 AEUV, \u00a7 288 AEUV Pr\u00fcfungsgespr\u00e4ch:\u00a0 Frage-Antwort, Intensivbefragung Einzelner, verfolgt Zwischenthemen, l\u00e4sst sich ablenken [\/vc_column_text][vc_column_text] [\/vc_column_text][\/vc_column][\/vc_row][vc_row type=&#8220;in_container&#8220; scene_position=&#8220;center&#8220; text_color=&#8220;dark&#8220; text_align=&#8220;left&#8220; overlay_strength=&#8220;0.3&#8243;][vc_column column_padding=&#8220;no-extra-padding&#8220; column_padding_position=&#8220;all&#8220; background_color_opacity=&#8220;1&#8243;&#8230;<\/p>\n","protected":false},"author":1755,"featured_media":0,"comment_status":"open","ping_status":"open","sticky":false,"template":"","format":"standard","meta":{"footnotes":""},"categories":[2024,1711,2010,55],"tags":[],"class_list":["post-17592","post","type-post","status-publish","format-standard","hentry","category-1-staatsexamen","category-offentliches-recht-rechtsgebiet","category-protokolle","category-magazin"],"_links":{"self":[{"href":"https:\/\/www.juridicus.de\/blog\/wp-json\/wp\/v2\/posts\/17592","targetHints":{"allow":["GET"]}}],"collection":[{"href":"https:\/\/www.juridicus.de\/blog\/wp-json\/wp\/v2\/posts"}],"about":[{"href":"https:\/\/www.juridicus.de\/blog\/wp-json\/wp\/v2\/types\/post"}],"author":[{"embeddable":true,"href":"https:\/\/www.juridicus.de\/blog\/wp-json\/wp\/v2\/users\/1755"}],"replies":[{"embeddable":true,"href":"https:\/\/www.juridicus.de\/blog\/wp-json\/wp\/v2\/comments?post=17592"}],"version-history":[{"count":1,"href":"https:\/\/www.juridicus.de\/blog\/wp-json\/wp\/v2\/posts\/17592\/revisions"}],"predecessor-version":[{"id":17593,"href":"https:\/\/www.juridicus.de\/blog\/wp-json\/wp\/v2\/posts\/17592\/revisions\/17593"}],"wp:attachment":[{"href":"https:\/\/www.juridicus.de\/blog\/wp-json\/wp\/v2\/media?parent=17592"}],"wp:term":[{"taxonomy":"category","embeddable":true,"href":"https:\/\/www.juridicus.de\/blog\/wp-json\/wp\/v2\/categories?post=17592"},{"taxonomy":"post_tag","embeddable":true,"href":"https:\/\/www.juridicus.de\/blog\/wp-json\/wp\/v2\/tags?post=17592"}],"curies":[{"name":"wp","href":"https:\/\/api.w.org\/{rel}","templated":true}]}}