{"id":17648,"date":"2024-08-20T12:00:39","date_gmt":"2024-08-20T10:00:39","guid":{"rendered":"https:\/\/www.juridicus.de\/blog\/?p=17648"},"modified":"2024-08-19T11:46:06","modified_gmt":"2024-08-19T09:46:06","slug":"protokoll-der-muendlichen-pruefung-zum-1-staatsexamen-nrw-vom-juli-2024","status":"publish","type":"post","link":"https:\/\/www.juridicus.de\/blog\/protokoll-der-muendlichen-pruefung-zum-1-staatsexamen-nrw-vom-juli-2024\/","title":{"rendered":"Protokoll der m\u00fcndlichen Pr\u00fcfung zum 1. Staatsexamen &#8211; NRW vom Juli 2024"},"content":{"rendered":"[vc_row type=&#8220;in_container&#8220; scene_position=&#8220;center&#8220; text_color=&#8220;dark&#8220; text_align=&#8220;left&#8220; overlay_strength=&#8220;0.3&#8243;][vc_column column_padding=&#8220;no-extra-padding&#8220; column_padding_position=&#8220;all&#8220; background_color_opacity=&#8220;1&#8243; background_hover_color_opacity=&#8220;1&#8243; width=&#8220;1\/1&#8243;][vc_column_text]\n<h2>Pr\u00fcfungsthemen: \u00d6ffentliches Recht<\/h2>\n[\/vc_column_text]<div  class=\"divider\"><\/div>[vc_column_text]\n<h2>Vorpunkte der Kandidaten<\/h2>\n[\/vc_column_text]<div  class=\"divider\"><\/div>[vc_column_text]\n<table width=\"265\">\n<tbody>\n<tr>\n<td width=\"189\">\n<p style=\"text-align: left;\">Kandidat<\/p>\n<\/td>\n<td width=\"76\">\n<p style=\"text-align: center;\">1<\/p>\n<\/td>\n<\/tr>\n<tr>\n<td width=\"189\">\n<p style=\"text-align: left;\">Endpunkte<\/p>\n<\/td>\n<td width=\"76\">\n<p style=\"text-align: center;\">8,5<\/p>\n<\/td>\n<\/tr>\n<tr>\n<td width=\"189\">\n<p style=\"text-align: left;\">Endnote<\/p>\n<\/td>\n<td width=\"76\">\n<p style=\"text-align: center;\">1<\/p>\n<\/td>\n<\/tr>\n<\/tbody>\n<\/table>\n[\/vc_column_text][vc_column_text]\n<h2 style=\"text-align: justify;\">Zur Sache:<\/h2>\n<p style=\"text-align: justify;\"><strong>Pr\u00fcfungsstoff:<\/strong> aktuelle F\u00e4lle<\/p>\n<p style=\"text-align: justify;\"><strong>Pr\u00fcfungsthemen: <\/strong>Corona-Rechtsprechung des BVerfG bzgl. dem Recht auf schulische Bildung<\/p>\n<p style=\"text-align: justify;\"><strong>Paragraphen: <\/strong><a href=\"https:\/\/dejure.org\/gesetze\/VwGO\/123.html\">\u00a7113VwGO, \u00a71 GewO, \u00a735 VwGO, \u00a79 PolG<\/a><\/p>\n<p style=\"text-align: justify;\"><strong><span style=\"line-height: 1.5;\">Pr\u00fcfungsgespr\u00e4ch:<\/span><\/strong>\u00a0 Frage-Antwort, h\u00e4lt Reihenfolge ein, l\u00e4sst Meldungen zu, Fragestellung klar<\/p>\n[\/vc_column_text][vc_column_text]\n[\/vc_column_text][\/vc_column][\/vc_row][vc_row type=&#8220;in_container&#8220; scene_position=&#8220;center&#8220; text_color=&#8220;dark&#8220; text_align=&#8220;left&#8220; overlay_strength=&#8220;0.3&#8243;][vc_column column_padding=&#8220;no-extra-padding&#8220; column_padding_position=&#8220;all&#8220; background_color_opacity=&#8220;1&#8243; background_hover_color_opacity=&#8220;1&#8243; width=&#8220;1\/1&#8243;][vc_column_text]\n<h2 style=\"text-align: justify;\">Pr\u00fcfungsgespr\u00e4ch:<\/h2>\n<p style=\"text-align: justify;\">Direkt zu Beginn schilderte der Pr\u00fcfer einen Fall: Ein 13-j\u00e4hriger Sch\u00fcler S, der auf die st\u00e4dtische Realschule geht, verweigerte die Mitarbeit im Unterricht und warf Gegenst\u00e4nde auf seine Mitsch\u00fcler. Nach erzieherischen Ma\u00dfnahmen und einer schriftlichen Ermahnung geriet S eines Tages mit einem Mitsch\u00fcler in Streit. W\u00e4hrend der Mitsch\u00fcler lediglich Argumente vorbrachte, schlug S ihm ins Gesicht, wodurch der Mitsch\u00fcler ein blaues Auge erlitt. Der Klassenlehrer befragte S zu dem Vorfall, woraufhin S zun\u00e4chst alles leugnete, aber sp\u00e4ter zugab, seinen Mitsch\u00fcler geschlagen zu haben. Der Schulleiter bestellte daraufhin S und seinen Vater zum Gespr\u00e4ch. Im Gespr\u00e4ch leugnete S erneut das Geschehen, und sein Vater sagte, er glaube seinem Sohn und wies darauf hin, dass keine Belehrung durch die Klassenlehrerin vor der Befragung erfolgt sei und dass man zuerst mit ihm h\u00e4tte sprechen m\u00fcssen. Daraufhin wurde S f\u00fcr eine Woche vom Unterricht ausgeschlossen. Der Pr\u00fcfer wies darauf hin, dass der Unterrichtsausschluss auf \u00a7 53 SchulG NRW gest\u00fctzt sei. Seine Einstiegsfrage war, ob die Belehrungsvorschriften der StPO hier Anwendung finden k\u00f6nnten. Au\u00dferdem fragte er nach der Struktur von \u00a7 53 SchulG NRW. Er fragte, ob es ein Grundrecht gebe, das ein Recht auf Unterricht bzw. ein Recht auf schulische Bildung bestimmt (w\u00e4hrend der Corona-Zeit; BVerfG; <a href=\"https:\/\/dejure.org\/gesetze\/GG\/7.html\" target=\"_blank\" title=\"Art. 7 GG\">Art. 7 Abs.1 GG<\/a> i.V.m. <a href=\"https:\/\/dejure.org\/gesetze\/GG\/2.html\" target=\"_blank\" title=\"Art. 2 GG\">Art.2 Abs.1 GG<\/a>). Anschlie\u00dfend fragte er, ob ein solches Recht auch in der Landesverfassung NRW zu finden sei (Ja). Wir sprachen \u00fcber die Zustellungsformen f\u00fcr einen Verwaltungsakt. Der Pr\u00fcfer fragte, wer in diesem konkreten Fall der Klagegegner w\u00e4re. Wir mussten auch beantworten, was &#8222;auf andere Weise&#8220; in <a href=\"https:\/\/dejure.org\/gesetze\/BVwVfG\/37.html\" target=\"_blank\" title=\"&sect; 37 BVwVfG: Bestimmtheit und Form des Verwaltungsaktes; Rechtsbehelfsbelehrung\">\u00a7 37 Abs.2 VwVfG<\/a> NRW bedeutet und ein Beispiel daf\u00fcr nennen. Wir sprachen zudem \u00fcber das besondere Gewaltverh\u00e4ltnis, was darunter verstanden wird und wo es im Pr\u00fcfungsaufbau zu thematisieren ist. Er fragte, zwischen welchen beiden Seiten man bei einem besonderen Gewaltverh\u00e4ltnis unterscheidet (Grund- und Betriebsverh\u00e4ltnis) und wann im Beispiel Schule und Sch\u00fcler das Betriebs- bzw. das Grundverh\u00e4ltnis betroffen ist.<\/p>\n[\/vc_column_text]<div  class=\"divider\"><\/div>[vc_column_text]\n<p style=\"text-align: justify;\">Bei den obigen anonymisierten Protokollen handelt es sich um eine Original-Mitschrift aus dem ersten Staatsexamen der\u00a0<strong>M\u00fcndlichen Pr\u00fcfung in NRW vom Juli 2024<\/strong>. Das Protokoll stammt aus dem Fundus des Protokollverleihs\u00a0<a href=\"http:\/\/www.juridicus.de\/pruefungsprotokolle\">Juridicus.de<\/a>.<\/p>\n<p style=\"text-align: justify;\">Weggelassen wurden die Angaben zum Pr\u00fcferverhalten. Die Schilderung des Falles und die L\u00f6sung beruhen ausschlie\u00dflich auf der Wahrnehmung des Pr\u00fcflings.<\/p>\n[\/vc_column_text][\/vc_column][\/vc_row][vc_row type=&#8220;in_container&#8220; scene_position=&#8220;center&#8220; text_color=&#8220;dark&#8220; text_align=&#8220;left&#8220; overlay_strength=&#8220;0.3&#8243;][vc_column column_padding=&#8220;no-extra-padding&#8220; column_padding_position=&#8220;all&#8220; background_color_opacity=&#8220;1&#8243; background_hover_color_opacity=&#8220;1&#8243; width=&#8220;1\/1&#8243;][vc_column_text]\n[\/vc_column_text][\/vc_column][\/vc_row][vc_row type=&#8220;full_width_background&#8220; scene_position=&#8220;center&#8220; text_color=&#8220;dark&#8220; text_align=&#8220;left&#8220; overlay_strength=&#8220;0.3&#8243;][vc_column column_padding=&#8220;no-extra-padding&#8220; column_padding_position=&#8220;all&#8220; background_color_opacity=&#8220;1&#8243; background_hover_color_opacity=&#8220;1&#8243; width=&#8220;1\/1&#8243;]<div  class=\"divider\"><\/div>[\/vc_column][\/vc_row]\n","protected":false},"excerpt":{"rendered":"<p>[vc_row type=&#8220;in_container&#8220; scene_position=&#8220;center&#8220; text_color=&#8220;dark&#8220; text_align=&#8220;left&#8220; overlay_strength=&#8220;0.3&#8243;][vc_column column_padding=&#8220;no-extra-padding&#8220; column_padding_position=&#8220;all&#8220; background_color_opacity=&#8220;1&#8243; background_hover_color_opacity=&#8220;1&#8243; width=&#8220;1\/1&#8243;][vc_column_text] Pr\u00fcfungsthemen: \u00d6ffentliches Recht [\/vc_column_text][vc_column_text] Vorpunkte der Kandidaten [\/vc_column_text][vc_column_text] Kandidat 1 Endpunkte 8,5 Endnote 1 [\/vc_column_text][vc_column_text] Zur Sache: Pr\u00fcfungsstoff: aktuelle F\u00e4lle Pr\u00fcfungsthemen: Corona-Rechtsprechung des BVerfG bzgl. dem Recht auf schulische Bildung Paragraphen: \u00a7113VwGO, \u00a71 GewO, \u00a735 VwGO, \u00a79 PolG Pr\u00fcfungsgespr\u00e4ch:\u00a0 Frage-Antwort, h\u00e4lt Reihenfolge ein, l\u00e4sst Meldungen zu, Fragestellung klar [\/vc_column_text][vc_column_text] [\/vc_column_text][\/vc_column][\/vc_row][vc_row type=&#8220;in_container&#8220; scene_position=&#8220;center&#8220; text_color=&#8220;dark&#8220; text_align=&#8220;left&#8220; overlay_strength=&#8220;0.3&#8243;][vc_column column_padding=&#8220;no-extra-padding&#8220; column_padding_position=&#8220;all&#8220; background_color_opacity=&#8220;1&#8243; background_hover_color_opacity=&#8220;1&#8243;&#8230;<\/p>\n","protected":false},"author":1755,"featured_media":0,"comment_status":"open","ping_status":"open","sticky":false,"template":"","format":"standard","meta":{"footnotes":""},"categories":[2024,1711,2010,55],"tags":[],"class_list":["post-17648","post","type-post","status-publish","format-standard","hentry","category-1-staatsexamen","category-offentliches-recht-rechtsgebiet","category-protokolle","category-magazin"],"_links":{"self":[{"href":"https:\/\/www.juridicus.de\/blog\/wp-json\/wp\/v2\/posts\/17648","targetHints":{"allow":["GET"]}}],"collection":[{"href":"https:\/\/www.juridicus.de\/blog\/wp-json\/wp\/v2\/posts"}],"about":[{"href":"https:\/\/www.juridicus.de\/blog\/wp-json\/wp\/v2\/types\/post"}],"author":[{"embeddable":true,"href":"https:\/\/www.juridicus.de\/blog\/wp-json\/wp\/v2\/users\/1755"}],"replies":[{"embeddable":true,"href":"https:\/\/www.juridicus.de\/blog\/wp-json\/wp\/v2\/comments?post=17648"}],"version-history":[{"count":2,"href":"https:\/\/www.juridicus.de\/blog\/wp-json\/wp\/v2\/posts\/17648\/revisions"}],"predecessor-version":[{"id":17658,"href":"https:\/\/www.juridicus.de\/blog\/wp-json\/wp\/v2\/posts\/17648\/revisions\/17658"}],"wp:attachment":[{"href":"https:\/\/www.juridicus.de\/blog\/wp-json\/wp\/v2\/media?parent=17648"}],"wp:term":[{"taxonomy":"category","embeddable":true,"href":"https:\/\/www.juridicus.de\/blog\/wp-json\/wp\/v2\/categories?post=17648"},{"taxonomy":"post_tag","embeddable":true,"href":"https:\/\/www.juridicus.de\/blog\/wp-json\/wp\/v2\/tags?post=17648"}],"curies":[{"name":"wp","href":"https:\/\/api.w.org\/{rel}","templated":true}]}}