{"id":17657,"date":"2024-08-27T12:00:23","date_gmt":"2024-08-27T10:00:23","guid":{"rendered":"https:\/\/www.juridicus.de\/blog\/?p=17657"},"modified":"2024-08-19T11:52:08","modified_gmt":"2024-08-19T09:52:08","slug":"protokoll-der-muendlichen-pruefung-zum-1-staatsexamen-saarland-vom-august-2024","status":"publish","type":"post","link":"https:\/\/www.juridicus.de\/blog\/protokoll-der-muendlichen-pruefung-zum-1-staatsexamen-saarland-vom-august-2024\/","title":{"rendered":"Protokoll der m\u00fcndlichen Pr\u00fcfung zum 1. Staatsexamen &#8211; Saarland vom August 2024"},"content":{"rendered":"[vc_row type=&#8220;in_container&#8220; scene_position=&#8220;center&#8220; text_color=&#8220;dark&#8220; text_align=&#8220;left&#8220; overlay_strength=&#8220;0.3&#8243;][vc_column column_padding=&#8220;no-extra-padding&#8220; column_padding_position=&#8220;all&#8220; background_color_opacity=&#8220;1&#8243; background_hover_color_opacity=&#8220;1&#8243; width=&#8220;1\/1&#8243;][\/vc_column][\/vc_row][vc_row type=&#8220;in_container&#8220; scene_position=&#8220;center&#8220; text_color=&#8220;dark&#8220; text_align=&#8220;left&#8220; overlay_strength=&#8220;0.3&#8243;][vc_column column_padding=&#8220;no-extra-padding&#8220; column_padding_position=&#8220;all&#8220; background_color_opacity=&#8220;1&#8243; background_hover_color_opacity=&#8220;1&#8243; width=&#8220;1\/1&#8243;][vc_column_text]\n<h2>Pr\u00fcfungsthemen: Strafrecht<\/h2>\n[\/vc_column_text]<div  class=\"divider\"><\/div>[vc_column_text]\n<h2 style=\"text-align: justify;\">Vorpunkte der Kandidaten<\/h2>\n[\/vc_column_text][vc_column_text]\n<table width=\"265\">\n<tbody>\n<tr>\n<td width=\"189\">\n<p style=\"text-align: left;\">Kandidat<\/p>\n<\/td>\n<td width=\"76\">\n<p style=\"text-align: center;\">1<\/p>\n<\/td>\n<\/tr>\n<tr>\n<td width=\"189\">\n<p style=\"text-align: left;\">Endpunkte<\/p>\n<\/td>\n<td width=\"76\">\n<p style=\"text-align: center;\">8,5<\/p>\n<\/td>\n<\/tr>\n<tr>\n<td width=\"189\">\n<p style=\"text-align: left;\">Endnote<\/p>\n<\/td>\n<td width=\"76\">\n<p style=\"text-align: center;\">8,5<\/p>\n<\/td>\n<\/tr>\n<\/tbody>\n<\/table>\n[\/vc_column_text]<div  class=\"divider\"><\/div>[vc_column_text]\n<h2 style=\"text-align: justify;\">Zur Sache:<\/h2>\n<p style=\"text-align: justify;\"><strong>Pr\u00fcfungsstoff:\u00a0<\/strong>aktuelle F\u00e4lle<\/p>\n<p style=\"text-align: justify;\"><strong>Pr\u00fcfungsthemen: <\/strong>Gefangenenaustausch des Tiergartenm\u00f6rders BTM-Strafrecht<\/p>\n<p style=\"text-align: justify;\"><strong>Paragraphen: <\/strong><a href=\"https:\/\/dejure.org\/gesetze\/StGB\/263.html\">\u00a7456a StPO<\/a><strong><br \/>\n<\/strong><\/p>\n<p><strong>Pr\u00fcfungsgespr\u00e4ch: <\/strong>Frage-Antwort, h\u00e4lt Reihenfolge ein, verfolgt Zwischenthemen, l\u00e4sst sich ablenken[\/vc_column_text][vc_column_text]\n[\/vc_column_text][\/vc_column][\/vc_row][vc_row type=&#8220;in_container&#8220; scene_position=&#8220;center&#8220; text_color=&#8220;dark&#8220; text_align=&#8220;left&#8220; overlay_strength=&#8220;0.3&#8243;][vc_column column_padding=&#8220;no-extra-padding&#8220; column_padding_position=&#8220;all&#8220; background_color_opacity=&#8220;1&#8243; background_hover_color_opacity=&#8220;1&#8243; width=&#8220;1\/1&#8243;][vc_column_text]\n<h2 style=\"text-align: justify;\">Pr\u00fcfungsgespr\u00e4ch:<\/h2>\n<p style=\"text-align: justify;\">Der Einstieg der Pr\u00fcfung war die aktuelle Thematik um die Freilassung bzw. den Austausch des sog. Tiergartenm\u00f6rders. Die erste Frage war, wie dass, denn zu rechtfertigen sei bzw. was die gesetzliche Grundlage war. Genannt wurde direkt <a href=\"https:\/\/dejure.org\/gesetze\/StPO\/456a.html\" target=\"_blank\" title=\"&sect; 456a StPO: Absehen von Vollstreckung bei Auslieferung, &Uuml;berstellung oder Ausweisung\">\u00a7456a StPO<\/a>, der aufgrund der juristischen Berichterstattung im Vorfeld jedem der Pr\u00fcflinge bekannt war. Zuerst kam die Frage der Zust\u00e4ndigkeit auf. Das ist die Bundesanwaltschaft. Dann kam die Frage auf, weshalb das so sei, Die Antwort lie\u00df sich in <a href=\"https:\/\/dejure.org\/gesetze\/GVG\/142.html\" target=\"_blank\" title=\"&sect; 142 GVG\">\u00a7\u00a7 142 ff. GVG<\/a> finden und auch deshalb, weil erstinstanzliche vor dem OLG das Verfahren stattfand. Diese Grundlage mussten wir dann auch im GVG finden (bei den Vorschriften zum OLG <a href=\"https:\/\/dejure.org\/gesetze\/GVG\/122.html\" target=\"_blank\" title=\"&sect; 122 GVG\">\u00a7\u00a7 122 ff. GVG<\/a>. Dann gingen wir die Voraussetzungen durch und kamen darauf, dass es sich um eine Ermessensvorschrift handelt. Der Generalbundesanwalt hatte dieses Ermessen ausge\u00fcbt und eine Anwendung der Vorschrift abgelehnt. Wir er\u00f6rterten, weshalb er diese nicht anwenden wollte (insb., weil erst 5 Jahre in Haft; nach einer Verwaltungsvorschrift soll es erst. nach 13 Jahren m\u00f6glich sein) Dann kamen wir auf die Weisungsgebundenheit zu sprechen und dass diese in dem Fall ausge\u00fcbt wurde. In der restlichen Zeit (ca. 35min) besch\u00e4ftigte uns ein Fall aus BTM-Recht: A ist Drogenh\u00e4ndler und verkauft B 10 Gramm Kokain. Merkmal der Gewerbsm\u00e4\u00dfigkeit sei erf\u00fcllt. Die L\u00f6sung ergab sich aus \u00a7 29 BTMG. Er setzte kein Vorwissen aus dem BTM-Strafrecht voraus. Dann wandelte er ab: Es handelte sich um Mehl statt Kokain (in der Absicht zu t\u00e4uschen). Dabei thematisierten wir \u00a7 29 Abs. 6 der BTM-Imitate regelt und die Versuchsstrafbarkeiten. Auch pr\u00fcften wir noch schnell den Betrug durch und setzten uns mit den verschiedenen Verm\u00f6gensbegriffen auseinander. Alles insgesamt sehr machbar!<\/p>\n[\/vc_column_text]<div  class=\"divider\"><\/div>[vc_column_text]\n<p style=\"text-align: justify;\">Bei den obigen anonymisierten Protokollen handelt es sich um eine Original-Mitschrift aus dem ersten Staatsexamen der\u00a0<strong>M\u00fcndlichen Pr\u00fcfung im Saarland vom August 2024<\/strong>. Das Protokoll stammt aus dem Fundus des Protokollverleihs\u00a0<a href=\"http:\/\/www.juridicus.de\/pruefungsprotokolle\">Juridicus.de<\/a>.<\/p>\n<p style=\"text-align: justify;\">Weggelassen wurden die Angaben zum Pr\u00fcferverhalten. Die Schilderung des Falles und die L\u00f6sung beruhen ausschlie\u00dflich auf der Wahrnehmung des Pr\u00fcflings.<\/p>\n[\/vc_column_text][\/vc_column][\/vc_row]\n","protected":false},"excerpt":{"rendered":"<p>[vc_row type=&#8220;in_container&#8220; scene_position=&#8220;center&#8220; text_color=&#8220;dark&#8220; text_align=&#8220;left&#8220; overlay_strength=&#8220;0.3&#8243;][vc_column column_padding=&#8220;no-extra-padding&#8220; column_padding_position=&#8220;all&#8220; background_color_opacity=&#8220;1&#8243; background_hover_color_opacity=&#8220;1&#8243; width=&#8220;1\/1&#8243;][\/vc_column][\/vc_row][vc_row type=&#8220;in_container&#8220; scene_position=&#8220;center&#8220; text_color=&#8220;dark&#8220; text_align=&#8220;left&#8220; overlay_strength=&#8220;0.3&#8243;][vc_column column_padding=&#8220;no-extra-padding&#8220; column_padding_position=&#8220;all&#8220; background_color_opacity=&#8220;1&#8243; background_hover_color_opacity=&#8220;1&#8243; width=&#8220;1\/1&#8243;][vc_column_text] Pr\u00fcfungsthemen: Strafrecht [\/vc_column_text][vc_column_text] Vorpunkte der Kandidaten [\/vc_column_text][vc_column_text] Kandidat 1 Endpunkte 8,5 Endnote 8,5 [\/vc_column_text][vc_column_text] Zur Sache: Pr\u00fcfungsstoff:\u00a0aktuelle F\u00e4lle Pr\u00fcfungsthemen: Gefangenenaustausch des Tiergartenm\u00f6rders BTM-Strafrecht Paragraphen: \u00a7456a StPO Pr\u00fcfungsgespr\u00e4ch: Frage-Antwort, h\u00e4lt Reihenfolge ein, verfolgt Zwischenthemen, l\u00e4sst sich ablenken[\/vc_column_text][vc_column_text] [\/vc_column_text][\/vc_column][\/vc_row][vc_row type=&#8220;in_container&#8220; scene_position=&#8220;center&#8220; text_color=&#8220;dark&#8220; text_align=&#8220;left&#8220; overlay_strength=&#8220;0.3&#8243;][vc_column column_padding=&#8220;no-extra-padding&#8220; column_padding_position=&#8220;all&#8220; background_color_opacity=&#8220;1&#8243; background_hover_color_opacity=&#8220;1&#8243; width=&#8220;1\/1&#8243;][vc_column_text] Pr\u00fcfungsgespr\u00e4ch: Der&#8230;<\/p>\n","protected":false},"author":1755,"featured_media":0,"comment_status":"open","ping_status":"open","sticky":false,"template":"","format":"standard","meta":{"footnotes":""},"categories":[2024,2010,55,1715],"tags":[],"class_list":["post-17657","post","type-post","status-publish","format-standard","hentry","category-1-staatsexamen","category-protokolle","category-magazin","category-strafrecht-rechtsgebiet"],"_links":{"self":[{"href":"https:\/\/www.juridicus.de\/blog\/wp-json\/wp\/v2\/posts\/17657","targetHints":{"allow":["GET"]}}],"collection":[{"href":"https:\/\/www.juridicus.de\/blog\/wp-json\/wp\/v2\/posts"}],"about":[{"href":"https:\/\/www.juridicus.de\/blog\/wp-json\/wp\/v2\/types\/post"}],"author":[{"embeddable":true,"href":"https:\/\/www.juridicus.de\/blog\/wp-json\/wp\/v2\/users\/1755"}],"replies":[{"embeddable":true,"href":"https:\/\/www.juridicus.de\/blog\/wp-json\/wp\/v2\/comments?post=17657"}],"version-history":[{"count":1,"href":"https:\/\/www.juridicus.de\/blog\/wp-json\/wp\/v2\/posts\/17657\/revisions"}],"predecessor-version":[{"id":17659,"href":"https:\/\/www.juridicus.de\/blog\/wp-json\/wp\/v2\/posts\/17657\/revisions\/17659"}],"wp:attachment":[{"href":"https:\/\/www.juridicus.de\/blog\/wp-json\/wp\/v2\/media?parent=17657"}],"wp:term":[{"taxonomy":"category","embeddable":true,"href":"https:\/\/www.juridicus.de\/blog\/wp-json\/wp\/v2\/categories?post=17657"},{"taxonomy":"post_tag","embeddable":true,"href":"https:\/\/www.juridicus.de\/blog\/wp-json\/wp\/v2\/tags?post=17657"}],"curies":[{"name":"wp","href":"https:\/\/api.w.org\/{rel}","templated":true}]}}