{"id":17719,"date":"2024-10-09T09:00:03","date_gmt":"2024-10-09T07:00:03","guid":{"rendered":"https:\/\/www.juridicus.de\/blog\/?p=17719"},"modified":"2024-10-01T12:22:38","modified_gmt":"2024-10-01T10:22:38","slug":"gedaechtnisprotokoll-einer-echten-klausur-zum-1-staatsexamen-berlin-vom-april-2024","status":"publish","type":"post","link":"https:\/\/www.juridicus.de\/blog\/gedaechtnisprotokoll-einer-echten-klausur-zum-1-staatsexamen-berlin-vom-april-2024\/","title":{"rendered":"Ged\u00e4chtnisprotokoll einer echten Klausur zum 1. Staatsexamen &#8211; Berlin vom April 2024"},"content":{"rendered":"[vc_row type=&#8220;in_container&#8220; scene_position=&#8220;center&#8220; text_color=&#8220;dark&#8220; text_align=&#8220;left&#8220; overlay_strength=&#8220;0.3&#8243;][vc_column column_padding=&#8220;no-extra-padding&#8220; column_padding_position=&#8220;all&#8220; background_color_opacity=&#8220;1&#8243; background_hover_color_opacity=&#8220;1&#8243; width=&#8220;1\/1&#8243;]<div  class=\"divider\"><\/div>[vc_column_text]\n<h2>Pr\u00fcfungsfach: \u00a0Zivilrecht<\/h2>\n[\/vc_column_text][\/vc_column][\/vc_row][vc_row type=&#8220;in_container&#8220; scene_position=&#8220;center&#8220; text_color=&#8220;dark&#8220; text_align=&#8220;left&#8220; overlay_strength=&#8220;0.3&#8243;][vc_column column_padding=&#8220;no-extra-padding&#8220; column_padding_position=&#8220;all&#8220; background_color_opacity=&#8220;1&#8243; background_hover_color_opacity=&#8220;1&#8243; width=&#8220;1\/1&#8243;][vc_column_text]\n<h2 style=\"text-align: justify;\">Ged\u00e4chtnisprotokoll:<\/h2>\n<p style=\"text-align: justify;\">Die Klausur besteht aus mehreren Teilkomplexen eingebettet in ein von einem Verein auf dessen Grundst\u00fcck veranstaltetes. Im ersten Teil schlie\u00dft der Vorstand des Vereins einen Vertrag mit dem (f\u00e4lschlicherweise) eingetragenen Prokuristen einer GmbH einen Vertrag (geschuldet ist der Auftritt einer Band), dessen Erf\u00fcllung der (Allein-)Gesch\u00e4ftsf\u00fchrer verweigert. Daraufhin bestellt der Vereinsvorstand eine andere band, zu h\u00f6heren Kosten. Gefragt ist nach Anspr\u00fcchen des Vereins gegen die GmbH. Dabei unterl\u00e4uft einem Vereinsmitglied, das f\u00fcr seine T\u00e4tigkeit eine Aufwandsentsch\u00e4digung von nicht mehr als 840 Euro erhielt, ein Fehler beim Aufbau eines Zeltes. Dieses st\u00fcrzt in der Folge ein und verletzt einen (dem Verein nicht angeh\u00f6rigen) Besucher des Festes. Gefragt war hierbei zun\u00e4chst nach dem Vorliegen einer m\u00f6glichen Haftung des Vereins gg\u00fc. dem Besucher. Zudem war gefragt nach einer m\u00f6glichen Haftung des Vereins gg\u00fc. dem Besucher. Zus\u00e4tzlich stellte sich die Frage, ob fiktive Behandlungskosten ersatzf\u00e4hig sind (der gesch\u00e4digte gerichtete auf die operative Entfernung einer nach der Behandlung der Verletzung entstehenden Narbe). Im dritten Teil ist danach gefragt, ob der ein Pfandrecht an einem an einen Dritten sicherungs\u00fcbereignetem Gem\u00e4lde hat, dass in einer auf einem Grundst\u00fcck des Vereins befindlichen Gastst\u00e4tte befindlich ist, deren (ehemaliger P\u00e4chter) diesem aus dem Pachtverh\u00e4ltnis noch Geld schuldet.<\/p>\n[\/vc_column_text]<div  class=\"divider\"><\/div>[vc_column_text]\n<p style=\"text-align: justify;\">Bei den obigen Klausurprotokoll handelt es sich um das Ged\u00e4chtnisprotokoll einer <strong>echten Klausur vom April 2024 im ersten Staatsexamen in Berlin. <\/strong>Das Protokoll stammt aus dem Fundus des Protokollverleihs\u00a0<a href=\"http:\/\/www.juridicus.de\/pruefungsprotokolle\">Juridicus.de<\/a>.<\/p>\n<p style=\"text-align: justify;\">Die Schilderung des Falles und die L\u00f6sung beruhen ausschlie\u00dflich auf der Wahrnehmung des Pr\u00fcflings.<\/p>\n[\/vc_column_text][\/vc_column][\/vc_row][vc_row type=&#8220;full_width_background&#8220; scene_position=&#8220;center&#8220; text_color=&#8220;dark&#8220; text_align=&#8220;left&#8220; overlay_strength=&#8220;0.3&#8243;][vc_column column_padding=&#8220;no-extra-padding&#8220; column_padding_position=&#8220;all&#8220; background_color_opacity=&#8220;1&#8243; background_hover_color_opacity=&#8220;1&#8243; width=&#8220;1\/1&#8243;]<div  class=\"divider-border\"><\/div>[\/vc_column][\/vc_row]\n","protected":false},"excerpt":{"rendered":"<p>[vc_row type=&#8220;in_container&#8220; scene_position=&#8220;center&#8220; text_color=&#8220;dark&#8220; text_align=&#8220;left&#8220; overlay_strength=&#8220;0.3&#8243;][vc_column column_padding=&#8220;no-extra-padding&#8220; column_padding_position=&#8220;all&#8220; background_color_opacity=&#8220;1&#8243; background_hover_color_opacity=&#8220;1&#8243; width=&#8220;1\/1&#8243;][vc_column_text] Pr\u00fcfungsfach: \u00a0Zivilrecht [\/vc_column_text][\/vc_column][\/vc_row][vc_row type=&#8220;in_container&#8220; scene_position=&#8220;center&#8220; text_color=&#8220;dark&#8220; text_align=&#8220;left&#8220; overlay_strength=&#8220;0.3&#8243;][vc_column column_padding=&#8220;no-extra-padding&#8220; column_padding_position=&#8220;all&#8220; background_color_opacity=&#8220;1&#8243; background_hover_color_opacity=&#8220;1&#8243; width=&#8220;1\/1&#8243;][vc_column_text] Ged\u00e4chtnisprotokoll: Die Klausur besteht aus mehreren Teilkomplexen eingebettet in ein von einem Verein auf dessen Grundst\u00fcck veranstaltetes. Im ersten Teil schlie\u00dft der Vorstand des Vereins einen Vertrag mit dem (f\u00e4lschlicherweise) eingetragenen Prokuristen einer GmbH einen Vertrag (geschuldet ist der Auftritt einer Band), dessen Erf\u00fcllung der (Allein-)Gesch\u00e4ftsf\u00fchrer&#8230;<\/p>\n","protected":false},"author":1755,"featured_media":0,"comment_status":"open","ping_status":"open","sticky":false,"template":"","format":"standard","meta":{"footnotes":""},"categories":[2222,2221,55,1703],"tags":[],"class_list":["post-17719","post","type-post","status-publish","format-standard","hentry","category-1-staatsexamen-klausurprotokoll","category-klausurprotokoll","category-magazin","category-zivilrecht-rechtsgebiet"],"_links":{"self":[{"href":"https:\/\/www.juridicus.de\/blog\/wp-json\/wp\/v2\/posts\/17719","targetHints":{"allow":["GET"]}}],"collection":[{"href":"https:\/\/www.juridicus.de\/blog\/wp-json\/wp\/v2\/posts"}],"about":[{"href":"https:\/\/www.juridicus.de\/blog\/wp-json\/wp\/v2\/types\/post"}],"author":[{"embeddable":true,"href":"https:\/\/www.juridicus.de\/blog\/wp-json\/wp\/v2\/users\/1755"}],"replies":[{"embeddable":true,"href":"https:\/\/www.juridicus.de\/blog\/wp-json\/wp\/v2\/comments?post=17719"}],"version-history":[{"count":1,"href":"https:\/\/www.juridicus.de\/blog\/wp-json\/wp\/v2\/posts\/17719\/revisions"}],"predecessor-version":[{"id":17720,"href":"https:\/\/www.juridicus.de\/blog\/wp-json\/wp\/v2\/posts\/17719\/revisions\/17720"}],"wp:attachment":[{"href":"https:\/\/www.juridicus.de\/blog\/wp-json\/wp\/v2\/media?parent=17719"}],"wp:term":[{"taxonomy":"category","embeddable":true,"href":"https:\/\/www.juridicus.de\/blog\/wp-json\/wp\/v2\/categories?post=17719"},{"taxonomy":"post_tag","embeddable":true,"href":"https:\/\/www.juridicus.de\/blog\/wp-json\/wp\/v2\/tags?post=17719"}],"curies":[{"name":"wp","href":"https:\/\/api.w.org\/{rel}","templated":true}]}}