{"id":17723,"date":"2024-10-12T09:00:12","date_gmt":"2024-10-12T07:00:12","guid":{"rendered":"https:\/\/www.juridicus.de\/blog\/?p=17723"},"modified":"2024-10-05T10:04:06","modified_gmt":"2024-10-05T08:04:06","slug":"gedaechtnisprotokoll-einer-echten-klausur-zum-2-staatsexamen-hessen-im-maerz-2024","status":"publish","type":"post","link":"https:\/\/www.juridicus.de\/blog\/gedaechtnisprotokoll-einer-echten-klausur-zum-2-staatsexamen-hessen-im-maerz-2024\/","title":{"rendered":"Ged\u00e4chtnisprotokoll einer echten Klausur zum 2. Staatsexamen &#8211; Hessen im M\u00e4rz 2024"},"content":{"rendered":"[vc_row type=&#8220;in_container&#8220; scene_position=&#8220;center&#8220; text_color=&#8220;dark&#8220; text_align=&#8220;left&#8220; overlay_strength=&#8220;0.3&#8243;][vc_column column_padding=&#8220;no-extra-padding&#8220; column_padding_position=&#8220;all&#8220; background_color_opacity=&#8220;1&#8243; background_hover_color_opacity=&#8220;1&#8243; width=&#8220;1\/1&#8243;]<div  class=\"divider\"><\/div>[vc_column_text]\n<h2>Pr\u00fcfungsfach: \u00a0Strafrecht<\/h2>\n[\/vc_column_text][\/vc_column][\/vc_row][vc_row type=&#8220;in_container&#8220; scene_position=&#8220;center&#8220; text_color=&#8220;dark&#8220; text_align=&#8220;left&#8220; overlay_strength=&#8220;0.3&#8243;][vc_column column_padding=&#8220;no-extra-padding&#8220; column_padding_position=&#8220;all&#8220; background_color_opacity=&#8220;1&#8243; background_hover_color_opacity=&#8220;1&#8243; width=&#8220;1\/1&#8243;][vc_column_text]\n<h2>Ged\u00e4chtnisprotokoll:<\/h2>\n<div>\n<div style=\"text-align: justify;\">\n<p>Es handelte sich um eine Revisionsklausur aus Sicht einer anwaltlichen Beratung. Der Angeklagte wurde zu einer Freiheitsstrafe verurteilt. Der Angeklagte war mit dem Auto seines Freundes unterwegs, welches er sich geliehen hatte. Gem\u00e4\u00df seines gefassten Tatplans fuhr er auf einer Landstra\u00dfe auf den von dem Opfer gesteuerten Pkw auf, um es zum Anhalten des Fahrzeugs zu veranlassen und anschlie\u00dfend zu berauben. Das Opfer erkennt die deliktische Absicht des Angeklagten nicht, sondern hielt die Kollision f\u00fcr einen zuf\u00e4llig geschehenen Unfall. Sie hielt sich infolgedessen f\u00fcr verpflichtet anzuhalten. Nachdem das Opfer deshalb aus seinem Fahrzeug ausgestiegen ist, forderte der Angeklagte unter Drohung mit einer Waffe das Opfer auf, aus dem Auto Wertgegenst\u00e4nde auszuh\u00e4ndigen. Als dies ohne Erfolg blieb, durchsuchte der Angeklagte selbst das Auto und entnahm u.a. die Tasche des Opfers samt Mobiltelefon, Schl\u00fcssel und Bargeld. Daraufhin fuhr er mit dem Wagen seines Freundes davon. In den schriftlichen Urteilsgr\u00fcnden, wurde u.a. strafsch\u00e4rfend ber\u00fccksichtigt, dass der Angeklagte eine Waffe benutzte.<\/p>\n<\/div>\n<\/div>\n[\/vc_column_text]<div  class=\"divider\"><\/div>[vc_column_text]\n<p style=\"text-align: justify;\">Bei den obigen Klausurprotokoll handelt es sich um das Ged\u00e4chtnisprotokoll einer <strong>echten Klausur vom M\u00e4rz 2024 im zweiten Staatsexamen in Hessen.<\/strong>\u00a0Das Protokoll stammt aus dem Fundus des Protokollverleihs <a href=\"http:\/\/www.juridicus.de\/pruefungsprotokolle\">Juridicus.de<\/a>.<\/p>\n<p style=\"text-align: justify;\">Die Schilderung des Falles und die L\u00f6sung beruhen ausschlie\u00dflich auf der Wahrnehmung des Pr\u00fcflings.<\/p>\n[\/vc_column_text][\/vc_column][\/vc_row][vc_row type=&#8220;full_width_background&#8220; scene_position=&#8220;center&#8220; text_color=&#8220;dark&#8220; text_align=&#8220;left&#8220; overlay_strength=&#8220;0.3&#8243;][vc_column column_padding=&#8220;no-extra-padding&#8220; column_padding_position=&#8220;all&#8220; background_color_opacity=&#8220;1&#8243; background_hover_color_opacity=&#8220;1&#8243; width=&#8220;1\/1&#8243;]<div  class=\"divider-border\"><\/div>[\/vc_column][\/vc_row]\n","protected":false},"excerpt":{"rendered":"<p>[vc_row type=&#8220;in_container&#8220; scene_position=&#8220;center&#8220; text_color=&#8220;dark&#8220; text_align=&#8220;left&#8220; overlay_strength=&#8220;0.3&#8243;][vc_column column_padding=&#8220;no-extra-padding&#8220; column_padding_position=&#8220;all&#8220; background_color_opacity=&#8220;1&#8243; background_hover_color_opacity=&#8220;1&#8243; width=&#8220;1\/1&#8243;][vc_column_text] Pr\u00fcfungsfach: \u00a0Strafrecht [\/vc_column_text][\/vc_column][\/vc_row][vc_row type=&#8220;in_container&#8220; scene_position=&#8220;center&#8220; text_color=&#8220;dark&#8220; text_align=&#8220;left&#8220; overlay_strength=&#8220;0.3&#8243;][vc_column column_padding=&#8220;no-extra-padding&#8220; column_padding_position=&#8220;all&#8220; background_color_opacity=&#8220;1&#8243; background_hover_color_opacity=&#8220;1&#8243; width=&#8220;1\/1&#8243;][vc_column_text] Ged\u00e4chtnisprotokoll: Es handelte sich um eine Revisionsklausur aus Sicht einer anwaltlichen Beratung. Der Angeklagte wurde zu einer Freiheitsstrafe verurteilt. Der Angeklagte war mit dem Auto seines Freundes unterwegs, welches er sich geliehen hatte. Gem\u00e4\u00df seines gefassten Tatplans fuhr er auf einer Landstra\u00dfe auf den von dem&#8230;<\/p>\n","protected":false},"author":1755,"featured_media":0,"comment_status":"open","ping_status":"open","sticky":false,"template":"","format":"standard","meta":{"footnotes":""},"categories":[2223,2221,55,1715],"tags":[],"class_list":["post-17723","post","type-post","status-publish","format-standard","hentry","category-2-staatsexamen-klausurprotokoll","category-klausurprotokoll","category-magazin","category-strafrecht-rechtsgebiet"],"_links":{"self":[{"href":"https:\/\/www.juridicus.de\/blog\/wp-json\/wp\/v2\/posts\/17723","targetHints":{"allow":["GET"]}}],"collection":[{"href":"https:\/\/www.juridicus.de\/blog\/wp-json\/wp\/v2\/posts"}],"about":[{"href":"https:\/\/www.juridicus.de\/blog\/wp-json\/wp\/v2\/types\/post"}],"author":[{"embeddable":true,"href":"https:\/\/www.juridicus.de\/blog\/wp-json\/wp\/v2\/users\/1755"}],"replies":[{"embeddable":true,"href":"https:\/\/www.juridicus.de\/blog\/wp-json\/wp\/v2\/comments?post=17723"}],"version-history":[{"count":1,"href":"https:\/\/www.juridicus.de\/blog\/wp-json\/wp\/v2\/posts\/17723\/revisions"}],"predecessor-version":[{"id":17724,"href":"https:\/\/www.juridicus.de\/blog\/wp-json\/wp\/v2\/posts\/17723\/revisions\/17724"}],"wp:attachment":[{"href":"https:\/\/www.juridicus.de\/blog\/wp-json\/wp\/v2\/media?parent=17723"}],"wp:term":[{"taxonomy":"category","embeddable":true,"href":"https:\/\/www.juridicus.de\/blog\/wp-json\/wp\/v2\/categories?post=17723"},{"taxonomy":"post_tag","embeddable":true,"href":"https:\/\/www.juridicus.de\/blog\/wp-json\/wp\/v2\/tags?post=17723"}],"curies":[{"name":"wp","href":"https:\/\/api.w.org\/{rel}","templated":true}]}}