{"id":17790,"date":"2024-12-03T12:00:27","date_gmt":"2024-12-03T11:00:27","guid":{"rendered":"https:\/\/www.juridicus.de\/blog\/?p=17790"},"modified":"2024-11-25T12:37:27","modified_gmt":"2024-11-25T11:37:27","slug":"protokoll-der-muendlichen-pruefung-zum-1-staatsexamen-niedersachsen-vom-september-2024-2","status":"publish","type":"post","link":"https:\/\/www.juridicus.de\/blog\/protokoll-der-muendlichen-pruefung-zum-1-staatsexamen-niedersachsen-vom-september-2024-2\/","title":{"rendered":"Protokoll der m\u00fcndlichen Pr\u00fcfung zum 1. Staatsexamen &#8211; Niedersachsen vom September 2024"},"content":{"rendered":"[vc_row type=&#8220;in_container&#8220; scene_position=&#8220;center&#8220; text_color=&#8220;dark&#8220; text_align=&#8220;left&#8220; overlay_strength=&#8220;0.3&#8243;][vc_column column_padding=&#8220;no-extra-padding&#8220; column_padding_position=&#8220;all&#8220; background_color_opacity=&#8220;1&#8243; background_hover_color_opacity=&#8220;1&#8243; width=&#8220;1\/1&#8243;][vc_column_text]\n<h2>Pr\u00fcfungsthemen: \u00d6ffentliches Recht<\/h2>\n[\/vc_column_text]<div  class=\"divider\"><\/div>[vc_column_text]\n<h2 style=\"text-align: justify;\">Vorpunkte der Kandidaten<\/h2>\n[\/vc_column_text][vc_column_text]\n<table width=\"265\">\n<tbody>\n<tr>\n<td width=\"189\">\n<p style=\"text-align: left;\">Kandidat<\/p>\n<\/td>\n<td width=\"76\">\n<p style=\"text-align: center;\">1<\/p>\n<\/td>\n<\/tr>\n<tr>\n<td width=\"189\">\n<p style=\"text-align: left;\">Endpunkte<\/p>\n<\/td>\n<td width=\"76\">\n<p style=\"text-align: center;\">9,85<\/p>\n<\/td>\n<\/tr>\n<tr>\n<td width=\"189\">\n<p style=\"text-align: left;\">Endnote<\/p>\n<\/td>\n<td width=\"76\">\n<p style=\"text-align: center;\">9,85<\/p>\n<\/td>\n<\/tr>\n<\/tbody>\n<\/table>\n[\/vc_column_text]<div  class=\"divider\"><\/div>[vc_column_text]\n<h2 style=\"text-align: justify;\">Zur Sache:<\/h2>\n<p style=\"text-align: justify;\"><strong>Pr\u00fcfungsthemen: <\/strong>Zul\u00e4ssigkeit einer Verpflichtungsklage, insbesondere Er\u00f6ffnung des Verwaltungsrechtswegs. In der Begr\u00fcndetheit nur knapp auf <a href=\"https:\/\/dejure.org\/gesetze\/BauNVO\/4.html\" target=\"_blank\" title=\"&sect; 4 BauNVO: Allgemeine Wohngebiete\">\u00a7 4 BauNVO<\/a> zu sprechen gekommen.<\/p>\n<p style=\"text-align: justify;\"><strong>Paragraphen: <\/strong><a href=\"https:\/\/dejure.org\/gesetze\/VwGO\/123.html\">\u00a740 VwGO, \u00a742 VwGO, \u00a714 GG, \u00a74 BauNVO<\/a><\/p>\n<p style=\"text-align: justify;\"><strong><span style=\"line-height: 1.5;\">Pr\u00fcfungsgespr\u00e4ch:<\/span><\/strong> Frage-Antwort-Diskussion, verfolgt Zwischenthemen, l\u00e4sst sich ablenken<\/p>\n[\/vc_column_text][vc_column_text]\n[\/vc_column_text][\/vc_column][\/vc_row][vc_row type=&#8220;in_container&#8220; scene_position=&#8220;center&#8220; text_color=&#8220;dark&#8220; text_align=&#8220;left&#8220; overlay_strength=&#8220;0.3&#8243;][vc_column column_padding=&#8220;no-extra-padding&#8220; column_padding_position=&#8220;all&#8220; background_color_opacity=&#8220;1&#8243; background_hover_color_opacity=&#8220;1&#8243; width=&#8220;1\/1&#8243;][vc_column_text]\n<h2 style=\"text-align: justify;\">Pr\u00fcfungsgespr\u00e4ch:<\/h2>\n<p style=\"text-align: justify;\">Zu Beginn hat uns die Pr\u00fcferin einen Fall vorgelesen, in welchem es um K ging, die in einem allgemeinen Wohngebiet Mieterin in einer Wohnung im 6. Obergeschoss ist. In einem Park in der Nachbarschaft in 25 Meter Entfernung befindet sich ein Hundespielplatz, den ein B\u00fcrgerverein aufgrund eines Nutzungsvertrages mit der Stadt dort betrieb. Dieser war urspr\u00fcnglich von 7 \u2013 22 Uhr ge\u00f6ffnet, doch nach einem Gutachten \u00fcber Schallimmissionen wurden die \u00d6ffnungszeiten reduziert, so dass er nunmehr werktags von 8 \u2013 20 Uhr und Sonn- und feiertags 9 &#8211; 13 Uhr und 15 \u2013 20 Uhr ge\u00f6ffnet ist. K meint, der L\u00e4rm vom Hundespielplatz sei zu laut, au\u00dferdem kletterten immer wieder auch au\u00dferhalb der \u00d6ffnungszeiten Leute \u00fcber die Z\u00e4une, weshalb der L\u00e4rm teils auch nachts weitergehe. Somit sei er unzumutbar, weshalb die Anlage unverz\u00fcglich geschlossen werden solle. Der Dezernent der Stadt entgegnete, dass der L\u00e4rm hinzunehmen sei, da er sich im Rahmen des \u00dcblichen bewege und insbesondere das Hundegebell gro\u00dfstadttypisch sei. Kann K sich mit Erfolg an die Verwaltungsgerichte wenden? Wie \u00fcblich haben wir mit der Pr\u00fcfung der Zul\u00e4ssigkeit begonnen. Schon die Pr\u00fcfung der Er\u00f6ffnung des Verwaltungsrechtsweg nahm dabei eine lange Zeit in Anspruch. Zun\u00e4chst wurden ab- und aufdr\u00e4ngende Sonderzuweisungen verneint und die drei wesentlichen Theorien zur Bestimmung einer Streitigkeit \u00f6ffentlich-rechtlicher Art genannt. Dann wurde jeder dieser Theorien n\u00e4her beleuchtet und der Fall munter darunter subsumiert, bis die Reihe an mich kam und ich darauf hinwies, dass die Theorien die Abgrenzung anhand der streitentscheidenden Normen vornehmen, welche wir aber noch gar nicht spezifiziert haben. Daraufhin haben wir uns auf die BauNVO geeinigt und konnten nach der Er\u00f6ffnung des Verwaltungsrechtswegs schlie\u00dflich weiter pr\u00fcfen. Doch bei der statthaften Antragsart wurde es nicht fl\u00fcssiger. Es wurde \u00fcberlegt, welches Begehr die K hat. Dabei kam uns auch Eilrechtsschutz in den Sinn, schlie\u00dflich wollte K eine \u201eunverz\u00fcgliche\u201c Schlie\u00dfung der Anlage erreichen, doch auf Eilrechtsschutz wollte die Pr\u00fcferin nicht hinaus. Dann wurde gepr\u00fcft, ob K den Nutzungsvertrag mit dem B\u00fcrgerverein angreifen wollte, oder etwa einen Verwaltungsakt (Baunutzungsuntersagung) erzwingen wollte. Die Pr\u00fcferin meinte aber, K wollte, das rein tats\u00e4chliche \u201eAbschlie\u00dfen\u201c der Tore des Hundespielplatzes erreichen (was so aus dem Sachverhalt nicht deutlich wurde). Da dieses einen Realakt darstellt, war als statthafte Klageart also die allgemeine Leistungsklage einschl\u00e4gig. Hier war die Pr\u00fcferin die Bezeichnung als allgemeine Leistungsklage in Abgrenzung zur besonderen Leistungsklage in Form der Verpflichtungsklage wichtig. Im Rahmen der Pr\u00fcfung der statthaften Klageart wurden wir au\u00dferdem noch recht ausf\u00fchrlich \u00fcber die Subsidiarit\u00e4t der Feststellungsklage befragt. Dann war die Klagebefugnis analog <a href=\"https:\/\/dejure.org\/gesetze\/VwGO\/42.html\" target=\"_blank\" title=\"&sect; 42 VwGO [Anfechtungs- und Verpflichtungsklage, Klagebefugnis]\">\u00a7 42 II VwGO<\/a> zu pr\u00fcfen, wobei als m\u00f6glicherweise verletztes subjektives Recht der K vor allem das Eigentumsgrundrecht aus <a href=\"https:\/\/dejure.org\/gesetze\/GG\/14.html\" target=\"_blank\" title=\"Art. 14 GG\">Art. 14 GG<\/a> genannt wurde, wobei der Unterschied zum privatrechtlichen Eigentumsbegriff aufzuzeigen war. Daneben kam noch eine Verletzung von <a href=\"https:\/\/dejure.org\/gesetze\/GG\/2.html\" target=\"_blank\" title=\"Art. 2 GG\">Art. 2 II 1 GG<\/a> in Betracht. Im Rahmen der Klagebefugnis war auch noch das \u201eSonderopfer\u201c der K anzusprechen sowie die damit verbundene Schwellentheorie zu nennen. Im Ergebnis war nicht auszuschlie\u00dfen, dass K einen \u00f6ffentlich-rechtlichen Abwehr- und Unterlassungsanspruch gegen die Stadt hatte und die Klagebefugnis daher zu bejahen. Hier n\u00e4herte sich die Pr\u00fcfungszeit schon dem Ende, weshalb wir noch schnell in die Begr\u00fcndetheit gesprungen sind. Im Rahmen der Begr\u00fcndetheit konnten wir aufgrund der wenigen verbleibenden Zeit nicht mehr ordentlich strukturiert pr\u00fcfen, sondern haben schnell festgestellt, dass in <a href=\"https:\/\/dejure.org\/gesetze\/BauNVO\/4.html\" target=\"_blank\" title=\"&sect; 4 BauNVO: Allgemeine Wohngebiete\">\u00a7 4 II Nr. 3 BauNVO<\/a> auch Anlagen f\u00fcr kulturelle und soziale Zwecke als in einem allgemeinen Wohngebiet zul\u00e4ssig normiert sind und haben dann vor allem im Sinne einer Verh\u00e4ltnism\u00e4\u00dfigkeitspr\u00fcfung Argumente f\u00fcr und gegen eine Schlie\u00dfung des Hundespielplatzes genannt und abgewogen. Da die Zeit dann auch schon vorbei war, musste dieser Teil eher oberfl\u00e4chlich bleiben. Als Ergebnis wurde noch festgehalten, dass die Klage der K zul\u00e4ssig, aber unbegr\u00fcndet ist.<\/p>\n[\/vc_column_text]<div  class=\"divider\"><\/div>[vc_column_text]\n<p style=\"text-align: justify;\">Bei den obigen anonymisierten Protokollen handelt es sich um eine Original-Mitschrift aus dem ersten Staatsexamen der\u00a0<strong>M\u00fcndlichen Pr\u00fcfung in Niedersachsen vom September 2024<\/strong>. Das Protokoll stammt aus dem Fundus des Protokollverleihs\u00a0<a href=\"http:\/\/www.juridicus.de\/pruefungsprotokolle\">Juridicus.de<\/a>.<\/p>\n<p style=\"text-align: justify;\">Weggelassen wurden die Angaben zum Pr\u00fcferverhalten. Die Schilderung des Falles und die L\u00f6sung beruhen ausschlie\u00dflich auf der Wahrnehmung des Pr\u00fcflings.<\/p>\n[\/vc_column_text][\/vc_column][\/vc_row][vc_row type=&#8220;in_container&#8220; scene_position=&#8220;center&#8220; text_color=&#8220;dark&#8220; text_align=&#8220;left&#8220; overlay_strength=&#8220;0.3&#8243;][vc_column column_padding=&#8220;no-extra-padding&#8220; column_padding_position=&#8220;all&#8220; background_color_opacity=&#8220;1&#8243; background_hover_color_opacity=&#8220;1&#8243; width=&#8220;1\/1&#8243;][vc_column_text]\n[\/vc_column_text][\/vc_column][\/vc_row][vc_row type=&#8220;full_width_background&#8220; scene_position=&#8220;center&#8220; text_color=&#8220;dark&#8220; text_align=&#8220;left&#8220; overlay_strength=&#8220;0.3&#8243;][vc_column column_padding=&#8220;no-extra-padding&#8220; column_padding_position=&#8220;all&#8220; background_color_opacity=&#8220;1&#8243; background_hover_color_opacity=&#8220;1&#8243; width=&#8220;1\/1&#8243;]<div  class=\"divider\"><\/div>[\/vc_column][\/vc_row]\n","protected":false},"excerpt":{"rendered":"<p>[vc_row type=&#8220;in_container&#8220; scene_position=&#8220;center&#8220; text_color=&#8220;dark&#8220; text_align=&#8220;left&#8220; overlay_strength=&#8220;0.3&#8243;][vc_column column_padding=&#8220;no-extra-padding&#8220; column_padding_position=&#8220;all&#8220; background_color_opacity=&#8220;1&#8243; background_hover_color_opacity=&#8220;1&#8243; width=&#8220;1\/1&#8243;][vc_column_text] Pr\u00fcfungsthemen: \u00d6ffentliches Recht [\/vc_column_text][vc_column_text] Vorpunkte der Kandidaten [\/vc_column_text][vc_column_text] Kandidat 1 Endpunkte 9,85 Endnote 9,85 [\/vc_column_text][vc_column_text] Zur Sache: Pr\u00fcfungsthemen: Zul\u00e4ssigkeit einer Verpflichtungsklage, insbesondere Er\u00f6ffnung des Verwaltungsrechtswegs. In der Begr\u00fcndetheit nur knapp auf \u00a7 4 BauNVO zu sprechen gekommen. Paragraphen: \u00a740 VwGO, \u00a742 VwGO, \u00a714 GG, \u00a74 BauNVO Pr\u00fcfungsgespr\u00e4ch: Frage-Antwort-Diskussion, verfolgt Zwischenthemen, l\u00e4sst sich ablenken [\/vc_column_text][vc_column_text] [\/vc_column_text][\/vc_column][\/vc_row][vc_row type=&#8220;in_container&#8220; scene_position=&#8220;center&#8220; text_color=&#8220;dark&#8220; text_align=&#8220;left&#8220;&#8230;<\/p>\n","protected":false},"author":1755,"featured_media":0,"comment_status":"open","ping_status":"open","sticky":false,"template":"","format":"standard","meta":{"footnotes":""},"categories":[2024,1711,2010,55],"tags":[],"class_list":["post-17790","post","type-post","status-publish","format-standard","hentry","category-1-staatsexamen","category-offentliches-recht-rechtsgebiet","category-protokolle","category-magazin"],"_links":{"self":[{"href":"https:\/\/www.juridicus.de\/blog\/wp-json\/wp\/v2\/posts\/17790","targetHints":{"allow":["GET"]}}],"collection":[{"href":"https:\/\/www.juridicus.de\/blog\/wp-json\/wp\/v2\/posts"}],"about":[{"href":"https:\/\/www.juridicus.de\/blog\/wp-json\/wp\/v2\/types\/post"}],"author":[{"embeddable":true,"href":"https:\/\/www.juridicus.de\/blog\/wp-json\/wp\/v2\/users\/1755"}],"replies":[{"embeddable":true,"href":"https:\/\/www.juridicus.de\/blog\/wp-json\/wp\/v2\/comments?post=17790"}],"version-history":[{"count":1,"href":"https:\/\/www.juridicus.de\/blog\/wp-json\/wp\/v2\/posts\/17790\/revisions"}],"predecessor-version":[{"id":17791,"href":"https:\/\/www.juridicus.de\/blog\/wp-json\/wp\/v2\/posts\/17790\/revisions\/17791"}],"wp:attachment":[{"href":"https:\/\/www.juridicus.de\/blog\/wp-json\/wp\/v2\/media?parent=17790"}],"wp:term":[{"taxonomy":"category","embeddable":true,"href":"https:\/\/www.juridicus.de\/blog\/wp-json\/wp\/v2\/categories?post=17790"},{"taxonomy":"post_tag","embeddable":true,"href":"https:\/\/www.juridicus.de\/blog\/wp-json\/wp\/v2\/tags?post=17790"}],"curies":[{"name":"wp","href":"https:\/\/api.w.org\/{rel}","templated":true}]}}