{"id":17804,"date":"2024-12-12T12:00:31","date_gmt":"2024-12-12T11:00:31","guid":{"rendered":"https:\/\/www.juridicus.de\/blog\/?p=17804"},"modified":"2024-12-04T11:55:49","modified_gmt":"2024-12-04T10:55:49","slug":"protokoll-der-muendlichen-pruefung-zum-2-staatsexamen-baden-wuerttemberg-vom-oktober-2024-2","status":"publish","type":"post","link":"https:\/\/www.juridicus.de\/blog\/protokoll-der-muendlichen-pruefung-zum-2-staatsexamen-baden-wuerttemberg-vom-oktober-2024-2\/","title":{"rendered":"Protokoll der m\u00fcndlichen Pr\u00fcfung zum 2. Staatsexamen &#8211; Baden-W\u00fcrttemberg vom Oktober 2024"},"content":{"rendered":"[vc_row type=&#8220;in_container&#8220; scene_position=&#8220;center&#8220; text_color=&#8220;dark&#8220; text_align=&#8220;left&#8220; overlay_strength=&#8220;0.3&#8243;][vc_column column_padding=&#8220;no-extra-padding&#8220; column_padding_position=&#8220;all&#8220; background_color_opacity=&#8220;1&#8243; background_hover_color_opacity=&#8220;1&#8243; width=&#8220;1\/1&#8243;][\/vc_column][\/vc_row][vc_row type=&#8220;in_container&#8220; scene_position=&#8220;center&#8220; text_color=&#8220;dark&#8220; text_align=&#8220;left&#8220; overlay_strength=&#8220;0.3&#8243;][vc_column column_padding=&#8220;no-extra-padding&#8220; column_padding_position=&#8220;all&#8220; background_color_opacity=&#8220;1&#8243; background_hover_color_opacity=&#8220;1&#8243; width=&#8220;1\/1&#8243;][vc_column_text]\n<h2>Pr\u00fcfungsthemen: Strafrecht<\/h2>\n[\/vc_column_text]<div  class=\"divider\"><\/div>[vc_column_text]\n<h2>Vorpunkte der Kandidaten<\/h2>\n[\/vc_column_text]<div  class=\"divider\"><\/div>[vc_column_text]\n<table width=\"265\">\n<tbody>\n<tr>\n<td width=\"189\">\n<p style=\"text-align: left;\">Kandidat<\/p>\n<\/td>\n<td width=\"76\">\n<p style=\"text-align: center;\">1<\/p>\n<\/td>\n<\/tr>\n<tr>\n<td width=\"189\">\n<p style=\"text-align: left;\">Endpunkte<\/p>\n<\/td>\n<td width=\"76\">\n<p style=\"text-align: center;\">8,53<\/p>\n<\/td>\n<\/tr>\n<tr>\n<td width=\"189\">\n<p style=\"text-align: left;\">Endnote<\/p>\n<\/td>\n<td width=\"76\">\n<p style=\"text-align: center;\">9,42<\/p>\n<\/td>\n<\/tr>\n<tr>\n<td width=\"189\">\n<p style=\"text-align: left;\">Endnote 1. Examen<\/p>\n<\/td>\n<td width=\"76\">\n<p style=\"text-align: center;\">7,5<\/p>\n<\/td>\n<\/tr>\n<\/tbody>\n<\/table>\n[\/vc_column_text]<div  class=\"divider\"><\/div>[vc_column_text]\n<h2 style=\"text-align: justify;\">Zur Sache:<\/h2>\n<p style=\"text-align: left;\"><strong>Pr\u00fcfungsthemen:\u00a0<\/strong>protokollfest<\/p>\n<p style=\"text-align: left;\"><strong>Pr\u00fcfungsthemen: <\/strong>\u00a0Beschwerde, <a href=\"https:\/\/dejure.org\/gesetze\/StGB\/315b.html\" target=\"_blank\" title=\"&sect; 315b StGB: Gef&auml;hrliche Eingriffe in den Stra&szlig;enverkehr\">\u00a7\u00a7 315b<\/a>, <a href=\"https:\/\/dejure.org\/gesetze\/StGB\/315c.html\" target=\"_blank\" title=\"&sect; 315c StGB: Gef&auml;hrdung des Stra&szlig;enverkehrs\">315c<\/a>, <a href=\"https:\/\/dejure.org\/gesetze\/StGB\/223.html\" target=\"_blank\" title=\"&sect; 223 StGB: K&ouml;rperverletzung\">223<\/a>, <a href=\"https:\/\/dejure.org\/gesetze\/StGB\/224.html\" target=\"_blank\" title=\"&sect; 224 StGB: Gef&auml;hrliche K&ouml;rperverletzung\">224 StGB<\/a><\/p>\n<p style=\"text-align: justify;\"><strong>Paragraphen: <\/strong><a href=\"https:\/\/dejure.org\/gesetze\/BGB\/311b.html\">\u00a7315b StGB<\/a><\/p>\n<p style=\"text-align: justify;\"><strong><span style=\"line-height: 1.5;\">Pr\u00fcfungsgespr\u00e4ch: <\/span><\/strong><span style=\"line-height: 1.5;\">Frage-Antwort-Diskussion, h\u00e4lt Reihenfolge ein,\u00a0 Intensivbefragung Einzelner<\/span><\/p>\n[\/vc_column_text][vc_column_text]\n[\/vc_column_text][\/vc_column][\/vc_row][vc_row type=&#8220;in_container&#8220; scene_position=&#8220;center&#8220; text_color=&#8220;dark&#8220; text_align=&#8220;left&#8220; overlay_strength=&#8220;0.3&#8243;][vc_column column_padding=&#8220;no-extra-padding&#8220; column_padding_position=&#8220;all&#8220; background_color_opacity=&#8220;1&#8243; background_hover_color_opacity=&#8220;1&#8243; width=&#8220;1\/1&#8243;][vc_column_text]\n<h2 style=\"text-align: justify;\">Pr\u00fcfungsgespr\u00e4ch:<\/h2>\n<p style=\"text-align: justify;\">Der Pr\u00fcfer stieg mit einem Fall in die Pr\u00fcfung ein: Wir sind Strafverteidiger und ein Mandant kommt zu uns, dessen Fahrerlaubnis im Rahmen des Ermittlungsverfahrens vorl\u00e4ufig entzogen wurde. Der Mandant schildet folgenden Sachverhalt: Er, der Mandant M war mit seinem Auto in der Innenstadt in einer 30er Zone mit 25 km\/h unterwegs, als ihn ein Rollerfahrer R \u00fcberholte. M, der sich dar\u00fcber \u00e4rgerte, \u00fcberholte wiederum den R, bremste und stellt sich abrupt quer zur Fahrbahn. R, der nicht mehr bremsen konnte, musste auf den Gehweg ausweichen, st\u00fcrzte und brach sich einen Arm. Was muss getan werden, dass M seine Fahrerlaubnis wieder erh\u00e4lt? &#8211; <a href=\"https:\/\/dejure.org\/gesetze\/StPO\/111a.html\" target=\"_blank\" title=\"&sect; 111a StPO: Vorl&auml;ufige Entziehung der Fahrerlaubnis\">\u00a7 111a StPO<\/a> als EGL f\u00fcr die vorl\u00e4ufige Entziehung der Fahrerlaubnis Wer ist f\u00fcr diese Entscheidung zust\u00e4ndig? &#8211; Ermittlungsrichter, <a href=\"https:\/\/dejure.org\/gesetze\/StPO\/162.html\" target=\"_blank\" title=\"&sect; 162 StPO: Ermittlungsrichter\">\u00a7 162 StPO<\/a> Was ist das einschl\u00e4gige Rechtsmittel? &#8211; Beschwerde, <a href=\"https:\/\/dejure.org\/gesetze\/StPO\/304.html\" target=\"_blank\" title=\"&sect; 304 StPO: Zul&auml;ssigkeit\">\u00a7\u00a7 304ff. StPO<\/a> &#8211; Nennung der Voraussetzungen: Form nach <a href=\"https:\/\/dejure.org\/gesetze\/StPO\/306.html\" target=\"_blank\" title=\"&sect; 306 StPO: Einlegung; Abhilfeverfahren\">\u00a7 306 StPO<\/a>, keine Frist Bis wann aber macht eine Beschwerde nur Sinn? \u2013 Der Pr\u00fcfer wollte darauf hinaus, dass es sich um eine vorl\u00e4ufige Entziehung handelt, bis eine Entscheidung in der m\u00fcndlichen Verhandlung ergeht, sodass eine Beschwerde nur bis dahin Sinn macht Wer ist zust\u00e4ndig f\u00fcr eine Beschwerde? &#8211; Zun\u00e4chst der Ermittlungsrichter, <a href=\"https:\/\/dejure.org\/gesetze\/StPO\/306.html\" target=\"_blank\" title=\"&sect; 306 StPO: Einlegung; Abhilfeverfahren\">\u00a7 306 I StPO<\/a> Was f\u00fcr M\u00f6glichkeiten gibt es, mit der Beschwerde umzugehen? &#8211; Entweder Abhilfe oder Vorlage an das Beschwerdegericht, <a href=\"https:\/\/dejure.org\/gesetze\/StPO\/306.html\" target=\"_blank\" title=\"&sect; 306 StPO: Einlegung; Abhilfeverfahren\">\u00a7 306 II StPO<\/a> Was pr\u00fcft das Beschwerdegericht dann? &#8211; Genau das gleiche wie der nach <a href=\"https:\/\/dejure.org\/gesetze\/StPO\/306.html\" target=\"_blank\" title=\"&sect; 306 StPO: Einlegung; Abhilfeverfahren\">\u00a7 306 I StPO<\/a> zust\u00e4ndige (vorliegend Ermittlungsrichter) \u2013 d.h. der Pr\u00fcfungsumfang ist deckungsgleich Wie sieht es in materieller Hinsicht aus? &#8211; <a href=\"https:\/\/dejure.org\/gesetze\/StGB\/223.html\" target=\"_blank\" title=\"&sect; 223 StGB: K&ouml;rperverletzung\">\u00a7\u00a7 223<\/a>, <a href=\"https:\/\/dejure.org\/gesetze\/StGB\/224.html\" target=\"_blank\" title=\"&sect; 224 StGB: Gef&auml;hrliche K&ouml;rperverletzung\">224 StGB<\/a> Ich sollte anfangen und weil ich die Rspr. nicht mehr im Kopf hatte, die bei <a href=\"https:\/\/dejure.org\/gesetze\/StGB\/224.html\" target=\"_blank\" title=\"&sect; 224 StGB: Gef&auml;hrliche K&ouml;rperverletzung\">\u00a7 224 I Nr. 2 StGB<\/a> das Merkmal \u201emittels\u201c verneint, wenn es zu keiner Ber\u00fchrung des gef\u00e4hrlichen Werkzeugs (vorliegend des Autos) mit dem Opfer kommt, bejahte ich es. Aber das war \u00fcberhaupt nicht schlimm \u2013 ihm kam es nur darauf an, dass man seine Ansicht begr\u00fcnden kann und Argumente zaubert. Er verwies dann auch darauf, dass die Rspr. Nr. 2 in einem Fall wie vorliegend verneint. Wir bejahten schlie\u00dflich die lebensgef\u00e4hrdende Behandlung nach Nr. 5, wobei wir nochmal Argumente liefern sollten, warum das \u201emittels\u201c bei Nr. 5 anders ausgelegt wird (immer im Kontext des konkreten Gegenstands sehen \u2013 bei einem Werkzeug bei dem anderen eine Behandlung) &#8211; <a href=\"https:\/\/dejure.org\/gesetze\/StGB\/315c.html\" target=\"_blank\" title=\"&sect; 315c StGB: Gef&auml;hrdung des Stra&szlig;enverkehrs\">\u00a7 315c StGB<\/a> wurde verneint, keine Tods\u00fcnde, kein falsches \u00dcberholen &#8211; <a href=\"https:\/\/dejure.org\/gesetze\/StGB\/315b.html\" target=\"_blank\" title=\"&sect; 315b StGB: Gef&auml;hrliche Eingriffe in den Stra&szlig;enverkehr\">\u00a7 315b StGB<\/a> \u2013 verkehrsfeindlicher Eingriff, Unterschied zu <a href=\"https:\/\/dejure.org\/gesetze\/StGB\/315c.html\" target=\"_blank\" title=\"&sect; 315c StGB: Gef&auml;hrdung des Stra&szlig;enverkehrs\">\u00a7 315c StGB<\/a> (grds. <a href=\"https:\/\/dejure.org\/gesetze\/StGB\/315b.html\" target=\"_blank\" title=\"&sect; 315b StGB: Gef&auml;hrliche Eingriffe in den Stra&szlig;enverkehr\">\u00a7 315b StGB<\/a> Eingriff von au\u00dfen) Pervertierungsabsicht, Sch\u00e4digungsvorsatz (vorliegend jedenfalls billigendes Inkaufnehmen) Wie kann dem T\u00e4ter den vorliegend der Sch\u00e4digungsvorsatz nachgewiesen werden, wenn er nichts sagt? &#8211; Anhand der objektiven Lage Zum Schluss pr\u00fcften wir noch <a href=\"https:\/\/dejure.org\/gesetze\/StGB\/69.html\" target=\"_blank\" title=\"&sect; 69 StGB: Entziehung der Fahrerlaubnis\">\u00a7 69 StGB<\/a> und sollten die Norm einordnen &#8211; Ma\u00dfregel der Besserung und Sicherung Was ist der Sinn davon? &#8211; Kein strafender Charakter, vielmehr Verhaltenssteuerung auch f\u00fcr die Zukunft Damit war die Pr\u00fcfung zu Ende<\/p>\n[\/vc_column_text]<div  class=\"divider\"><\/div>[vc_column_text]\n<p style=\"text-align: justify;\">Bei den obigen anonymisierten Protokollen handelt es sich um eine Original-Mitschrift aus dem zweiten Staatsexamen der <strong>M\u00fcndlichen Pr\u00fcfung in Baden-W\u00fcrttemberg vom Oktober 2024<\/strong>. Das Protokoll stammt aus dem Fundus des Protokollverleihs\u00a0<a href=\"http:\/\/www.juridicus.de\/pruefungsprotokolle\">Juridicus.de<\/a>.<\/p>\n<p style=\"text-align: justify;\">Weggelassen wurden die Angaben zum Pr\u00fcferverhalten. Die Schilderung des Falles und die L\u00f6sung beruhen ausschlie\u00dflich auf der Wahrnehmung des Pr\u00fcflings.<\/p>\n[\/vc_column_text][\/vc_column][\/vc_row][vc_row type=&#8220;full_width_background&#8220; scene_position=&#8220;center&#8220; text_color=&#8220;dark&#8220; text_align=&#8220;left&#8220; overlay_strength=&#8220;0.3&#8243;][vc_column column_padding=&#8220;no-extra-padding&#8220; column_padding_position=&#8220;all&#8220; background_color_opacity=&#8220;1&#8243; background_hover_color_opacity=&#8220;1&#8243; width=&#8220;1\/1&#8243;]<div  class=\"divider\"><\/div>[\/vc_column][\/vc_row]\n","protected":false},"excerpt":{"rendered":"<p>[vc_row type=&#8220;in_container&#8220; scene_position=&#8220;center&#8220; text_color=&#8220;dark&#8220; text_align=&#8220;left&#8220; overlay_strength=&#8220;0.3&#8243;][vc_column column_padding=&#8220;no-extra-padding&#8220; column_padding_position=&#8220;all&#8220; background_color_opacity=&#8220;1&#8243; background_hover_color_opacity=&#8220;1&#8243; width=&#8220;1\/1&#8243;][\/vc_column][\/vc_row][vc_row type=&#8220;in_container&#8220; scene_position=&#8220;center&#8220; text_color=&#8220;dark&#8220; text_align=&#8220;left&#8220; overlay_strength=&#8220;0.3&#8243;][vc_column column_padding=&#8220;no-extra-padding&#8220; column_padding_position=&#8220;all&#8220; background_color_opacity=&#8220;1&#8243; background_hover_color_opacity=&#8220;1&#8243; width=&#8220;1\/1&#8243;][vc_column_text] Pr\u00fcfungsthemen: Strafrecht [\/vc_column_text][vc_column_text] Vorpunkte der Kandidaten [\/vc_column_text][vc_column_text] Kandidat 1 Endpunkte 8,53 Endnote 9,42 Endnote 1. Examen 7,5 [\/vc_column_text][vc_column_text] Zur Sache: Pr\u00fcfungsthemen:\u00a0protokollfest Pr\u00fcfungsthemen: \u00a0Beschwerde, \u00a7\u00a7 315b, 315c, 223, 224 StGB Paragraphen: \u00a7315b StGB Pr\u00fcfungsgespr\u00e4ch: Frage-Antwort-Diskussion, h\u00e4lt Reihenfolge ein,\u00a0 Intensivbefragung Einzelner [\/vc_column_text][vc_column_text] [\/vc_column_text][\/vc_column][\/vc_row][vc_row type=&#8220;in_container&#8220; scene_position=&#8220;center&#8220; text_color=&#8220;dark&#8220; text_align=&#8220;left&#8220; overlay_strength=&#8220;0.3&#8243;][vc_column column_padding=&#8220;no-extra-padding&#8220; column_padding_position=&#8220;all&#8220; background_color_opacity=&#8220;1&#8243;&#8230;<\/p>\n","protected":false},"author":1755,"featured_media":0,"comment_status":"open","ping_status":"open","sticky":false,"template":"","format":"standard","meta":{"footnotes":""},"categories":[2025,2010,55,1715],"tags":[],"class_list":["post-17804","post","type-post","status-publish","format-standard","hentry","category-2-staatsexamen","category-protokolle","category-magazin","category-strafrecht-rechtsgebiet"],"_links":{"self":[{"href":"https:\/\/www.juridicus.de\/blog\/wp-json\/wp\/v2\/posts\/17804","targetHints":{"allow":["GET"]}}],"collection":[{"href":"https:\/\/www.juridicus.de\/blog\/wp-json\/wp\/v2\/posts"}],"about":[{"href":"https:\/\/www.juridicus.de\/blog\/wp-json\/wp\/v2\/types\/post"}],"author":[{"embeddable":true,"href":"https:\/\/www.juridicus.de\/blog\/wp-json\/wp\/v2\/users\/1755"}],"replies":[{"embeddable":true,"href":"https:\/\/www.juridicus.de\/blog\/wp-json\/wp\/v2\/comments?post=17804"}],"version-history":[{"count":1,"href":"https:\/\/www.juridicus.de\/blog\/wp-json\/wp\/v2\/posts\/17804\/revisions"}],"predecessor-version":[{"id":17805,"href":"https:\/\/www.juridicus.de\/blog\/wp-json\/wp\/v2\/posts\/17804\/revisions\/17805"}],"wp:attachment":[{"href":"https:\/\/www.juridicus.de\/blog\/wp-json\/wp\/v2\/media?parent=17804"}],"wp:term":[{"taxonomy":"category","embeddable":true,"href":"https:\/\/www.juridicus.de\/blog\/wp-json\/wp\/v2\/categories?post=17804"},{"taxonomy":"post_tag","embeddable":true,"href":"https:\/\/www.juridicus.de\/blog\/wp-json\/wp\/v2\/tags?post=17804"}],"curies":[{"name":"wp","href":"https:\/\/api.w.org\/{rel}","templated":true}]}}