{"id":17817,"date":"2024-12-24T12:00:13","date_gmt":"2024-12-24T11:00:13","guid":{"rendered":"https:\/\/www.juridicus.de\/blog\/?p=17817"},"modified":"2024-12-16T11:19:26","modified_gmt":"2024-12-16T10:19:26","slug":"protokoll-der-muendlichen-pruefung-zum-1-staatsexamen-saarland-vom-dezember-2024","status":"publish","type":"post","link":"https:\/\/www.juridicus.de\/blog\/protokoll-der-muendlichen-pruefung-zum-1-staatsexamen-saarland-vom-dezember-2024\/","title":{"rendered":"Protokoll der m\u00fcndlichen Pr\u00fcfung zum 1. Staatsexamen &#8211; Saarland vom Dezember 2024"},"content":{"rendered":"[vc_row type=&#8220;in_container&#8220; scene_position=&#8220;center&#8220; text_color=&#8220;dark&#8220; text_align=&#8220;left&#8220; overlay_strength=&#8220;0.3&#8243;][vc_column column_padding=&#8220;no-extra-padding&#8220; column_padding_position=&#8220;all&#8220; background_color_opacity=&#8220;1&#8243; background_hover_color_opacity=&#8220;1&#8243; width=&#8220;1\/1&#8243;][vc_column_text]\n<h2>Pr\u00fcfungsthemen: \u00d6ffentliches Recht<\/h2>\n[\/vc_column_text]<div  class=\"divider\"><\/div>[vc_column_text]\n<h2 style=\"text-align: justify;\">Vorpunkte der Kandidaten<\/h2>\n[\/vc_column_text][vc_column_text]\n<table style=\"width: 259px;\" width=\"265\">\n<tbody>\n<tr>\n<td style=\"width: 172.65px;\">\n<p style=\"text-align: left;\">Kandidat<\/p>\n<\/td>\n<td style=\"width: 71.5687px;\">\n<p style=\"text-align: center;\">1<\/p>\n<\/td>\n<\/tr>\n<tr>\n<td style=\"width: 172.65px;\">\n<p style=\"text-align: left;\">Endpunkte<\/p>\n<\/td>\n<td style=\"width: 71.5687px;\">\n<p style=\"text-align: center;\">8,08<\/p>\n<\/td>\n<\/tr>\n<tr>\n<td style=\"width: 172.65px;\">\n<p style=\"text-align: left;\">Endnote<\/p>\n<\/td>\n<td style=\"width: 71.5687px;\">\n<p style=\"text-align: center;\">9,03<\/p>\n<\/td>\n<\/tr>\n<\/tbody>\n<\/table>\n[\/vc_column_text]<div  class=\"divider\"><\/div>[vc_column_text]\n<h2 style=\"text-align: justify;\">Zur Sache:<\/h2>\n<p style=\"text-align: justify;\"><strong>Pr\u00fcfungsthemen: <\/strong>\u00d6ffentlich-rechtlicher Erstattungsanspruch; \u00d6R-Vertrag<\/p>\n<p style=\"text-align: justify;\"><strong>Paragraphen: <\/strong><a href=\"https:\/\/dejure.org\/gesetze\/VwGO\/123.html\">\u00a754 LVwVfG, \u00a738 LVwVfG, \u00a759 LVwVfG, \u00a754 BeamtStG, \u00a733 GG<\/a><\/p>\n<p style=\"text-align: justify;\"><strong><span style=\"line-height: 1.5;\">Pr\u00fcfungsgespr\u00e4ch:<\/span><\/strong> Frage-Antwort, Intensivbefragung Einzelner<\/p>\n[\/vc_column_text][vc_column_text]\n[\/vc_column_text][\/vc_column][\/vc_row][vc_row type=&#8220;in_container&#8220; scene_position=&#8220;center&#8220; text_color=&#8220;dark&#8220; text_align=&#8220;left&#8220; overlay_strength=&#8220;0.3&#8243;][vc_column column_padding=&#8220;no-extra-padding&#8220; column_padding_position=&#8220;all&#8220; background_color_opacity=&#8220;1&#8243; background_hover_color_opacity=&#8220;1&#8243; width=&#8220;1\/1&#8243;][vc_column_text]\n<h2 style=\"text-align: justify;\">Pr\u00fcfungsgespr\u00e4ch:<\/h2>\n<p style=\"text-align: justify;\">Der Pr\u00fcfer brachte uns einen Fall mit, den er zu Beginn der Pr\u00fcfung austeilte. In diesem Fall wollte A als Beamter bei einer Rheinland-Pf\u00e4lzischen Beh\u00f6rde, ich meine dem Umweltministerium arbeiten. Die Beh\u00f6rde schloss mit A einen Arbeitsvertrag und sicherte ihm zu innerhalb von 2 Jahren in den Beamtenstatus versetzt zu werden, wenn A bis dahin monatlich 100\u20ac f\u00fcr Forschungsinstrumente bezahlt. Nachdem A Beamter wurde, fordert er die gezahlte Summe der Beh\u00f6rde heraus. Ihm geht ein ablehnender Bescheid ohne Rechtsbehelfsbelehrung zu. A fragt Sie, was er jetzt tun k\u00f6nnte. Zu Beginn wollte er nur brainstormt und pickte sich danach den ablehnenden Bescheid heraus. Er wollte wissen, ob es immer ein Verwaltungsakt ist, wenn eine Rechtsbehelfsbelehrung vorl\u00e4ge (Stichwort formeller Verwaltungsakt) und wollte dies verneint haben. Dann fragte er welchen Anspruch A haben k\u00f6nnte (\u00f6ffentlich-rechtlicher Erstattungsanspruch) und wie er diesen geltend machen kann. Ein Pr\u00fcfling nannte die Klage. Dann fragte der Pr\u00fcfer, ob nicht zuerst ein Widerspruch erforderlich w\u00e4re. Nachdem wir die Anwendbarkeit von \u00a7<a href=\"https:\/\/dejure.org\/gesetze\/BeamtStG\/54.html\" target=\"_blank\" title=\"&sect; 54 BeamtStG: Verwaltungsrechtsweg\">54<\/a> Beamtenstatusgesetz verneinten, kamen wir zu den Voraussetzungen einer Leistungsklage, die wir Chronologisch durchpr\u00fcften. Bei der Nichtverfassungsrechtlichen Streitigkeit, wollte er wissen, warum in der Definition nicht nur von Verfassungsorganen gesprochen werden darf. Dann kamen wir zur Begr\u00fcndetheit. Dort pr\u00fcften wir den Erstattungsanspruch und erl\u00e4uterten im Rahmen des vorliegenden Rechtsgrundes, ob der \u00d6R-Vertrag \u00fcber die Zusicherung wirksam ist. Wir kamen wegen des Versto\u00dfes gegen Art.33GG zu dem Schluss, dass der Vertrag nichtig ist und A somit einen Anspruch h\u00e4tte. Wir \u00fcberlegten eine Anwendbarkeit von \u00a7<a href=\"https:\/\/dejure.org\/gesetze\/BGB\/814.html\" target=\"_blank\" title=\"&sect; 814 BGB: Kenntnis der Nichtschuld\">814<\/a>, \u00a7817 BGB analog zulasten des A, schlossen dies jedoch aus. Dann war die Pr\u00fcfung zu Ende.<\/p>\n[\/vc_column_text]<div  class=\"divider\"><\/div>[vc_column_text]\n<p style=\"text-align: justify;\">Bei den obigen anonymisierten Protokollen handelt es sich um eine Original-Mitschrift aus dem ersten Staatsexamen der\u00a0<strong>M\u00fcndlichen Pr\u00fcfung im Saarland vom Dezember 2024<\/strong>. Das Protokoll stammt aus dem Fundus des Protokollverleihs\u00a0<a href=\"http:\/\/www.juridicus.de\/pruefungsprotokolle\">Juridicus.de<\/a>.<\/p>\n<p style=\"text-align: justify;\">Weggelassen wurden die Angaben zum Pr\u00fcferverhalten. Die Schilderung des Falles und die L\u00f6sung beruhen ausschlie\u00dflich auf der Wahrnehmung des Pr\u00fcflings.<\/p>\n[\/vc_column_text][\/vc_column][\/vc_row][vc_row type=&#8220;in_container&#8220; scene_position=&#8220;center&#8220; text_color=&#8220;dark&#8220; text_align=&#8220;left&#8220; overlay_strength=&#8220;0.3&#8243;][vc_column column_padding=&#8220;no-extra-padding&#8220; column_padding_position=&#8220;all&#8220; background_color_opacity=&#8220;1&#8243; background_hover_color_opacity=&#8220;1&#8243; width=&#8220;1\/1&#8243;][vc_column_text]\n[\/vc_column_text][\/vc_column][\/vc_row][vc_row type=&#8220;full_width_background&#8220; scene_position=&#8220;center&#8220; text_color=&#8220;dark&#8220; text_align=&#8220;left&#8220; overlay_strength=&#8220;0.3&#8243;][vc_column column_padding=&#8220;no-extra-padding&#8220; column_padding_position=&#8220;all&#8220; background_color_opacity=&#8220;1&#8243; background_hover_color_opacity=&#8220;1&#8243; width=&#8220;1\/1&#8243;]<div  class=\"divider\"><\/div>[\/vc_column][\/vc_row]\n","protected":false},"excerpt":{"rendered":"<p>[vc_row type=&#8220;in_container&#8220; scene_position=&#8220;center&#8220; text_color=&#8220;dark&#8220; text_align=&#8220;left&#8220; overlay_strength=&#8220;0.3&#8243;][vc_column column_padding=&#8220;no-extra-padding&#8220; column_padding_position=&#8220;all&#8220; background_color_opacity=&#8220;1&#8243; background_hover_color_opacity=&#8220;1&#8243; width=&#8220;1\/1&#8243;][vc_column_text] Pr\u00fcfungsthemen: \u00d6ffentliches Recht [\/vc_column_text][vc_column_text] Vorpunkte der Kandidaten [\/vc_column_text][vc_column_text] Kandidat 1 Endpunkte 8,08 Endnote 9,03 [\/vc_column_text][vc_column_text] Zur Sache: Pr\u00fcfungsthemen: \u00d6ffentlich-rechtlicher Erstattungsanspruch; \u00d6R-Vertrag Paragraphen: \u00a754 LVwVfG, \u00a738 LVwVfG, \u00a759 LVwVfG, \u00a754 BeamtStG, \u00a733 GG Pr\u00fcfungsgespr\u00e4ch: Frage-Antwort, Intensivbefragung Einzelner [\/vc_column_text][vc_column_text] [\/vc_column_text][\/vc_column][\/vc_row][vc_row type=&#8220;in_container&#8220; scene_position=&#8220;center&#8220; text_color=&#8220;dark&#8220; text_align=&#8220;left&#8220; overlay_strength=&#8220;0.3&#8243;][vc_column column_padding=&#8220;no-extra-padding&#8220; column_padding_position=&#8220;all&#8220; background_color_opacity=&#8220;1&#8243; background_hover_color_opacity=&#8220;1&#8243; width=&#8220;1\/1&#8243;][vc_column_text] Pr\u00fcfungsgespr\u00e4ch: Der Pr\u00fcfer brachte uns einen Fall mit, den er zu&#8230;<\/p>\n","protected":false},"author":1755,"featured_media":0,"comment_status":"open","ping_status":"open","sticky":false,"template":"","format":"standard","meta":{"footnotes":""},"categories":[2024,1711,2010,55],"tags":[],"class_list":["post-17817","post","type-post","status-publish","format-standard","hentry","category-1-staatsexamen","category-offentliches-recht-rechtsgebiet","category-protokolle","category-magazin"],"_links":{"self":[{"href":"https:\/\/www.juridicus.de\/blog\/wp-json\/wp\/v2\/posts\/17817","targetHints":{"allow":["GET"]}}],"collection":[{"href":"https:\/\/www.juridicus.de\/blog\/wp-json\/wp\/v2\/posts"}],"about":[{"href":"https:\/\/www.juridicus.de\/blog\/wp-json\/wp\/v2\/types\/post"}],"author":[{"embeddable":true,"href":"https:\/\/www.juridicus.de\/blog\/wp-json\/wp\/v2\/users\/1755"}],"replies":[{"embeddable":true,"href":"https:\/\/www.juridicus.de\/blog\/wp-json\/wp\/v2\/comments?post=17817"}],"version-history":[{"count":1,"href":"https:\/\/www.juridicus.de\/blog\/wp-json\/wp\/v2\/posts\/17817\/revisions"}],"predecessor-version":[{"id":17818,"href":"https:\/\/www.juridicus.de\/blog\/wp-json\/wp\/v2\/posts\/17817\/revisions\/17818"}],"wp:attachment":[{"href":"https:\/\/www.juridicus.de\/blog\/wp-json\/wp\/v2\/media?parent=17817"}],"wp:term":[{"taxonomy":"category","embeddable":true,"href":"https:\/\/www.juridicus.de\/blog\/wp-json\/wp\/v2\/categories?post=17817"},{"taxonomy":"post_tag","embeddable":true,"href":"https:\/\/www.juridicus.de\/blog\/wp-json\/wp\/v2\/tags?post=17817"}],"curies":[{"name":"wp","href":"https:\/\/api.w.org\/{rel}","templated":true}]}}