{"id":17826,"date":"2024-12-31T12:00:16","date_gmt":"2024-12-31T11:00:16","guid":{"rendered":"https:\/\/www.juridicus.de\/blog\/?p=17826"},"modified":"2024-12-22T14:36:39","modified_gmt":"2024-12-22T13:36:39","slug":"protokoll-der-muendlichen-pruefung-zum-1-staatsexamen-hessen-vom-dezember-2024","status":"publish","type":"post","link":"https:\/\/www.juridicus.de\/blog\/protokoll-der-muendlichen-pruefung-zum-1-staatsexamen-hessen-vom-dezember-2024\/","title":{"rendered":"Protokoll der m\u00fcndlichen Pr\u00fcfung zum 1. Staatsexamen &#8211; Hessen vom Dezember 2024"},"content":{"rendered":"[vc_row type=&#8220;in_container&#8220; scene_position=&#8220;center&#8220; text_color=&#8220;dark&#8220; text_align=&#8220;left&#8220; overlay_strength=&#8220;0.3&#8243;][vc_column column_padding=&#8220;no-extra-padding&#8220; column_padding_position=&#8220;all&#8220; background_color_opacity=&#8220;1&#8243; background_hover_color_opacity=&#8220;1&#8243; width=&#8220;1\/1&#8243;][\/vc_column][\/vc_row][vc_row type=&#8220;in_container&#8220; scene_position=&#8220;center&#8220; text_color=&#8220;dark&#8220; text_align=&#8220;left&#8220; overlay_strength=&#8220;0.3&#8243;][vc_column column_padding=&#8220;no-extra-padding&#8220; column_padding_position=&#8220;all&#8220; background_color_opacity=&#8220;1&#8243; background_hover_color_opacity=&#8220;1&#8243; width=&#8220;1\/1&#8243;][vc_column_text]\n<h2>Pr\u00fcfungsthemen: Strafrecht<\/h2>\n[\/vc_column_text]<div  class=\"divider\"><\/div>[vc_column_text]\n<h2 style=\"text-align: justify;\">Vorpunkte der Kandidaten<\/h2>\n[\/vc_column_text][vc_column_text]\n<table width=\"265\">\n<tbody>\n<tr>\n<td width=\"189\">\n<p style=\"text-align: left;\">Kandidat<\/p>\n<\/td>\n<td width=\"76\">\n<p style=\"text-align: center;\">1<\/p>\n<\/td>\n<\/tr>\n<tr>\n<td width=\"189\">\n<p style=\"text-align: left;\">Endpunkte<\/p>\n<\/td>\n<td width=\"76\">\n<p style=\"text-align: center;\">9,83<\/p>\n<\/td>\n<\/tr>\n<tr>\n<td width=\"189\">\n<p style=\"text-align: left;\">Endnote<\/p>\n<\/td>\n<td width=\"76\">\n<p style=\"text-align: center;\">10,00<\/p>\n<\/td>\n<\/tr>\n<\/tbody>\n<\/table>\n[\/vc_column_text]<div  class=\"divider\"><\/div>[vc_column_text]\n<h2 style=\"text-align: justify;\">Zur Sache:<\/h2>\n<p style=\"text-align: justify;\"><strong>Pr\u00fcfungsthemen: <\/strong><a href=\"https:\/\/dejure.org\/gesetze\/StVG\/21.html\" target=\"_blank\" title=\"&sect; 21 StVG: Fahren ohne Fahrerlaubnis\">\u00a7 21 StVG<\/a><\/p>\n<p style=\"text-align: justify;\"><strong>Paragraphen: <\/strong><a href=\"https:\/\/dejure.org\/gesetze\/StGB\/19.html\" target=\"_blank\" title=\"&sect; 19 StGB: Schuldunf&auml;higkeit des Kindes\">\u00a719 StGB<\/a>, <a href=\"https:\/\/dejure.org\/gesetze\/StVG\/21.html\" target=\"_blank\" title=\"&sect; 21 StVG: Fahren ohne Fahrerlaubnis\">\u00a721 StVG<\/a><strong><br \/>\n<\/strong><\/p>\n<p><strong>Pr\u00fcfungsgespr\u00e4ch: <\/strong>Frage-Antwort, l\u00e4sst Meldungen zu, verfolgt Zwischenthemen, Fragestellung klar[\/vc_column_text][vc_column_text]\n[\/vc_column_text][\/vc_column][\/vc_row][vc_row type=&#8220;in_container&#8220; scene_position=&#8220;center&#8220; text_color=&#8220;dark&#8220; text_align=&#8220;left&#8220; overlay_strength=&#8220;0.3&#8243;][vc_column column_padding=&#8220;no-extra-padding&#8220; column_padding_position=&#8220;all&#8220; background_color_opacity=&#8220;1&#8243; background_hover_color_opacity=&#8220;1&#8243; width=&#8220;1\/1&#8243;][vc_column_text]\n<h2 style=\"text-align: justify;\">Pr\u00fcfungsgespr\u00e4ch:<\/h2>\n<p style=\"text-align: justify;\">Der Pr\u00fcfer begann bei uns mit einem Fall: Vater V lud seinem 14-j\u00e4hrigen Sohn S eine App f\u00fcr seinen Tesla auf das Handy. Mit dieser App konnte man Funktionen wie das Fenster \u00f6ffnen steuern. Nach einer Aktualisierung der App war nun mit der App m\u00f6glich, dass das Auto selbstst\u00e4ndig ohne Fahrer aus einer Parkl\u00fccke z.B. vor den Eingang eines Supermarktes f\u00e4hrt, um einen mit dem Einkauf abzuholen. V hat sich nicht \u00fcber die Aktualisierung informiert. V und S waren in einem Supermarkt einkaufen und parkten auf dem zugeh\u00f6rigen Parkplatz. S \u201arief\u2018 den Tesla ohne Wissen des V mit seiner App zu ihnen zum Supermarkteingang. Der Tesla fuhr mit 10 km\/h zu V und S zum Eingang. Es wurde niemand verletzt oder gef\u00e4hrdet. Nun war die Frage, wie sich V und S strafbar gemacht haben. Wir begannen mit S. Zun\u00e4chst gingen wir auf die Strafm\u00fcndigkeit ein, <a href=\"https:\/\/dejure.org\/gesetze\/StGB\/19.html\" target=\"_blank\" title=\"&sect; 19 StGB: Schuldunf&auml;higkeit des Kindes\">\u00a7 19 StGB<\/a>. Es wurde gefragt, ob es angemessen w\u00e4re, die Strafm\u00fcndigkeit auf 12 Jahre herabzusenken. Hier gab es kein Richtig oder Falsch. Es wurden Argumente daf\u00fcr und dagegen gesammelt. Dann stiegen wir in die Pr\u00fcfung des <a href=\"https:\/\/dejure.org\/gesetze\/StVG\/21.html\" target=\"_blank\" title=\"&sect; 21 StVG: Fahren ohne Fahrerlaubnis\">\u00a7 21 I Nr. 1 StVG<\/a> ein. Wir besch\u00e4ftigten uns l\u00e4nger mit dem Pr\u00fcfungspunkt \u201aF\u00fchren eines Fahrzeugs\u2018. Hier war problematisch, dass S ja nicht selber am Steuer sa\u00df. Er hat den Tesla mit der App zu sich fahren lassen. Der Pr\u00fcfer nannte uns die Definition des BGH und wir mussten anhand dessen subsumieren. Wir kamen zu dem Entschluss, dass S ein Fahrzeug gef\u00fchrt hat. S hatte mit 14 Jahren auch keine Fahrerlaubnis und sie befanden sich im \u00f6ffentlichen Stra\u00dfenverkehr. Es stellte sich die Frage, ob bei S eventuell ein Tatbestandsirrtum vorlag, was wir aber schnell verneinten und S den Tatbestand des <a href=\"https:\/\/dejure.org\/gesetze\/StVG\/21.html\" target=\"_blank\" title=\"&sect; 21 StVG: Fahren ohne Fahrerlaubnis\">\u00a7 21 I StVG<\/a> erf\u00fcllt hat. Rechtfertigungsgr\u00fcnde oder Schuldausschlie\u00dfungsgr\u00fcnde lagen auch nicht vor. S hat sich somit nach <a href=\"https:\/\/dejure.org\/gesetze\/StVG\/21.html\" target=\"_blank\" title=\"&sect; 21 StVG: Fahren ohne Fahrerlaubnis\">\u00a7 21 I Nr. 1 StVG<\/a> strafbar gemacht. Bei V pr\u00fcften wir <a href=\"https:\/\/dejure.org\/gesetze\/StVG\/21.html\" target=\"_blank\" title=\"&sect; 21 StVG: Fahren ohne Fahrerlaubnis\">\u00a7 21 I Nr. 2, II Nr. 1 StVG<\/a>. V hat als Halter des Fahrzeugs zugelassen, dass S den Tesla ohne F\u00fchrerschein f\u00fchrte, indem er ihm die App auf das Handy lud und diese nach der Aktualisierung nicht vom Handy entfernte und hat sich demnach strafbar gemacht. Nach dem Fall fragte der Pr\u00fcfer, ob V, wenn er der Bundeskanzler w\u00e4re, seinen Sohn begnadigen k\u00f6nnte. (Er hat an dem Morgen in der Zeitung gelesen, dass Joe Biden seinen Sohn begnadigt hat) Es wurde durch seine Hilfe der <a href=\"https:\/\/dejure.org\/gesetze\/GG\/60.html\" target=\"_blank\" title=\"Art. 60 GG\">Art. 60 II GG<\/a> gefunden und wir kamen zu dem Ergebnis, dass ein Bundeskanzler nicht die Kompetenz hat jemanden zu begnadigen. Danach war die Pr\u00fcfung vorbei.<\/p>\n[\/vc_column_text]<div  class=\"divider\"><\/div>[vc_column_text]\n<p style=\"text-align: justify;\">Bei den obigen anonymisierten Protokollen handelt es sich um eine Original-Mitschrift aus dem ersten Staatsexamen der\u00a0<strong>M\u00fcndlichen Pr\u00fcfung in Hessen vom Dezember 2024<\/strong>. Das Protokoll stammt aus dem Fundus des Protokollverleihs\u00a0<a href=\"http:\/\/www.juridicus.de\/pruefungsprotokolle\">Juridicus.de<\/a>.<\/p>\n<p style=\"text-align: justify;\">Weggelassen wurden die Angaben zum Pr\u00fcferverhalten. Die Schilderung des Falles und die L\u00f6sung beruhen ausschlie\u00dflich auf der Wahrnehmung des Pr\u00fcflings.<\/p>\n[\/vc_column_text][\/vc_column][\/vc_row]\n","protected":false},"excerpt":{"rendered":"<p>[vc_row type=&#8220;in_container&#8220; scene_position=&#8220;center&#8220; text_color=&#8220;dark&#8220; text_align=&#8220;left&#8220; overlay_strength=&#8220;0.3&#8243;][vc_column column_padding=&#8220;no-extra-padding&#8220; column_padding_position=&#8220;all&#8220; background_color_opacity=&#8220;1&#8243; background_hover_color_opacity=&#8220;1&#8243; width=&#8220;1\/1&#8243;][\/vc_column][\/vc_row][vc_row type=&#8220;in_container&#8220; scene_position=&#8220;center&#8220; text_color=&#8220;dark&#8220; text_align=&#8220;left&#8220; overlay_strength=&#8220;0.3&#8243;][vc_column column_padding=&#8220;no-extra-padding&#8220; column_padding_position=&#8220;all&#8220; background_color_opacity=&#8220;1&#8243; background_hover_color_opacity=&#8220;1&#8243; width=&#8220;1\/1&#8243;][vc_column_text] Pr\u00fcfungsthemen: Strafrecht [\/vc_column_text][vc_column_text] Vorpunkte der Kandidaten [\/vc_column_text][vc_column_text] Kandidat 1 Endpunkte 9,83 Endnote 10,00 [\/vc_column_text][vc_column_text] Zur Sache: Pr\u00fcfungsthemen: \u00a7 21 StVG Paragraphen: \u00a719 StGB, \u00a721 StVG Pr\u00fcfungsgespr\u00e4ch: Frage-Antwort, l\u00e4sst Meldungen zu, verfolgt Zwischenthemen, Fragestellung klar[\/vc_column_text][vc_column_text] [\/vc_column_text][\/vc_column][\/vc_row][vc_row type=&#8220;in_container&#8220; scene_position=&#8220;center&#8220; text_color=&#8220;dark&#8220; text_align=&#8220;left&#8220; overlay_strength=&#8220;0.3&#8243;][vc_column column_padding=&#8220;no-extra-padding&#8220; column_padding_position=&#8220;all&#8220; background_color_opacity=&#8220;1&#8243; background_hover_color_opacity=&#8220;1&#8243; width=&#8220;1\/1&#8243;][vc_column_text] Pr\u00fcfungsgespr\u00e4ch: Der Pr\u00fcfer begann&#8230;<\/p>\n","protected":false},"author":1755,"featured_media":0,"comment_status":"open","ping_status":"open","sticky":false,"template":"","format":"standard","meta":{"footnotes":""},"categories":[2024,2010,55,1715],"tags":[],"class_list":["post-17826","post","type-post","status-publish","format-standard","hentry","category-1-staatsexamen","category-protokolle","category-magazin","category-strafrecht-rechtsgebiet"],"_links":{"self":[{"href":"https:\/\/www.juridicus.de\/blog\/wp-json\/wp\/v2\/posts\/17826","targetHints":{"allow":["GET"]}}],"collection":[{"href":"https:\/\/www.juridicus.de\/blog\/wp-json\/wp\/v2\/posts"}],"about":[{"href":"https:\/\/www.juridicus.de\/blog\/wp-json\/wp\/v2\/types\/post"}],"author":[{"embeddable":true,"href":"https:\/\/www.juridicus.de\/blog\/wp-json\/wp\/v2\/users\/1755"}],"replies":[{"embeddable":true,"href":"https:\/\/www.juridicus.de\/blog\/wp-json\/wp\/v2\/comments?post=17826"}],"version-history":[{"count":3,"href":"https:\/\/www.juridicus.de\/blog\/wp-json\/wp\/v2\/posts\/17826\/revisions"}],"predecessor-version":[{"id":17829,"href":"https:\/\/www.juridicus.de\/blog\/wp-json\/wp\/v2\/posts\/17826\/revisions\/17829"}],"wp:attachment":[{"href":"https:\/\/www.juridicus.de\/blog\/wp-json\/wp\/v2\/media?parent=17826"}],"wp:term":[{"taxonomy":"category","embeddable":true,"href":"https:\/\/www.juridicus.de\/blog\/wp-json\/wp\/v2\/categories?post=17826"},{"taxonomy":"post_tag","embeddable":true,"href":"https:\/\/www.juridicus.de\/blog\/wp-json\/wp\/v2\/tags?post=17826"}],"curies":[{"name":"wp","href":"https:\/\/api.w.org\/{rel}","templated":true}]}}