{"id":17840,"date":"2025-01-09T12:00:19","date_gmt":"2025-01-09T11:00:19","guid":{"rendered":"https:\/\/www.juridicus.de\/blog\/?p=17840"},"modified":"2025-01-03T11:55:52","modified_gmt":"2025-01-03T10:55:52","slug":"protokoll-der-muendlichen-pruefung-zum-2-staatsexamen-nrw-vom-dezember-2024","status":"publish","type":"post","link":"https:\/\/www.juridicus.de\/blog\/protokoll-der-muendlichen-pruefung-zum-2-staatsexamen-nrw-vom-dezember-2024\/","title":{"rendered":"Protokoll der m\u00fcndlichen Pr\u00fcfung zum 2. Staatsexamen &#8211; NRW vom Dezember 2024"},"content":{"rendered":"[vc_row type=&#8220;in_container&#8220; scene_position=&#8220;center&#8220; text_color=&#8220;dark&#8220; text_align=&#8220;left&#8220; overlay_strength=&#8220;0.3&#8243;][vc_column column_padding=&#8220;no-extra-padding&#8220; column_padding_position=&#8220;all&#8220; background_color_opacity=&#8220;1&#8243; background_hover_color_opacity=&#8220;1&#8243; width=&#8220;1\/1&#8243;][\/vc_column][\/vc_row][vc_row type=&#8220;in_container&#8220; scene_position=&#8220;center&#8220; text_color=&#8220;dark&#8220; text_align=&#8220;left&#8220; overlay_strength=&#8220;0.3&#8243;][vc_column column_padding=&#8220;no-extra-padding&#8220; column_padding_position=&#8220;all&#8220; background_color_opacity=&#8220;1&#8243; background_hover_color_opacity=&#8220;1&#8243; width=&#8220;1\/1&#8243;][vc_column_text]\n<h2>Pr\u00fcfungsthemen: \u00d6ffentliches Recht<\/h2>\n[\/vc_column_text]<div  class=\"divider\"><\/div>[vc_column_text]\n<h2>Vorpunkte der Kandidaten<\/h2>\n[\/vc_column_text]<div  class=\"divider\"><\/div>[vc_column_text]\n<table style=\"width: 259px;\" width=\"265\">\n<tbody>\n<tr>\n<td style=\"width: 175.052px;\">\n<p style=\"text-align: left;\">Kandidat<\/p>\n<\/td>\n<td style=\"width: 69.9826px;\">\n<p style=\"text-align: center;\">1<\/p>\n<\/td>\n<\/tr>\n<tr>\n<td style=\"width: 175.052px;\">\n<p style=\"text-align: left;\">Endpunkte<\/p>\n<\/td>\n<td style=\"width: 69.9826px;\">\n<p style=\"text-align: center;\">12,2<\/p>\n<\/td>\n<\/tr>\n<tr>\n<td style=\"width: 175.052px;\">\n<p style=\"text-align: left;\">Endnote<\/p>\n<\/td>\n<td style=\"width: 69.9826px;\">\n<p style=\"text-align: center;\">12,39<\/p>\n<\/td>\n<\/tr>\n<tr>\n<td style=\"width: 175.052px;\">\n<p style=\"text-align: left;\">Endnote 1. Examen<\/p>\n<\/td>\n<td style=\"width: 69.9826px;\">\n<p style=\"text-align: center;\">10,11<\/p>\n<\/td>\n<\/tr>\n<\/tbody>\n<\/table>\n[\/vc_column_text]<div  class=\"divider\"><\/div>[vc_column_text]\n<h2 style=\"text-align: justify;\">Zur Sache:<\/h2>\n<p style=\"text-align: justify;\"><strong>Pr\u00fcfungsstoff:\u00a0 <\/strong>aktuelle\u00a0F\u00e4lle<\/p>\n<p style=\"text-align: justify;\"><strong>Pr\u00fcfungsthemen: <\/strong>Perspektive des Gerichts; beA; materiellrechtlich nur <a href=\"https:\/\/dejure.org\/gesetze\/BVwVfG\/48.html\" target=\"_blank\" title=\"&sect; 48 BVwVfG: R&uuml;cknahme eines rechtswidrigen Verwaltungsaktes\">\u00a7\u00a7 48<\/a>, <a href=\"https:\/\/dejure.org\/gesetze\/BVwVfG\/49.html\" target=\"_blank\" title=\"&sect; 49 BVwVfG: Widerruf eines rechtm&auml;&szlig;igen Verwaltungsaktes\">49 VwVfG<\/a> ganz kurz am Ende<\/p>\n<p style=\"text-align: justify;\"><strong>\u00a0Paragraphen:<\/strong> <a href=\"https:\/\/dejure.org\/gesetze\/VwGO\/55a.html\" target=\"_blank\" title=\"&sect; 55a VwGO [&Uuml;bermittlung elektronischer Dokumente]\">\u00a755a VwGO<\/a><\/p>\n<p style=\"text-align: justify;\"><strong><span style=\"line-height: 1.5;\">Pr\u00fcfungsgespr\u00e4ch: <\/span><\/strong><span style=\"line-height: 1.5;\">Frage-Antwort-Diskussion<\/span><\/p>\n[\/vc_column_text][vc_column_text]\n[\/vc_column_text][\/vc_column][\/vc_row][vc_row type=&#8220;in_container&#8220; scene_position=&#8220;center&#8220; text_color=&#8220;dark&#8220; text_align=&#8220;left&#8220; overlay_strength=&#8220;0.3&#8243;][vc_column column_padding=&#8220;no-extra-padding&#8220; column_padding_position=&#8220;all&#8220; background_color_opacity=&#8220;1&#8243; background_hover_color_opacity=&#8220;1&#8243; width=&#8220;1\/1&#8243;][vc_column_text]\n<h2 style=\"text-align: justify;\">Pr\u00fcfungsgespr\u00e4ch:<\/h2>\n<p style=\"text-align: justify;\">Die Pr\u00fcferin begann ihre Pr\u00fcfung damit, dass wir uns vorstellen sollten, wir seien Richter am Verwaltungsgericht. Eine Klage habe uns durch die Gesch\u00e4ftsstelle erreicht. Kl\u00e4ger ist Herr A. Die Klageschrift ging \u00fcber das beA von Rechtsanwalt B beim Verwaltungsgericht ein. Geschrieben und unterschrieben sei die Klageschrift von Rechtsanw\u00e4ltin C. Eine Vollmacht des Herrn A f\u00fcr Rechtsanw\u00e4ltin C lag bei. Das Schreiben war nicht qualifiziert elektronisch signiert. Sie stellte die erste Frage sodann an den Kandidaten Nr. 3 in der Mitte und hielt sich im \u00dcbrigen auch an keine Reihenfolge. Dieser begann sodann mit <a href=\"https:\/\/dejure.org\/gesetze\/VwGO\/55d.html\" target=\"_blank\" title=\"&sect; 55d VwGO: Nutzungspflicht f&uuml;r Rechtsanw&auml;lte, Beh&ouml;rden und vertretungsberechtigte Bevollm&auml;chtigte\">\u00a7 55d VwGO<\/a> und mit <a href=\"https:\/\/dejure.org\/gesetze\/VwGO\/55a.html\" target=\"_blank\" title=\"&sect; 55a VwGO [&Uuml;bermittlung elektronischer Dokumente]\">\u00a7 55a Abs. 1 und Abs. 3 VwGO<\/a>. Wir kamen darauf, dass nach <a href=\"https:\/\/dejure.org\/gesetze\/VwGO\/81.html\" target=\"_blank\" title=\"&sect; 81 VwGO [Klageerhebung]\">\u00a7 81 VwGO<\/a> die Klage schriftlich einzureichen sei. Sodann unterhielten wir uns \u00fcber den sicheren \u00dcbermittlungsweg in <a href=\"https:\/\/dejure.org\/gesetze\/VwGO\/55a.html\" target=\"_blank\" title=\"&sect; 55a VwGO [&Uuml;bermittlung elektronischer Dokumente]\">\u00a7 55a III 1 Alt. 2 VwGO<\/a> und die Frage, ob die Person, die das beA verantwortet auch diejenige sein muss, die einfach signiert. Davon gingen wir sodann aus. Danach ging es um die Frage, was die Pr\u00fcferin als Richterin tun muss, wenn ihr so etwas auff\u00e4llt = einen Hinweis erteilen. Und wenn es sich um eine Anfechtungsklage handle zugleich auch an die Frist nach <a href=\"https:\/\/dejure.org\/gesetze\/VwGO\/74.html\" target=\"_blank\" title=\"&sect; 74 VwGO [Klagefrist]\">\u00a7 74 VwGO<\/a> denken. Hiernach ging der Fall weiter: Es sei nichts weiter passiert, die Klage sei insbesondere nicht n\u00e4her begr\u00fcndet worden. Gefragt wurde damit nach einer Betreibens Aufforderung nach <a href=\"https:\/\/dejure.org\/gesetze\/VwGO\/92.html\" target=\"_blank\" title=\"&sect; 92 VwGO [Klager&uuml;cknahme]\">\u00a7 92 II 1 VwGO<\/a>. Auch sei eine Fristsetzung, innerhalb derer sich der Kl\u00e4ger erkl\u00e4ren muss. Wir unterhielten uns dabei \u00fcber eine einfache Frist und eine Ausschlussfrist nach <a href=\"https:\/\/dejure.org\/gesetze\/VwGO\/87b.html\" target=\"_blank\" title=\"&sect; 87b VwGO [Fristsetzung; Pr&auml;klusion]\">\u00a7 87b VwGO<\/a>. Die Pr\u00fcferin wollte wissen, was dann noch m\u00f6glich sei. Ein Hinweis, dass die Klage ansonsten unzul\u00e4ssig w\u00fcrde und eine m\u00f6gliche R\u00fccknahme nach <a href=\"https:\/\/dejure.org\/gesetze\/VwGO\/92.html\" target=\"_blank\" title=\"&sect; 92 VwGO [Klager&uuml;cknahme]\">\u00a7 92 VwGO<\/a>. Sie fragte hierbei nach den dann reduzierten Kosten, die sich nach Anl. 1 des GKG von 3,0 auf 1,0 reduzieren. Der Fall ging dann weiter, dass die Richterin einen entsprechenden Hinweis erteilt habe und einen Termin zur m\u00fcndlichen Verhandlung gesetzt habe. Einen Tag vor dem Termin erhielt sie nun einen Anruf von RA\u2019in C mit der Bitte um eine Terminverlegung. Wir sprachen dann \u00fcber <a href=\"https:\/\/dejure.org\/gesetze\/VwGO\/173.html\" target=\"_blank\" title=\"&sect; 173 VwGO [Anwendung von GVG und ZPO]\">\u00a7 173 VwGO<\/a> i.V.m. <a href=\"https:\/\/dejure.org\/gesetze\/ZPO\/227.html\" target=\"_blank\" title=\"&sect; 227 ZPO: Termins&auml;nderung\">\u00a7 227 I 1 Nr. 2 ZPO<\/a>. Gleichzeitig halte die Richterin die Klage allerdings auch weiterhin f\u00fcr unzul\u00e4ssig. Wir sollten nun annehmen, dass RA\u2019in C den RA B unterbevollm\u00e4chtigt h\u00e4tte und RA\u2019in C angab, sie werde die Vollmachtsanzeige noch schicken (was sie dann allerdings wieder nicht tat). Es ging dann darum, ob die Voraussetzung nach <a href=\"https:\/\/dejure.org\/gesetze\/VwGO\/55a.html\" target=\"_blank\" title=\"&sect; 55a VwGO [&Uuml;bermittlung elektronischer Dokumente]\">\u00a7 55a III 1 Alt. 2 VwGO<\/a> durch eine Untervollmacht herstellbar w\u00e4re. Wir gingen davon aus, dass ja; dass BVerwG ist da wohl anderer Auffassung. Dann ging der Fall weiter, dass die m\u00fcndliche Verhandlung stattfand, aber keine Beteiligten erschienen. Wir sprachen dann erst \u00fcber die Besetzungen und Entscheidungsbefugnisse nach <a href=\"https:\/\/dejure.org\/gesetze\/VwGO\/5.html\" target=\"_blank\" title=\"&sect; 5 VwGO [Besetzung und Gliederung des Verwaltungsgerichts]\">\u00a7\u00a7 5,6 VwGO<\/a> und dann \u00fcber das Urteil ohne m\u00fcndliche Verhandlung nach <a href=\"https:\/\/dejure.org\/gesetze\/VwGO\/101.html\" target=\"_blank\" title=\"&sect; 101 VwGO [Grundsatz der m&uuml;ndlichen Verhandlung]\">\u00a7 101 VwGO<\/a>. Dann fragte die Pr\u00fcferin uns noch nach den Prozessmaximen im Verwaltungsrecht weil sie eigentlich dachte, wir w\u00fcrden zu ihrem geplanten Fall zeitlich nicht mehr kommen. Sie entschied sich dann doch, ihren Fall noch auszuteilen und eine Kandidatin las diesen vor. Es ging um eine F\u00f6rderrichtlinie und um ausgezahltes Geld. An eine Person wurden insgesamt 25.000,00 EUR ausgezahlt. Der Bewilligungsbescheid war allerdings teilweise fehlerhaft \u2013 es h\u00e4tten nur 18.000,00 EUR ausgezahlt werden d\u00fcrfen \u2013 und teilweise hat die Person das Geld zweckwidrig in H\u00f6he von 10.000,00 EUR f\u00fcr etwas anderes verwendet. Wir sprachen also dar\u00fcber, ob nun der Bescheid insgesamt in H\u00f6he der vollen 25.000,00 EUR rechtswidrig sei und \u00fcber <a href=\"https:\/\/dejure.org\/gesetze\/BVwVfG\/48.html\" target=\"_blank\" title=\"&sect; 48 BVwVfG: R&uuml;cknahme eines rechtswidrigen Verwaltungsaktes\">\u00a7\u00a7 48<\/a>, <a href=\"https:\/\/dejure.org\/gesetze\/BVwVfG\/49.html\" target=\"_blank\" title=\"&sect; 49 BVwVfG: Widerruf eines rechtm&auml;&szlig;igen Verwaltungsaktes\">49 VwVfG<\/a>. Wir kamen hier dazu, dass es sich aufgrund der teilbaren Geldleistung um einen teilbaren VA handle, weshalb sowohl \u00a7 48 als auch <a href=\"https:\/\/dejure.org\/gesetze\/BVwVfG\/49.html\" target=\"_blank\" title=\"&sect; 49 BVwVfG: Widerruf eines rechtm&auml;&szlig;igen Verwaltungsaktes\">\u00a7 49 VwVfG<\/a> zu pr\u00fcfen gewesen w\u00e4ren. Dann war die Zeit aber abgelaufen.<\/p>\n[\/vc_column_text]<div  class=\"divider\"><\/div>[vc_column_text]\n<p style=\"text-align: justify;\">Bei den obigen anonymisierten Protokollen handelt es sich um eine Original-Mitschrift aus dem zweiten Staatsexamen der\u00a0<strong>M\u00fcndlichen Pr\u00fcfung in NRW im Dezember 2024<\/strong>. Das Protokoll stammt aus dem Fundus des Protokollverleihs\u00a0<a href=\"http:\/\/www.juridicus.de\/pruefungsprotokolle\">Juridicus.de<\/a>.<\/p>\n<p style=\"text-align: justify;\">Weggelassen wurden die Angaben zum Pr\u00fcferverhalten. Die Schilderung des Falles und die L\u00f6sung beruhen ausschlie\u00dflich auf der Wahrnehmung des Pr\u00fcflings.<\/p>\n[\/vc_column_text][\/vc_column][\/vc_row]\n","protected":false},"excerpt":{"rendered":"<p>[vc_row type=&#8220;in_container&#8220; scene_position=&#8220;center&#8220; text_color=&#8220;dark&#8220; text_align=&#8220;left&#8220; overlay_strength=&#8220;0.3&#8243;][vc_column column_padding=&#8220;no-extra-padding&#8220; column_padding_position=&#8220;all&#8220; background_color_opacity=&#8220;1&#8243; background_hover_color_opacity=&#8220;1&#8243; width=&#8220;1\/1&#8243;][\/vc_column][\/vc_row][vc_row type=&#8220;in_container&#8220; scene_position=&#8220;center&#8220; text_color=&#8220;dark&#8220; text_align=&#8220;left&#8220; overlay_strength=&#8220;0.3&#8243;][vc_column column_padding=&#8220;no-extra-padding&#8220; column_padding_position=&#8220;all&#8220; background_color_opacity=&#8220;1&#8243; background_hover_color_opacity=&#8220;1&#8243; width=&#8220;1\/1&#8243;][vc_column_text] Pr\u00fcfungsthemen: \u00d6ffentliches Recht [\/vc_column_text][vc_column_text] Vorpunkte der Kandidaten [\/vc_column_text][vc_column_text] Kandidat 1 Endpunkte 12,2 Endnote 12,39 Endnote 1. Examen 10,11 [\/vc_column_text][vc_column_text] Zur Sache: Pr\u00fcfungsstoff:\u00a0 aktuelle\u00a0F\u00e4lle Pr\u00fcfungsthemen: Perspektive des Gerichts; beA; materiellrechtlich nur \u00a7\u00a7 48, 49 VwVfG ganz kurz am Ende \u00a0Paragraphen: \u00a755a VwGO Pr\u00fcfungsgespr\u00e4ch: Frage-Antwort-Diskussion [\/vc_column_text][vc_column_text] [\/vc_column_text][\/vc_column][\/vc_row][vc_row type=&#8220;in_container&#8220; scene_position=&#8220;center&#8220; text_color=&#8220;dark&#8220; text_align=&#8220;left&#8220;&#8230;<\/p>\n","protected":false},"author":1755,"featured_media":0,"comment_status":"open","ping_status":"open","sticky":false,"template":"","format":"standard","meta":{"footnotes":""},"categories":[2025,1711,2010,55],"tags":[],"class_list":["post-17840","post","type-post","status-publish","format-standard","hentry","category-2-staatsexamen","category-offentliches-recht-rechtsgebiet","category-protokolle","category-magazin"],"_links":{"self":[{"href":"https:\/\/www.juridicus.de\/blog\/wp-json\/wp\/v2\/posts\/17840","targetHints":{"allow":["GET"]}}],"collection":[{"href":"https:\/\/www.juridicus.de\/blog\/wp-json\/wp\/v2\/posts"}],"about":[{"href":"https:\/\/www.juridicus.de\/blog\/wp-json\/wp\/v2\/types\/post"}],"author":[{"embeddable":true,"href":"https:\/\/www.juridicus.de\/blog\/wp-json\/wp\/v2\/users\/1755"}],"replies":[{"embeddable":true,"href":"https:\/\/www.juridicus.de\/blog\/wp-json\/wp\/v2\/comments?post=17840"}],"version-history":[{"count":1,"href":"https:\/\/www.juridicus.de\/blog\/wp-json\/wp\/v2\/posts\/17840\/revisions"}],"predecessor-version":[{"id":17841,"href":"https:\/\/www.juridicus.de\/blog\/wp-json\/wp\/v2\/posts\/17840\/revisions\/17841"}],"wp:attachment":[{"href":"https:\/\/www.juridicus.de\/blog\/wp-json\/wp\/v2\/media?parent=17840"}],"wp:term":[{"taxonomy":"category","embeddable":true,"href":"https:\/\/www.juridicus.de\/blog\/wp-json\/wp\/v2\/categories?post=17840"},{"taxonomy":"post_tag","embeddable":true,"href":"https:\/\/www.juridicus.de\/blog\/wp-json\/wp\/v2\/tags?post=17840"}],"curies":[{"name":"wp","href":"https:\/\/api.w.org\/{rel}","templated":true}]}}