{"id":17842,"date":"2025-01-11T09:00:58","date_gmt":"2025-01-11T08:00:58","guid":{"rendered":"https:\/\/www.juridicus.de\/blog\/?p=17842"},"modified":"2025-01-08T09:53:08","modified_gmt":"2025-01-08T08:53:08","slug":"gedaechtnisprotokoll-einer-echten-klausur-zum-2-staatsexamen-bayern-vom-juni-2024-3","status":"publish","type":"post","link":"https:\/\/www.juridicus.de\/blog\/gedaechtnisprotokoll-einer-echten-klausur-zum-2-staatsexamen-bayern-vom-juni-2024-3\/","title":{"rendered":"Ged\u00e4chtnisprotokoll einer echten Klausur zum 2. Staatsexamen &#8211; Bayern vom Juni 2024"},"content":{"rendered":"[vc_row type=&#8220;in_container&#8220; scene_position=&#8220;center&#8220; text_color=&#8220;dark&#8220; text_align=&#8220;left&#8220; overlay_strength=&#8220;0.3&#8243;][vc_column column_padding=&#8220;no-extra-padding&#8220; column_padding_position=&#8220;all&#8220; background_color_opacity=&#8220;1&#8243; background_hover_color_opacity=&#8220;1&#8243; width=&#8220;1\/1&#8243;]<div  class=\"divider\"><\/div>[vc_column_text]\n<h2>Pr\u00fcfungsfach: \u00a0Arbeitsrecht<\/h2>\n[\/vc_column_text][\/vc_column][\/vc_row][vc_row type=&#8220;in_container&#8220; scene_position=&#8220;center&#8220; text_color=&#8220;dark&#8220; text_align=&#8220;left&#8220; overlay_strength=&#8220;0.3&#8243;][vc_column column_padding=&#8220;no-extra-padding&#8220; column_padding_position=&#8220;all&#8220; background_color_opacity=&#8220;1&#8243; background_hover_color_opacity=&#8220;1&#8243; width=&#8220;1\/1&#8243;][vc_column_text]\n<h2>Ged\u00e4chtnisprotokoll:<\/h2>\n<div style=\"text-align: justify;\">\n<p>Es handelt sich um eine Klausur im Arbeitsrecht. Arbeitnehmer kommt zur Rechtsantragsstelle des Arbeitsgerichts und erhebt Klage gegen seinen Arbeitgeber auf Feststellung, dass das Arbeitsverh\u00e4ltnis nicht aufgrund einer im Arbeitsvertrag vereinbarten Befristung beendet ist. Nach seiner Meinung gibt es keinen sachlichen Grund f\u00fcr die Befristung und aufgrund einer vorherigen Befristung sei die zweij\u00e4hrige H\u00f6chstbefristungsdauer bereits \u00fcberschritten. Der AG meint, dass die Befristung wirksam sei und ein sachlicher Grund bestehe. In der m\u00fcndlichen Verhandlung erging ein Vers\u00e4umnisurteil. Hiergegen legte die RA\u2018in des Arbeitnehmers Einspruch ein und erweiterte die Klage um zwei Antr\u00e4ge. Im 2. Klageantrag begehrt der Kl\u00e4ger Urlaubsabgeltung. Dies beruht darauf, dass der AN das aus seiner Sicht nicht befristete Arbeitsverh\u00e4ltnis selbst k\u00fcndigte und ihm noch Resturlaubstage zustehen. Im 3. Klageantrag begehrt der Kl\u00e4ger Entgeltfortzahlung wegen Krankheit. Weiter ist der Arbeitsvertrag abgedruckt. Hier gibt es noch eine Klausel hinsichtlich des Jahresurlaubs. Weiter bringt der AG vor, dass der AN zeitweise in Kurzarbeit war und f\u00fcr die Zeit ebenfalls kein Urlaubsanspruch besteht. Die Krankheit des AN wird bestritten aufgrund Zweifel am Beweiswert einer AU-Bescheinigung und Angaben des AN gg\u00fc. einem Kollegen, nicht mehr weiter arbeiten zu wollen und eine andere T\u00e4tigkeit in Aussicht zu haben sowie die AU genau in dem Zeitraum der Dauer der K\u00fcndigungsfrist besteht. Es ist die Entscheidung des Gerichts zu fertigen.<\/p>\n<\/div>\n[\/vc_column_text]<div  class=\"divider\"><\/div>[vc_column_text]\n<p style=\"text-align: justify;\">Bei den obigen Klausurprotokoll handelt es sich um das Ged\u00e4chtnisprotokoll einer <strong>echten Klausur vom Juni 2024 im zweiten Staatsexamen in Bayern. <\/strong>Das Protokoll stammt aus dem Fundus des Protokollverleihs\u00a0<a href=\"http:\/\/www.juridicus.de\/pruefungsprotokolle\">Juridicus.de<\/a>.<\/p>\n<p style=\"text-align: justify;\">Die Schilderung des Falles und die L\u00f6sung beruhen ausschlie\u00dflich auf der Wahrnehmung des Pr\u00fcflings.<\/p>\n[\/vc_column_text][\/vc_column][\/vc_row][vc_row type=&#8220;full_width_background&#8220; scene_position=&#8220;center&#8220; text_color=&#8220;dark&#8220; text_align=&#8220;left&#8220; overlay_strength=&#8220;0.3&#8243;][vc_column column_padding=&#8220;no-extra-padding&#8220; column_padding_position=&#8220;all&#8220; background_color_opacity=&#8220;1&#8243; background_hover_color_opacity=&#8220;1&#8243; width=&#8220;1\/1&#8243;]<div  class=\"divider-border\"><\/div>[\/vc_column][\/vc_row]\n","protected":false},"excerpt":{"rendered":"<p>[vc_row type=&#8220;in_container&#8220; scene_position=&#8220;center&#8220; text_color=&#8220;dark&#8220; text_align=&#8220;left&#8220; overlay_strength=&#8220;0.3&#8243;][vc_column column_padding=&#8220;no-extra-padding&#8220; column_padding_position=&#8220;all&#8220; background_color_opacity=&#8220;1&#8243; background_hover_color_opacity=&#8220;1&#8243; width=&#8220;1\/1&#8243;][vc_column_text] Pr\u00fcfungsfach: \u00a0Arbeitsrecht [\/vc_column_text][\/vc_column][\/vc_row][vc_row type=&#8220;in_container&#8220; scene_position=&#8220;center&#8220; text_color=&#8220;dark&#8220; text_align=&#8220;left&#8220; overlay_strength=&#8220;0.3&#8243;][vc_column column_padding=&#8220;no-extra-padding&#8220; column_padding_position=&#8220;all&#8220; background_color_opacity=&#8220;1&#8243; background_hover_color_opacity=&#8220;1&#8243; width=&#8220;1\/1&#8243;][vc_column_text] Ged\u00e4chtnisprotokoll: Es handelt sich um eine Klausur im Arbeitsrecht. Arbeitnehmer kommt zur Rechtsantragsstelle des Arbeitsgerichts und erhebt Klage gegen seinen Arbeitgeber auf Feststellung, dass das Arbeitsverh\u00e4ltnis nicht aufgrund einer im Arbeitsvertrag vereinbarten Befristung beendet ist. Nach seiner Meinung gibt es keinen sachlichen Grund f\u00fcr die Befristung&#8230;<\/p>\n","protected":false},"author":1755,"featured_media":0,"comment_status":"open","ping_status":"open","sticky":false,"template":"","format":"standard","meta":{"footnotes":""},"categories":[2223,3160,2221,55],"tags":[],"class_list":["post-17842","post","type-post","status-publish","format-standard","hentry","category-2-staatsexamen-klausurprotokoll","category-arbeitsrecht","category-klausurprotokoll","category-magazin"],"_links":{"self":[{"href":"https:\/\/www.juridicus.de\/blog\/wp-json\/wp\/v2\/posts\/17842","targetHints":{"allow":["GET"]}}],"collection":[{"href":"https:\/\/www.juridicus.de\/blog\/wp-json\/wp\/v2\/posts"}],"about":[{"href":"https:\/\/www.juridicus.de\/blog\/wp-json\/wp\/v2\/types\/post"}],"author":[{"embeddable":true,"href":"https:\/\/www.juridicus.de\/blog\/wp-json\/wp\/v2\/users\/1755"}],"replies":[{"embeddable":true,"href":"https:\/\/www.juridicus.de\/blog\/wp-json\/wp\/v2\/comments?post=17842"}],"version-history":[{"count":1,"href":"https:\/\/www.juridicus.de\/blog\/wp-json\/wp\/v2\/posts\/17842\/revisions"}],"predecessor-version":[{"id":17843,"href":"https:\/\/www.juridicus.de\/blog\/wp-json\/wp\/v2\/posts\/17842\/revisions\/17843"}],"wp:attachment":[{"href":"https:\/\/www.juridicus.de\/blog\/wp-json\/wp\/v2\/media?parent=17842"}],"wp:term":[{"taxonomy":"category","embeddable":true,"href":"https:\/\/www.juridicus.de\/blog\/wp-json\/wp\/v2\/categories?post=17842"},{"taxonomy":"post_tag","embeddable":true,"href":"https:\/\/www.juridicus.de\/blog\/wp-json\/wp\/v2\/tags?post=17842"}],"curies":[{"name":"wp","href":"https:\/\/api.w.org\/{rel}","templated":true}]}}