{"id":17887,"date":"2025-02-12T09:00:20","date_gmt":"2025-02-12T08:00:20","guid":{"rendered":"https:\/\/www.juridicus.de\/blog\/?p=17887"},"modified":"2025-02-05T12:55:50","modified_gmt":"2025-02-05T11:55:50","slug":"gedaechtnisprotokoll-einer-echten-klausur-zum-1-staatsexamen-baden-wuerttemberg-vom-september-2024-2","status":"publish","type":"post","link":"https:\/\/www.juridicus.de\/blog\/gedaechtnisprotokoll-einer-echten-klausur-zum-1-staatsexamen-baden-wuerttemberg-vom-september-2024-2\/","title":{"rendered":"Ged\u00e4chtnisprotokoll einer echten Klausur zum 1. Staatsexamen &#8211; Baden-W\u00fcrttemberg vom September 2024"},"content":{"rendered":"[vc_row type=&#8220;in_container&#8220; scene_position=&#8220;center&#8220; text_color=&#8220;dark&#8220; text_align=&#8220;left&#8220; overlay_strength=&#8220;0.3&#8243;][vc_column column_padding=&#8220;no-extra-padding&#8220; column_padding_position=&#8220;all&#8220; background_color_opacity=&#8220;1&#8243; background_hover_color_opacity=&#8220;1&#8243; width=&#8220;1\/1&#8243;]<div  class=\"divider\"><\/div>[vc_column_text]\n<h2>Pr\u00fcfungsfach: \u00a0Zivilrecht<\/h2>\n[\/vc_column_text][\/vc_column][\/vc_row][vc_row type=&#8220;in_container&#8220; scene_position=&#8220;center&#8220; text_color=&#8220;dark&#8220; text_align=&#8220;left&#8220; overlay_strength=&#8220;0.3&#8243;][vc_column column_padding=&#8220;no-extra-padding&#8220; column_padding_position=&#8220;all&#8220; background_color_opacity=&#8220;1&#8243; background_hover_color_opacity=&#8220;1&#8243; width=&#8220;1\/1&#8243;][vc_column_text]\n<h2 style=\"text-align: justify;\">Ged\u00e4chtnisprotokoll:<\/h2>\n<p style=\"text-align: justify;\">M ist leidenschaftlicher Reiter und mietet von der V einen Pferdestall mit drei Boxen f\u00fcr seine drei Pferde. Dabei handeln sie die Vertragsbedingungen individuell aus und legen u.a. fest, dass eine Untervermietung nur mit Zustimmung der V zul\u00e4ssig sein soll. Ferner wird die Vertragsdauer auf ein Jahr befristet. M stellt seiner Freundin und Nachbarin C, die eine erfahrene Hobbyreiterin ist, eines Tages eins seiner drei Tiere f\u00fcr einen einmaligen Ausritt unentgeltlich zur Verf\u00fcgung. Dieses ist gew\u00f6hnlich nicht schreckhaft. Es kommt nat\u00fcrlich trotzdem, wie es kommen muss: Das Pferd scheut vor einem wilden Hasen, buckelt und wirft die arme C ab, die sich den Oberarm bricht. Es entstehen Heilbehandlungskosten i.H.v. 2.000 Euro. Aufgabe 1: Anspr\u00fcche der C gegen M auf Ersatz der Heilbehandlungskosten i.H.v. 2.000 Euro? Die Leidenschaft des M erlischt pl\u00f6tzlich und er entscheidet sich, die Pferde aufzugeben und den Stall unterzuvermieten. Er begibt sich auf die Suche nach einem Untermieter und findet U. Kurzerhand schlie\u00dfen sie einen Mietvertrag \u00fcber den Stall ab Oktober, um eine Erlaubnis der V bem\u00fcht sich M indes nicht. U wei\u00df nicht, dass M zur Untervermietung nicht berechtigt ist. Mitte Dezember erinnert V den M an den anstehenden Auszug. M setzt sie sodann \u00fcber die Untervermietung in Kenntnis. V ist gar nicht begeistert. Am 01.01. des neuen Jahres l\u00e4sst sie deswegen das Schloss des Stalles austauschen. U ist der Zutritt damit nicht mehr m\u00f6glich. Effektiver lernen? Alle Lerninhalte f\u00fcr das Jurastudium, Examen und Referendariat auf einer Plattform Erkl\u00e4rvideos mit interaktiven Verst\u00e4ndnisfragen Skripte zum Nachlesen Original Klausurf\u00e4lle mit Musterl\u00f6sung Hilfreiche Lern-Analytics U hatte allerdings zwischenzeitlich einen Zuchthengst im Stall untergebracht. Diesen kann U infolge des Schlosswechsels nur noch durch einen Spalt f\u00fcttern und streicheln. U hatte eigentlich eine Deckanfrage f\u00fcr den Zuchthengst. Da dieser jedoch \u201eeingesperrt\u201c ist, kann sie der Anfrage nicht nachkommen und so entgeht ihr ein Gewinn i.H.v. 5.000 Euro. Dar\u00fcber hinaus hatte U urspr\u00fcnglich geplant, noch zwei weitere Pferde in dem Stall unterzubringen. Da dieser jedoch verschlossen war, musste U sich um eine Alternative bem\u00fchen, die U auch zum Preis von 100 Euro \/ Tag gefunden hat. Erst am 04.01. kann U dann schlie\u00dflich in einen neuen Stall umziehen. Aufgabe 2: Anspr\u00fcche der V gegen M auf Herausgabe des Untermietzinses f\u00fcr die Monate Oktober bis Dezember 2022? Aufgabe 3: Anspr\u00fcche der U gegen V auf Ersatz des entgangenen Gewinns wegen der ausgebliebenen Besamung und Kostenersatz wegen der anderweitigen Unterbringung?<\/p>\n[\/vc_column_text]<div  class=\"divider\"><\/div>[vc_column_text]\n<p style=\"text-align: justify;\">Bei den obigen Klausurprotokoll handelt es sich um das Ged\u00e4chtnisprotokoll einer <strong>echten Klausur vom September 2024 im ersten Staatsexamen in Baden-W\u00fcrttemberg. <\/strong>Das Protokoll stammt aus dem Fundus des Protokollverleihs\u00a0<a href=\"http:\/\/www.juridicus.de\/pruefungsprotokolle\">Juridicus.de<\/a>.<\/p>\n<p style=\"text-align: justify;\">Die Schilderung des Falles und die L\u00f6sung beruhen ausschlie\u00dflich auf der Wahrnehmung des Pr\u00fcflings.<\/p>\n[\/vc_column_text][\/vc_column][\/vc_row][vc_row type=&#8220;full_width_background&#8220; scene_position=&#8220;center&#8220; text_color=&#8220;dark&#8220; text_align=&#8220;left&#8220; overlay_strength=&#8220;0.3&#8243;][vc_column column_padding=&#8220;no-extra-padding&#8220; column_padding_position=&#8220;all&#8220; background_color_opacity=&#8220;1&#8243; background_hover_color_opacity=&#8220;1&#8243; width=&#8220;1\/1&#8243;]<div  class=\"divider-border\"><\/div>[\/vc_column][\/vc_row]\n","protected":false},"excerpt":{"rendered":"<p>[vc_row type=&#8220;in_container&#8220; scene_position=&#8220;center&#8220; text_color=&#8220;dark&#8220; text_align=&#8220;left&#8220; overlay_strength=&#8220;0.3&#8243;][vc_column column_padding=&#8220;no-extra-padding&#8220; column_padding_position=&#8220;all&#8220; background_color_opacity=&#8220;1&#8243; background_hover_color_opacity=&#8220;1&#8243; width=&#8220;1\/1&#8243;][vc_column_text] Pr\u00fcfungsfach: \u00a0Zivilrecht [\/vc_column_text][\/vc_column][\/vc_row][vc_row type=&#8220;in_container&#8220; scene_position=&#8220;center&#8220; text_color=&#8220;dark&#8220; text_align=&#8220;left&#8220; overlay_strength=&#8220;0.3&#8243;][vc_column column_padding=&#8220;no-extra-padding&#8220; column_padding_position=&#8220;all&#8220; background_color_opacity=&#8220;1&#8243; background_hover_color_opacity=&#8220;1&#8243; width=&#8220;1\/1&#8243;][vc_column_text] Ged\u00e4chtnisprotokoll: M ist leidenschaftlicher Reiter und mietet von der V einen Pferdestall mit drei Boxen f\u00fcr seine drei Pferde. Dabei handeln sie die Vertragsbedingungen individuell aus und legen u.a. fest, dass eine Untervermietung nur mit Zustimmung der V zul\u00e4ssig sein soll. Ferner wird die Vertragsdauer auf&#8230;<\/p>\n","protected":false},"author":1755,"featured_media":0,"comment_status":"open","ping_status":"open","sticky":false,"template":"","format":"standard","meta":{"footnotes":""},"categories":[2222,2221,55,1703],"tags":[],"class_list":["post-17887","post","type-post","status-publish","format-standard","hentry","category-1-staatsexamen-klausurprotokoll","category-klausurprotokoll","category-magazin","category-zivilrecht-rechtsgebiet"],"_links":{"self":[{"href":"https:\/\/www.juridicus.de\/blog\/wp-json\/wp\/v2\/posts\/17887","targetHints":{"allow":["GET"]}}],"collection":[{"href":"https:\/\/www.juridicus.de\/blog\/wp-json\/wp\/v2\/posts"}],"about":[{"href":"https:\/\/www.juridicus.de\/blog\/wp-json\/wp\/v2\/types\/post"}],"author":[{"embeddable":true,"href":"https:\/\/www.juridicus.de\/blog\/wp-json\/wp\/v2\/users\/1755"}],"replies":[{"embeddable":true,"href":"https:\/\/www.juridicus.de\/blog\/wp-json\/wp\/v2\/comments?post=17887"}],"version-history":[{"count":1,"href":"https:\/\/www.juridicus.de\/blog\/wp-json\/wp\/v2\/posts\/17887\/revisions"}],"predecessor-version":[{"id":17888,"href":"https:\/\/www.juridicus.de\/blog\/wp-json\/wp\/v2\/posts\/17887\/revisions\/17888"}],"wp:attachment":[{"href":"https:\/\/www.juridicus.de\/blog\/wp-json\/wp\/v2\/media?parent=17887"}],"wp:term":[{"taxonomy":"category","embeddable":true,"href":"https:\/\/www.juridicus.de\/blog\/wp-json\/wp\/v2\/categories?post=17887"},{"taxonomy":"post_tag","embeddable":true,"href":"https:\/\/www.juridicus.de\/blog\/wp-json\/wp\/v2\/tags?post=17887"}],"curies":[{"name":"wp","href":"https:\/\/api.w.org\/{rel}","templated":true}]}}