{"id":17900,"date":"2025-02-26T09:00:19","date_gmt":"2025-02-26T08:00:19","guid":{"rendered":"https:\/\/www.juridicus.de\/blog\/?p=17900"},"modified":"2025-02-18T10:00:26","modified_gmt":"2025-02-18T09:00:26","slug":"gedaechtnisprotokoll-einer-echten-klausur-zum-1-staatsexamen-niedersachsen-vom-oktober-2024","status":"publish","type":"post","link":"https:\/\/www.juridicus.de\/blog\/gedaechtnisprotokoll-einer-echten-klausur-zum-1-staatsexamen-niedersachsen-vom-oktober-2024\/","title":{"rendered":"Ged\u00e4chtnisprotokoll einer echten Klausur zum 1. Staatsexamen &#8211; Niedersachsen vom Oktober 2024"},"content":{"rendered":"[vc_row type=&#8220;in_container&#8220; scene_position=&#8220;center&#8220; text_color=&#8220;dark&#8220; text_align=&#8220;left&#8220; overlay_strength=&#8220;0.3&#8243;][vc_column column_padding=&#8220;no-extra-padding&#8220; column_padding_position=&#8220;all&#8220; background_color_opacity=&#8220;1&#8243; background_hover_color_opacity=&#8220;1&#8243; width=&#8220;1\/1&#8243;]<div  class=\"divider\"><\/div>[vc_column_text]\n<h2>Pr\u00fcfungsfach:\u00a0 Strafrecht<\/h2>\n[\/vc_column_text][\/vc_column][\/vc_row][vc_row type=&#8220;in_container&#8220; scene_position=&#8220;center&#8220; text_color=&#8220;dark&#8220; text_align=&#8220;left&#8220; overlay_strength=&#8220;0.3&#8243;][vc_column column_padding=&#8220;no-extra-padding&#8220; column_padding_position=&#8220;all&#8220; background_color_opacity=&#8220;1&#8243; background_hover_color_opacity=&#8220;1&#8243; width=&#8220;1\/1&#8243;][vc_column_text]\n<h2>Ged\u00e4chtnisprotokoll:<\/h2>\n<div>\n<div style=\"text-align: justify;\">\n<p>Die Klausur war in 3 Handlungskomplexe eingeteilt. Im ersten Handlungskomplex geht es darum, dass zwischen zwei verfeindeten Banden eine Pr\u00fcgelei geplant ist. Der Bandenchef ist mit seinem Motorrad mit \u00fcberh\u00f6hter Geschwindigkeit \u00fcber eine Bundesstra\u00dfe gefahren, um zu der Pr\u00fcgelei zu kommen. An einer Kreuzung ist er \u00fcber Rot gefahren. Ein von einer anderen Einm\u00fcndung der Kreuzung kommender Fahrer, welcher gr\u00fcn hatte, musste um, einen Zusammensto\u00df zu verhindern, scharf abbremsen und ist daraufhin mit einem Verkehrsschild zusammengesto\u00dfen. Verletzt wurde der Fahrer dabei nicht. Der Bandenchef hat diesen Unfall jedoch nicht mitbekommen und ist mit \u00fcberh\u00f6hter Geschwindigkeit weitergefahren. Im zweiten Handlungskomplex kommt der Bandenchef am Ort der Schl\u00e4gerei an. Zwei seiner Bandenmitglieder sind bereits in die Pr\u00fcgelei eingebunden. Der Bandenchef feuert sie an. Ein verfeindetes Bandenmitglied bekommt Angst vor den Schl\u00e4gen und rennt vom Ort des Geschehens weg. Dabei rennt er auf eine Stra\u00dfe und wird dort von einem Auto \u00fcberfahren. Der dritte Handlungskomplex war angelehnt an den Hells Angels Fall. Die Polizei plant gegen den Bandenchef einen Einsatz. Dieser soll in der Nacht durchgef\u00fchrt werden. Der Bandenchef wird von den Ger\u00e4uschen wach und denkt er w\u00fcrde von der verfeindeten Bande \u00fcberfallen werden. Er geht davon aus get\u00f6tet zu werden. Mehrmals ruft er raus, dass sich die Leute verziehen sollen. Die Polizisten bekommen davon jedoch nichts mit. Aus Angst schie\u00dft der Bandenchef durch die geschlossene T\u00fcr und t\u00f6tet einen der Beamten. Fallfrage war die Strafbarkeit der Beteiligten zu pr\u00fcfen.<\/p>\n<\/div>\n<\/div>\n[\/vc_column_text]<div  class=\"divider\"><\/div>[vc_column_text]\n<p style=\"text-align: justify;\">Bei den obigen Klausurprotokoll handelt es sich um das Ged\u00e4chtnisprotokoll einer <strong>echten Klausur vom Oktober 2024 im ersten Staatsexamen in Niedersachsen.<\/strong>\u00a0Das Protokoll stammt aus dem Fundus des Protokollverleihs\u00a0<a href=\"http:\/\/www.juridicus.de\/pruefungsprotokolle\">Juridicus.de<\/a>.<\/p>\n<p style=\"text-align: justify;\">Die Schilderung des Falles und die L\u00f6sung beruhen ausschlie\u00dflich auf der Wahrnehmung des Pr\u00fcflings.<\/p>\n[\/vc_column_text][\/vc_column][\/vc_row][vc_row type=&#8220;full_width_background&#8220; scene_position=&#8220;center&#8220; text_color=&#8220;dark&#8220; text_align=&#8220;left&#8220; overlay_strength=&#8220;0.3&#8243;][vc_column column_padding=&#8220;no-extra-padding&#8220; column_padding_position=&#8220;all&#8220; background_color_opacity=&#8220;1&#8243; background_hover_color_opacity=&#8220;1&#8243; width=&#8220;1\/1&#8243;]<div  class=\"divider-border\"><\/div>[\/vc_column][\/vc_row]\n","protected":false},"excerpt":{"rendered":"<p>[vc_row type=&#8220;in_container&#8220; scene_position=&#8220;center&#8220; text_color=&#8220;dark&#8220; text_align=&#8220;left&#8220; overlay_strength=&#8220;0.3&#8243;][vc_column column_padding=&#8220;no-extra-padding&#8220; column_padding_position=&#8220;all&#8220; background_color_opacity=&#8220;1&#8243; background_hover_color_opacity=&#8220;1&#8243; width=&#8220;1\/1&#8243;][vc_column_text] Pr\u00fcfungsfach:\u00a0 Strafrecht [\/vc_column_text][\/vc_column][\/vc_row][vc_row type=&#8220;in_container&#8220; scene_position=&#8220;center&#8220; text_color=&#8220;dark&#8220; text_align=&#8220;left&#8220; overlay_strength=&#8220;0.3&#8243;][vc_column column_padding=&#8220;no-extra-padding&#8220; column_padding_position=&#8220;all&#8220; background_color_opacity=&#8220;1&#8243; background_hover_color_opacity=&#8220;1&#8243; width=&#8220;1\/1&#8243;][vc_column_text] Ged\u00e4chtnisprotokoll: Die Klausur war in 3 Handlungskomplexe eingeteilt. Im ersten Handlungskomplex geht es darum, dass zwischen zwei verfeindeten Banden eine Pr\u00fcgelei geplant ist. Der Bandenchef ist mit seinem Motorrad mit \u00fcberh\u00f6hter Geschwindigkeit \u00fcber eine Bundesstra\u00dfe gefahren, um zu der Pr\u00fcgelei zu kommen. An einer Kreuzung ist&#8230;<\/p>\n","protected":false},"author":1755,"featured_media":0,"comment_status":"open","ping_status":"open","sticky":false,"template":"","format":"standard","meta":{"footnotes":""},"categories":[2222,2221,55,1715],"tags":[],"class_list":["post-17900","post","type-post","status-publish","format-standard","hentry","category-1-staatsexamen-klausurprotokoll","category-klausurprotokoll","category-magazin","category-strafrecht-rechtsgebiet"],"_links":{"self":[{"href":"https:\/\/www.juridicus.de\/blog\/wp-json\/wp\/v2\/posts\/17900","targetHints":{"allow":["GET"]}}],"collection":[{"href":"https:\/\/www.juridicus.de\/blog\/wp-json\/wp\/v2\/posts"}],"about":[{"href":"https:\/\/www.juridicus.de\/blog\/wp-json\/wp\/v2\/types\/post"}],"author":[{"embeddable":true,"href":"https:\/\/www.juridicus.de\/blog\/wp-json\/wp\/v2\/users\/1755"}],"replies":[{"embeddable":true,"href":"https:\/\/www.juridicus.de\/blog\/wp-json\/wp\/v2\/comments?post=17900"}],"version-history":[{"count":1,"href":"https:\/\/www.juridicus.de\/blog\/wp-json\/wp\/v2\/posts\/17900\/revisions"}],"predecessor-version":[{"id":17903,"href":"https:\/\/www.juridicus.de\/blog\/wp-json\/wp\/v2\/posts\/17900\/revisions\/17903"}],"wp:attachment":[{"href":"https:\/\/www.juridicus.de\/blog\/wp-json\/wp\/v2\/media?parent=17900"}],"wp:term":[{"taxonomy":"category","embeddable":true,"href":"https:\/\/www.juridicus.de\/blog\/wp-json\/wp\/v2\/categories?post=17900"},{"taxonomy":"post_tag","embeddable":true,"href":"https:\/\/www.juridicus.de\/blog\/wp-json\/wp\/v2\/tags?post=17900"}],"curies":[{"name":"wp","href":"https:\/\/api.w.org\/{rel}","templated":true}]}}