{"id":17914,"date":"2025-03-08T09:00:00","date_gmt":"2025-03-08T08:00:00","guid":{"rendered":"https:\/\/www.juridicus.de\/blog\/?p=17914"},"modified":"2025-02-28T11:47:03","modified_gmt":"2025-02-28T10:47:03","slug":"gedaechtnisprotokoll-einer-echten-klausur-zum-2-staatsexamen-brandenburg-im-september-2024","status":"publish","type":"post","link":"https:\/\/www.juridicus.de\/blog\/gedaechtnisprotokoll-einer-echten-klausur-zum-2-staatsexamen-brandenburg-im-september-2024\/","title":{"rendered":"Ged\u00e4chtnisprotokoll einer echten Klausur zum 2. Staatsexamen &#8211; Brandenburg im September 2024"},"content":{"rendered":"[vc_row type=&#8220;in_container&#8220; scene_position=&#8220;center&#8220; text_color=&#8220;dark&#8220; text_align=&#8220;left&#8220; overlay_strength=&#8220;0.3&#8243;][vc_column column_padding=&#8220;no-extra-padding&#8220; column_padding_position=&#8220;all&#8220; background_color_opacity=&#8220;1&#8243; background_hover_color_opacity=&#8220;1&#8243; width=&#8220;1\/1&#8243;]<div  class=\"divider\"><\/div>[vc_column_text]\n<h2>Pr\u00fcfungsfach: \u00a0Strafrecht<\/h2>\n[\/vc_column_text][\/vc_column][\/vc_row][vc_row type=&#8220;in_container&#8220; scene_position=&#8220;center&#8220; text_color=&#8220;dark&#8220; text_align=&#8220;left&#8220; overlay_strength=&#8220;0.3&#8243;][vc_column column_padding=&#8220;no-extra-padding&#8220; column_padding_position=&#8220;all&#8220; background_color_opacity=&#8220;1&#8243; background_hover_color_opacity=&#8220;1&#8243; width=&#8220;1\/1&#8243;][vc_column_text]\n<h2>Ged\u00e4chtnisprotokoll:<\/h2>\n<div>\n<div style=\"text-align: justify;\">\n<p>Teil 1: Am Abend des 17.02.2024 befand sich der Angeschuldigte auf dem Heimweg von einer Kneipe. Als er dabei an der sp\u00e4teren Tat\u00f6rtlichkeit vorbeikam, bemerkte er das auf Kipp stehende Fenster in der dortigen Souterrainwohnung der Gesch\u00e4digten O. Um dort einzudringen und nach wertvollen Dingen zu suchen, nahm der Angeschuldigte einen auf dem B\u00fcrgersteig liegenden Stock und hebelte damit das angekippte Fenster auf. Zu diesem Zeitpunkt trug er ein Taschenmesser bei sich. Der Angeschuldigte gelang durch das Fenster in das Zimmer, bei dem es sich um das Schlafzimmer der Gesch\u00e4digten handelte. Der Angeschuldigte plante, dieses zu verlassen, um in den weiteren R\u00e4umlichkeiten nach wertvollen Sachen zu suchen, als die Gesch\u00e4digte wach wurde und den Angeschuldigten konfrontierte. Der Angeschuldigte hielt der Gesch\u00e4digten sodann sein Taschenmesser entgegen. Die Gesch\u00e4digte schrie daraufhin kurz auf. Der Angeschuldigte, der die Gesch\u00e4digte, um jeden Preis zum Schweigen zu bringen, dr\u00fcckte ihr daraufhin den Hals zu. Als Reaktion auf ihre starke Gegenwehr stach er den Gesch\u00e4digten sodann mit dem Messer zweimal in den Kopf- und einmal in den Halsbereich, woraufhin die Gesch\u00e4digte verstarb. Die Gesch\u00e4digte erlitt hierbei drei Stichverletzungen, davon zwei mi Bereich der linken Schl\u00e4fe und ein letztlich todbringender Stich nie die linke Halsseite. Miturs\u00e4chlich f\u00fcr den Tod war ein Ersticken durch zweitweisen Verschluss der Atemwege. Der Angeschuldigte begann sodann in der Wohnung nach Sachen zu suchen und entwendete dabei zwei Halsketten und Ohrringe.<\/p>\n<p>Teil 2: Am Abend des 14.03.2024 befand sich der Angeschuldigte Gegen 21:00 Uhr auf dem Feld in H. Nachdem er dort mit der Zeugin und sp\u00e4teren Gesch\u00e4digten G zusammenstie\u00df, sagte die Zeugin Gunda Bad zum schwankend laufenden Angeschuldigten &#8222;Wenn du das Saufen nicht vertr\u00e4gst, lass es lieber!&#8220;. Der daraufhin in Rage geratene Angeschuldigte zog die Zeugin G vom Fahrrad und gab ihr mit der flachen Hand eine Ohrfeige. Anschlie\u00dfende zog er ein Taschenmesser vor, mit welchem er ihr zweimal lebensbedrohlich in den Kopf einstach. Als er imstande war, ihr einen dritte Messerstichverletzung mi Bereich des Halses zuzuf\u00fcgen und bereits einen 0,5 m tiefen Schnitt ansetzte, vernahm der Angeschuldigte in der Ferne Sirenen und Hundegebell. Der Angeschuldigte nahm dabei an, dass es sich um ein Ann\u00e4hern von der Strafverfolgungsbeh\u00f6rde handelte. Aus Angst vor einer Festnahme und Inhaftierung sah er von der weiteren Tatausf\u00fchrung ab und sagte, f\u00fcr die G noch vernehmbar, &#8222;Mist, die kriegen mich sonst&#8220;. Der Angeschuldigte entfernte sich sodann vom Tatort und lie\u00df die nunmehr bewusstlos gewordene G mit den erlittenen Verletzungen am Boden liegend zur\u00fcck.<\/p>\n<\/div>\n<\/div>\n[\/vc_column_text]<div  class=\"divider\"><\/div>[vc_column_text]\n<p style=\"text-align: justify;\">Bei den obigen Klausurprotokoll handelt es sich um das Ged\u00e4chtnisprotokoll einer <strong>echten Klausur vom September 2024 im zweiten Staatsexamen in Brandenburg.<\/strong>\u00a0Das Protokoll stammt aus dem Fundus des Protokollverleihs <a href=\"http:\/\/www.juridicus.de\/pruefungsprotokolle\">Juridicus.de<\/a>.<\/p>\n<p style=\"text-align: justify;\">Die Schilderung des Falles und die L\u00f6sung beruhen ausschlie\u00dflich auf der Wahrnehmung des Pr\u00fcflings.<\/p>\n[\/vc_column_text][\/vc_column][\/vc_row][vc_row type=&#8220;full_width_background&#8220; scene_position=&#8220;center&#8220; text_color=&#8220;dark&#8220; text_align=&#8220;left&#8220; overlay_strength=&#8220;0.3&#8243;][vc_column column_padding=&#8220;no-extra-padding&#8220; column_padding_position=&#8220;all&#8220; background_color_opacity=&#8220;1&#8243; background_hover_color_opacity=&#8220;1&#8243; width=&#8220;1\/1&#8243;]<div  class=\"divider-border\"><\/div>[\/vc_column][\/vc_row]\n","protected":false},"excerpt":{"rendered":"<p>[vc_row type=&#8220;in_container&#8220; scene_position=&#8220;center&#8220; text_color=&#8220;dark&#8220; text_align=&#8220;left&#8220; overlay_strength=&#8220;0.3&#8243;][vc_column column_padding=&#8220;no-extra-padding&#8220; column_padding_position=&#8220;all&#8220; background_color_opacity=&#8220;1&#8243; background_hover_color_opacity=&#8220;1&#8243; width=&#8220;1\/1&#8243;][vc_column_text] Pr\u00fcfungsfach: \u00a0Strafrecht [\/vc_column_text][\/vc_column][\/vc_row][vc_row type=&#8220;in_container&#8220; scene_position=&#8220;center&#8220; text_color=&#8220;dark&#8220; text_align=&#8220;left&#8220; overlay_strength=&#8220;0.3&#8243;][vc_column column_padding=&#8220;no-extra-padding&#8220; column_padding_position=&#8220;all&#8220; background_color_opacity=&#8220;1&#8243; background_hover_color_opacity=&#8220;1&#8243; width=&#8220;1\/1&#8243;][vc_column_text] Ged\u00e4chtnisprotokoll: Teil 1: Am Abend des 17.02.2024 befand sich der Angeschuldigte auf dem Heimweg von einer Kneipe. Als er dabei an der sp\u00e4teren Tat\u00f6rtlichkeit vorbeikam, bemerkte er das auf Kipp stehende Fenster in der dortigen Souterrainwohnung der Gesch\u00e4digten O. Um dort einzudringen und nach wertvollen Dingen&#8230;<\/p>\n","protected":false},"author":1755,"featured_media":0,"comment_status":"open","ping_status":"open","sticky":false,"template":"","format":"standard","meta":{"footnotes":""},"categories":[2223,2221,55,1715],"tags":[],"class_list":["post-17914","post","type-post","status-publish","format-standard","hentry","category-2-staatsexamen-klausurprotokoll","category-klausurprotokoll","category-magazin","category-strafrecht-rechtsgebiet"],"_links":{"self":[{"href":"https:\/\/www.juridicus.de\/blog\/wp-json\/wp\/v2\/posts\/17914","targetHints":{"allow":["GET"]}}],"collection":[{"href":"https:\/\/www.juridicus.de\/blog\/wp-json\/wp\/v2\/posts"}],"about":[{"href":"https:\/\/www.juridicus.de\/blog\/wp-json\/wp\/v2\/types\/post"}],"author":[{"embeddable":true,"href":"https:\/\/www.juridicus.de\/blog\/wp-json\/wp\/v2\/users\/1755"}],"replies":[{"embeddable":true,"href":"https:\/\/www.juridicus.de\/blog\/wp-json\/wp\/v2\/comments?post=17914"}],"version-history":[{"count":2,"href":"https:\/\/www.juridicus.de\/blog\/wp-json\/wp\/v2\/posts\/17914\/revisions"}],"predecessor-version":[{"id":17916,"href":"https:\/\/www.juridicus.de\/blog\/wp-json\/wp\/v2\/posts\/17914\/revisions\/17916"}],"wp:attachment":[{"href":"https:\/\/www.juridicus.de\/blog\/wp-json\/wp\/v2\/media?parent=17914"}],"wp:term":[{"taxonomy":"category","embeddable":true,"href":"https:\/\/www.juridicus.de\/blog\/wp-json\/wp\/v2\/categories?post=17914"},{"taxonomy":"post_tag","embeddable":true,"href":"https:\/\/www.juridicus.de\/blog\/wp-json\/wp\/v2\/tags?post=17914"}],"curies":[{"name":"wp","href":"https:\/\/api.w.org\/{rel}","templated":true}]}}