{"id":17972,"date":"2025-04-23T09:00:13","date_gmt":"2025-04-23T07:00:13","guid":{"rendered":"https:\/\/www.juridicus.de\/blog\/?p=17972"},"modified":"2025-04-15T09:38:34","modified_gmt":"2025-04-15T07:38:34","slug":"gedaechtnisprotokoll-einer-echten-klausur-zum-1-staatsexamen-niedersachsen-im-oktober-2024","status":"publish","type":"post","link":"https:\/\/www.juridicus.de\/blog\/gedaechtnisprotokoll-einer-echten-klausur-zum-1-staatsexamen-niedersachsen-im-oktober-2024\/","title":{"rendered":"Ged\u00e4chtnisprotokoll einer echten Klausur zum 1. Staatsexamen &#8211; Niedersachsen im Oktober 2024"},"content":{"rendered":"[vc_row type=&#8220;in_container&#8220; scene_position=&#8220;center&#8220; text_color=&#8220;dark&#8220; text_align=&#8220;left&#8220; overlay_strength=&#8220;0.3&#8243;][vc_column column_padding=&#8220;no-extra-padding&#8220; column_padding_position=&#8220;all&#8220; background_color_opacity=&#8220;1&#8243; background_hover_color_opacity=&#8220;1&#8243; width=&#8220;1\/1&#8243;]<div  class=\"divider\"><\/div>[vc_column_text]\n<h2>Pr\u00fcfungsfach:\u00a0 \u00d6ffentliches Recht<\/h2>\n[\/vc_column_text][\/vc_column][\/vc_row][vc_row type=&#8220;in_container&#8220; scene_position=&#8220;center&#8220; text_color=&#8220;dark&#8220; text_align=&#8220;left&#8220; overlay_strength=&#8220;0.3&#8243;][vc_column column_padding=&#8220;no-extra-padding&#8220; column_padding_position=&#8220;all&#8220; background_color_opacity=&#8220;1&#8243; background_hover_color_opacity=&#8220;1&#8243; width=&#8220;1\/1&#8243;][vc_column_text]\n<h2 style=\"text-align: justify;\">Ged\u00e4chtnisprotokoll:<\/h2>\n<p style=\"text-align: justify;\">Themenschwerpunkt: VwGO, GR, JuSchG Rapperin R ist beim in \u00d6sterreich lebenden U (Produzent) unter Vertrag. R ist alleinige Urheberin und S\u00e4ngerin, U hat alle Nutzungsrechte. Absatzmarkt ist Deutschland. Das zust. BMin hat die neue CD der Pr\u00fcfstelle f\u00fcr jugendgef\u00e4hrdende Medien vorgelegt. Das PjM setzt das Album der R auf Index und sendet zwei Schreiben: eins an R und das andere an U, beide gerichtet an Adresse des U. Im Gremium des PjM war auch der Ex-Ehemann (E) der R anwesend und hat an der Entscheidung mitgewirkt. Die Entscheidung fiel mit 12 Ja-Stimmen zu 0 NEIN-Stimmen f\u00fcr die Indizierung des Albums. Aufgabe: Pr\u00fcfung einer Klage der vor dem zust\u00e4ndigen deutschen VG. Ausgeschlossen von der Pr\u00fcfung: Art. 5 I und <a href=\"https:\/\/dejure.org\/gesetze\/GG\/12.html\" target=\"_blank\" title=\"Art. 12 GG\">Art. 12 GG<\/a>, StGB und sekund\u00e4res Unionsrecht. Von der Verfassungsm\u00e4\u00dfigkeit des <a href=\"https:\/\/dejure.org\/gesetze\/JuSchG\/18.html\" target=\"_blank\" title=\"&sect; 18 JuSchG: Liste jugendgef&auml;hrdender Medien\">\u00a7 18 JuSchG<\/a> ist auszugehen. A. Zul\u00e4ssigkeit &#8211; VRW (+) gem. <a href=\"https:\/\/dejure.org\/gesetze\/JuSchG\/25.html\" target=\"_blank\" title=\"&sect; 25 JuSchG: Rechtsweg\">\u00a7 25 I JuSchG<\/a> &#8211; Anfechtungsklage der R gem. <a href=\"https:\/\/dejure.org\/gesetze\/VwGO\/42.html\" target=\"_blank\" title=\"&sect; 42 VwGO [Anfechtungs- und Verpflichtungsklage, Klagebefugnis]\">\u00a7 42 I 1 Fall 1 VwGO<\/a>; VA = Aufnahme in Liste (feststellender VA) B. Begr\u00fcndetheit &#8211; EGL : <a href=\"https:\/\/dejure.org\/gesetze\/JuSchG\/18.html\" target=\"_blank\" title=\"&sect; 18 JuSchG: Liste jugendgef&auml;hrdender Medien\">\u00a7 18 JuSchG<\/a> &#8211; 1. Form RM. : (PB) Stellungnahme nach <a href=\"https:\/\/dejure.org\/gesetze\/JuSchG\/21.html\" target=\"_blank\" title=\"&sect; 21 JuSchG: Verfahren der Pr&uuml;fstelle f&uuml;r jugendgef&auml;hrdende Medien\">\u00a7 21 VII JuSchG<\/a> ? heilbar und unbeachtlich nach <a href=\"https:\/\/dejure.org\/gesetze\/BVwVfG\/46.html\" target=\"_blank\" title=\"&sect; 46 BVwVfG: Folgen von Verfahrens- und Formfehlern\">\u00a7 46 VwVfG<\/a> &#8211; Ausschluss des E? &#8211; 2. Mat RM: Voraussetzungen des <a href=\"https:\/\/dejure.org\/gesetze\/JuSchG\/18.html\" target=\"_blank\" title=\"&sect; 18 JuSchG: Liste jugendgef&auml;hrdender Medien\">\u00a7 18 JuSchG<\/a> zu pr\u00fcfen<\/p>\n[\/vc_column_text]<div  class=\"divider\"><\/div>[vc_column_text]\n<p style=\"text-align: justify;\">Bei den obigen Klausurprotokoll handelt es sich um das Ged\u00e4chtnisprotokoll einer <strong>echten Klausur vom Oktober 2024 im ersten Staatsexamen in Niedersachsen.<\/strong>\u00a0Das Protokoll stammt aus dem Fundus des Protokollverleihs\u00a0<a href=\"http:\/\/www.juridicus.de\/pruefungsprotokolle\">Juridicus.de<\/a>.<\/p>\n<p style=\"text-align: justify;\">Die Schilderung des Falles und die L\u00f6sung beruhen ausschlie\u00dflich auf der Wahrnehmung des Pr\u00fcflings.<\/p>\n[\/vc_column_text][\/vc_column][\/vc_row][vc_row type=&#8220;full_width_background&#8220; scene_position=&#8220;center&#8220; text_color=&#8220;dark&#8220; text_align=&#8220;left&#8220; overlay_strength=&#8220;0.3&#8243;][vc_column column_padding=&#8220;no-extra-padding&#8220; column_padding_position=&#8220;all&#8220; background_color_opacity=&#8220;1&#8243; background_hover_color_opacity=&#8220;1&#8243; width=&#8220;1\/1&#8243;]<div  class=\"divider-border\"><\/div>[\/vc_column][\/vc_row]\n","protected":false},"excerpt":{"rendered":"<p>[vc_row type=&#8220;in_container&#8220; scene_position=&#8220;center&#8220; text_color=&#8220;dark&#8220; text_align=&#8220;left&#8220; overlay_strength=&#8220;0.3&#8243;][vc_column column_padding=&#8220;no-extra-padding&#8220; column_padding_position=&#8220;all&#8220; background_color_opacity=&#8220;1&#8243; background_hover_color_opacity=&#8220;1&#8243; width=&#8220;1\/1&#8243;][vc_column_text] Pr\u00fcfungsfach:\u00a0 \u00d6ffentliches Recht [\/vc_column_text][\/vc_column][\/vc_row][vc_row type=&#8220;in_container&#8220; scene_position=&#8220;center&#8220; text_color=&#8220;dark&#8220; text_align=&#8220;left&#8220; overlay_strength=&#8220;0.3&#8243;][vc_column column_padding=&#8220;no-extra-padding&#8220; column_padding_position=&#8220;all&#8220; background_color_opacity=&#8220;1&#8243; background_hover_color_opacity=&#8220;1&#8243; width=&#8220;1\/1&#8243;][vc_column_text] Ged\u00e4chtnisprotokoll: Themenschwerpunkt: VwGO, GR, JuSchG Rapperin R ist beim in \u00d6sterreich lebenden U (Produzent) unter Vertrag. R ist alleinige Urheberin und S\u00e4ngerin, U hat alle Nutzungsrechte. Absatzmarkt ist Deutschland. Das zust. BMin hat die neue CD der Pr\u00fcfstelle f\u00fcr jugendgef\u00e4hrdende Medien vorgelegt. Das PjM setzt&#8230;<\/p>\n","protected":false},"author":1755,"featured_media":0,"comment_status":"open","ping_status":"open","sticky":false,"template":"","format":"standard","meta":{"footnotes":""},"categories":[2222,2221,1711,55],"tags":[],"class_list":["post-17972","post","type-post","status-publish","format-standard","hentry","category-1-staatsexamen-klausurprotokoll","category-klausurprotokoll","category-offentliches-recht-rechtsgebiet","category-magazin"],"_links":{"self":[{"href":"https:\/\/www.juridicus.de\/blog\/wp-json\/wp\/v2\/posts\/17972","targetHints":{"allow":["GET"]}}],"collection":[{"href":"https:\/\/www.juridicus.de\/blog\/wp-json\/wp\/v2\/posts"}],"about":[{"href":"https:\/\/www.juridicus.de\/blog\/wp-json\/wp\/v2\/types\/post"}],"author":[{"embeddable":true,"href":"https:\/\/www.juridicus.de\/blog\/wp-json\/wp\/v2\/users\/1755"}],"replies":[{"embeddable":true,"href":"https:\/\/www.juridicus.de\/blog\/wp-json\/wp\/v2\/comments?post=17972"}],"version-history":[{"count":1,"href":"https:\/\/www.juridicus.de\/blog\/wp-json\/wp\/v2\/posts\/17972\/revisions"}],"predecessor-version":[{"id":17973,"href":"https:\/\/www.juridicus.de\/blog\/wp-json\/wp\/v2\/posts\/17972\/revisions\/17973"}],"wp:attachment":[{"href":"https:\/\/www.juridicus.de\/blog\/wp-json\/wp\/v2\/media?parent=17972"}],"wp:term":[{"taxonomy":"category","embeddable":true,"href":"https:\/\/www.juridicus.de\/blog\/wp-json\/wp\/v2\/categories?post=17972"},{"taxonomy":"post_tag","embeddable":true,"href":"https:\/\/www.juridicus.de\/blog\/wp-json\/wp\/v2\/tags?post=17972"}],"curies":[{"name":"wp","href":"https:\/\/api.w.org\/{rel}","templated":true}]}}