{"id":18001,"date":"2025-05-14T09:00:59","date_gmt":"2025-05-14T07:00:59","guid":{"rendered":"https:\/\/www.juridicus.de\/blog\/?p=18001"},"modified":"2025-05-05T11:56:58","modified_gmt":"2025-05-05T09:56:58","slug":"gedaechtnisprotokoll-einer-echten-klausur-zum-1-staatsexamen-hessen-im-oktober-2024","status":"publish","type":"post","link":"https:\/\/www.juridicus.de\/blog\/gedaechtnisprotokoll-einer-echten-klausur-zum-1-staatsexamen-hessen-im-oktober-2024\/","title":{"rendered":"Ged\u00e4chtnisprotokoll einer echten Klausur zum 1. Staatsexamen &#8211; Hessen im Oktober 2024"},"content":{"rendered":"[vc_row type=&#8220;in_container&#8220; scene_position=&#8220;center&#8220; text_color=&#8220;dark&#8220; text_align=&#8220;left&#8220; overlay_strength=&#8220;0.3&#8243;][vc_column column_padding=&#8220;no-extra-padding&#8220; column_padding_position=&#8220;all&#8220; background_color_opacity=&#8220;1&#8243; background_hover_color_opacity=&#8220;1&#8243; width=&#8220;1\/1&#8243;]<div  class=\"divider\"><\/div>[vc_column_text]\n<h2>Pr\u00fcfungsfach:\u00a0 \u00d6ffentliches Recht<\/h2>\n[\/vc_column_text][\/vc_column][\/vc_row][vc_row type=&#8220;in_container&#8220; scene_position=&#8220;center&#8220; text_color=&#8220;dark&#8220; text_align=&#8220;left&#8220; overlay_strength=&#8220;0.3&#8243;][vc_column column_padding=&#8220;no-extra-padding&#8220; column_padding_position=&#8220;all&#8220; background_color_opacity=&#8220;1&#8243; background_hover_color_opacity=&#8220;1&#8243; width=&#8220;1\/1&#8243;][vc_column_text]\n<h2 style=\"text-align: justify;\">Ged\u00e4chtnisprotokoll:<\/h2>\n<p style=\"text-align: justify;\">Der Esra-Fall bzw., Mephisto-Fall in abgewandelter Form wurde gepr\u00fcft. Nur war es eine Urteils-Verfassungsbeschwerde. Das ist der Fall, Urteil vom 10. Juni 2008 &#8211; <a href=\"https:\/\/dejure.org\/dienste\/vernetzung\/rechtsprechung?Text=VI%20ZR%20252\/07\" target=\"_blank\" title=\"BGH, 10.06.2008 - VI ZR 252\/07: Anspruch lebender Personen auf Unterlassung der Verbreitung ein...\">VI ZR 252\/07<\/a>: Die Kl\u00e4gerinnen (Tochter und Mutter) haben sich gegen die Ver\u00f6ffentlichung des von der Beklagten verlegten Romans &#8222;Esra&#8220; von Maxim Biller gewandt. Das Buch handelt im Wesentlichen von einer Liebesbeziehung zwischen Esra und dem Ich-Erz\u00e4hler. Die Kl\u00e4gerinnen haben geltend gemacht, der Roman verletze ihr allgemeines Pers\u00f6nlichkeitsrecht, weil sich die Schilderung der Romanfiguren Esra und Lale eng an ihrem Leben orientiere. Die Vorinstanzen haben die Ver\u00f6ffentlichung des Buchs untersagt. Der Bundesgerichtshof hat die Revision der Beklagten mit Urteil vom 21. Juni 2005 \u2013 <a href=\"https:\/\/dejure.org\/dienste\/vernetzung\/rechtsprechung?Text=VI%20ZR%20122\/04\" target=\"_blank\" title=\"BGH, 21.06.2005 - VI ZR 122\/04: Verletzung des allgemeinen Pers&ouml;nlichkeitsrechts durch Verarbei...\">VI ZR 122\/04<\/a> &#8211; zur\u00fcckgewiesen. Das Bundesverfassungsgericht hat dieses Urteil teilweise, n\u00e4mlich hinsichtlich des Unterlassungsantrags der Kl\u00e4gerin zu 1, der Tochter, best\u00e4tigt, die Revisionsentscheidung jedoch hinsichtlich des Unterlassungsantrags der Kl\u00e4gerin zu 2, der Mutter, aufgehoben und die Sache insoweit an den Bundesgerichtshof zur\u00fcckverwiesen. Das Bundesverfassungsgericht hat die Beurteilung des Bundesgerichtshofs gebilligt, dass der Kl\u00e4gerin zu 1 ein Unterlassungsanspruch zustehe, weil sie als &#8222;Esra&#8220; eindeutig erkennbar gemacht sei, deren Darstellung die Intimsph\u00e4re der Kl\u00e4gerin zu 1 verletze und der Roman zudem auch mit der Schilderung der tats\u00e4chlich bestehenden lebensbedrohlichen Krankheit ihrer Tochter in schwerwiegender Weise ihr Pers\u00f6nlichkeitsrecht beeintr\u00e4chtige. Dagegen werde die Revisionsentscheidung hinsichtlich der Kl\u00e4gerin zu 2 der gebotenen kunstspezifischen Betrachtung nicht in jeder Hinsicht gerecht. Die hiernach gebotene erneute Abw\u00e4gung hat nach den Vorgaben des Bundesverfassungsgerichts zu dem Ergebnis gef\u00fchrt, dass bez\u00fcglich der Kl\u00e4gerin zu 2 der Kunstfreiheit der Vorrang geb\u00fchrt. Die Verfremdung ist bei der Figur der Lale sehr viel deutlicher angelegt als bei der Figur der Esra. Die gegebene Beeintr\u00e4chtigung des Pers\u00f6nlichkeitsrechts der Kl\u00e4gerin zu 2 ist deshalb weniger schwerwiegend. Der Bundesgerichtshof hat daher die Unterlassungsklage der Kl\u00e4gerin zu 2 abgewiesen.<\/p>\n[\/vc_column_text]<div  class=\"divider\"><\/div>[vc_column_text]\n<p style=\"text-align: justify;\">Bei den obigen Klausurprotokoll handelt es sich um das Ged\u00e4chtnisprotokoll einer <strong>echten Klausur vom Oktober 2024 im ersten Staatsexamen in Hessen.<\/strong>\u00a0Das Protokoll stammt aus dem Fundus des Protokollverleihs\u00a0<a href=\"http:\/\/www.juridicus.de\/pruefungsprotokolle\">Juridicus.de<\/a>.<\/p>\n<p style=\"text-align: justify;\">Die Schilderung des Falles und die L\u00f6sung beruhen ausschlie\u00dflich auf der Wahrnehmung des Pr\u00fcflings.<\/p>\n[\/vc_column_text][\/vc_column][\/vc_row][vc_row type=&#8220;full_width_background&#8220; scene_position=&#8220;center&#8220; text_color=&#8220;dark&#8220; text_align=&#8220;left&#8220; overlay_strength=&#8220;0.3&#8243;][vc_column column_padding=&#8220;no-extra-padding&#8220; column_padding_position=&#8220;all&#8220; background_color_opacity=&#8220;1&#8243; background_hover_color_opacity=&#8220;1&#8243; width=&#8220;1\/1&#8243;]<div  class=\"divider-border\"><\/div>[\/vc_column][\/vc_row]\n","protected":false},"excerpt":{"rendered":"<p>[vc_row type=&#8220;in_container&#8220; scene_position=&#8220;center&#8220; text_color=&#8220;dark&#8220; text_align=&#8220;left&#8220; overlay_strength=&#8220;0.3&#8243;][vc_column column_padding=&#8220;no-extra-padding&#8220; column_padding_position=&#8220;all&#8220; background_color_opacity=&#8220;1&#8243; background_hover_color_opacity=&#8220;1&#8243; width=&#8220;1\/1&#8243;][vc_column_text] Pr\u00fcfungsfach:\u00a0 \u00d6ffentliches Recht [\/vc_column_text][\/vc_column][\/vc_row][vc_row type=&#8220;in_container&#8220; scene_position=&#8220;center&#8220; text_color=&#8220;dark&#8220; text_align=&#8220;left&#8220; overlay_strength=&#8220;0.3&#8243;][vc_column column_padding=&#8220;no-extra-padding&#8220; column_padding_position=&#8220;all&#8220; background_color_opacity=&#8220;1&#8243; background_hover_color_opacity=&#8220;1&#8243; width=&#8220;1\/1&#8243;][vc_column_text] Ged\u00e4chtnisprotokoll: Der Esra-Fall bzw., Mephisto-Fall in abgewandelter Form wurde gepr\u00fcft. Nur war es eine Urteils-Verfassungsbeschwerde. Das ist der Fall, Urteil vom 10. Juni 2008 &#8211; VI ZR 252\/07: Die Kl\u00e4gerinnen (Tochter und Mutter) haben sich gegen die Ver\u00f6ffentlichung des von der Beklagten verlegten Romans &#8222;Esra&#8220;&#8230;<\/p>\n","protected":false},"author":1755,"featured_media":0,"comment_status":"open","ping_status":"open","sticky":false,"template":"","format":"standard","meta":{"footnotes":""},"categories":[2222,2221,1711,55],"tags":[],"class_list":["post-18001","post","type-post","status-publish","format-standard","hentry","category-1-staatsexamen-klausurprotokoll","category-klausurprotokoll","category-offentliches-recht-rechtsgebiet","category-magazin"],"_links":{"self":[{"href":"https:\/\/www.juridicus.de\/blog\/wp-json\/wp\/v2\/posts\/18001","targetHints":{"allow":["GET"]}}],"collection":[{"href":"https:\/\/www.juridicus.de\/blog\/wp-json\/wp\/v2\/posts"}],"about":[{"href":"https:\/\/www.juridicus.de\/blog\/wp-json\/wp\/v2\/types\/post"}],"author":[{"embeddable":true,"href":"https:\/\/www.juridicus.de\/blog\/wp-json\/wp\/v2\/users\/1755"}],"replies":[{"embeddable":true,"href":"https:\/\/www.juridicus.de\/blog\/wp-json\/wp\/v2\/comments?post=18001"}],"version-history":[{"count":1,"href":"https:\/\/www.juridicus.de\/blog\/wp-json\/wp\/v2\/posts\/18001\/revisions"}],"predecessor-version":[{"id":18002,"href":"https:\/\/www.juridicus.de\/blog\/wp-json\/wp\/v2\/posts\/18001\/revisions\/18002"}],"wp:attachment":[{"href":"https:\/\/www.juridicus.de\/blog\/wp-json\/wp\/v2\/media?parent=18001"}],"wp:term":[{"taxonomy":"category","embeddable":true,"href":"https:\/\/www.juridicus.de\/blog\/wp-json\/wp\/v2\/categories?post=18001"},{"taxonomy":"post_tag","embeddable":true,"href":"https:\/\/www.juridicus.de\/blog\/wp-json\/wp\/v2\/tags?post=18001"}],"curies":[{"name":"wp","href":"https:\/\/api.w.org\/{rel}","templated":true}]}}