{"id":18003,"date":"2025-05-15T12:00:43","date_gmt":"2025-05-15T10:00:43","guid":{"rendered":"https:\/\/www.juridicus.de\/blog\/?p=18003"},"modified":"2025-05-07T13:23:43","modified_gmt":"2025-05-07T11:23:43","slug":"protokoll-der-muendlichen-pruefung-zum-2-staatsexamen-nrw-vom-maerz-2025","status":"publish","type":"post","link":"https:\/\/www.juridicus.de\/blog\/protokoll-der-muendlichen-pruefung-zum-2-staatsexamen-nrw-vom-maerz-2025\/","title":{"rendered":"Protokoll der m\u00fcndlichen Pr\u00fcfung zum 2. Staatsexamen &#8211; NRW vom M\u00e4rz 2025"},"content":{"rendered":"[vc_row type=&#8220;in_container&#8220; scene_position=&#8220;center&#8220; text_color=&#8220;dark&#8220; text_align=&#8220;left&#8220; overlay_strength=&#8220;0.3&#8243;][vc_column column_padding=&#8220;no-extra-padding&#8220; column_padding_position=&#8220;all&#8220; background_color_opacity=&#8220;1&#8243; background_hover_color_opacity=&#8220;1&#8243; width=&#8220;1\/1&#8243;][\/vc_column][\/vc_row][vc_row type=&#8220;in_container&#8220; scene_position=&#8220;center&#8220; text_color=&#8220;dark&#8220; text_align=&#8220;left&#8220; overlay_strength=&#8220;0.3&#8243;][vc_column column_padding=&#8220;no-extra-padding&#8220; column_padding_position=&#8220;all&#8220; background_color_opacity=&#8220;1&#8243; background_hover_color_opacity=&#8220;1&#8243; width=&#8220;1\/1&#8243;][vc_column_text]\n<h2>Pr\u00fcfungsthemen: Strafrecht<\/h2>\n[\/vc_column_text]<div  class=\"divider\"><\/div>[vc_column_text]\n<h2>Vorpunkte der Kandidaten<\/h2>\n[\/vc_column_text]<div  class=\"divider\"><\/div>[vc_column_text]\n<table width=\"265\">\n<tbody>\n<tr>\n<td width=\"189\">\n<p style=\"text-align: left;\">Kandidat<\/p>\n<\/td>\n<td width=\"76\">\n<p style=\"text-align: center;\">1<\/p>\n<\/td>\n<\/tr>\n<tr>\n<td width=\"189\">\n<p style=\"text-align: left;\">Endpunkte<\/p>\n<\/td>\n<td width=\"76\">\n<p style=\"text-align: center;\">10,3<\/p>\n<\/td>\n<\/tr>\n<tr>\n<td width=\"189\">\n<p style=\"text-align: left;\">Endnote<\/p>\n<\/td>\n<td width=\"76\">\n<p style=\"text-align: center;\">10,09<\/p>\n<\/td>\n<\/tr>\n<tr>\n<td width=\"189\">\n<p style=\"text-align: left;\">Endnote 1. Examen<\/p>\n<\/td>\n<td width=\"76\">\n<p style=\"text-align: center;\">11,03<\/p>\n<\/td>\n<\/tr>\n<\/tbody>\n<\/table>\n[\/vc_column_text]<div  class=\"divider\"><\/div>[vc_column_text]\n<h2 style=\"text-align: justify;\">Zur Sache:<\/h2>\n<p style=\"text-align: left;\"><strong>Pr\u00fcfungsstoff:\u00a0<\/strong>aktuelle F\u00e4lle<\/p>\n<p style=\"text-align: left;\"><strong>Pr\u00fcfungsthemen: <\/strong>Der Pr\u00fcfer hat im Strafrecht bestimmte Lieblingsthemen, die auch bei uns dran kamen. Insbesondere das Stra\u00dfenverkehrsrecht sollte man sich nochmal angucken, da dieses in seinen Pr\u00fcfungen sehr h\u00e4ufig dran kommt.<\/p>\n<p style=\"text-align: justify;\"><strong>Paragraphen: <\/strong>\u00a0<a href=\"https:\/\/dejure.org\/gesetze\/BGB\/311b.html\">\u00a7102 StPO, \u00a7103 StPO, \u00a7249 StGB, \u00a7315d StGB<\/a><\/p>\n<p style=\"text-align: justify;\"><strong><span style=\"line-height: 1.5;\">Pr\u00fcfungsgespr\u00e4ch: <\/span><\/strong><span style=\"line-height: 1.5;\">Frage-Antwort, Intensivbefragung Einzelner, hart am Fall<\/span><\/p>\n[\/vc_column_text][vc_column_text]\n[\/vc_column_text][\/vc_column][\/vc_row][vc_row type=&#8220;in_container&#8220; scene_position=&#8220;center&#8220; text_color=&#8220;dark&#8220; text_align=&#8220;left&#8220; overlay_strength=&#8220;0.3&#8243;][vc_column column_padding=&#8220;no-extra-padding&#8220; column_padding_position=&#8220;all&#8220; background_color_opacity=&#8220;1&#8243; background_hover_color_opacity=&#8220;1&#8243; width=&#8220;1\/1&#8243;][vc_column_text]\n<h2 style=\"text-align: justify;\">Pr\u00fcfungsgespr\u00e4ch:<\/h2>\n<p style=\"text-align: justify;\">Der Pr\u00fcfer schilderte zu Beginn den folgenden Fall aus der Sicht der Staatsanwaltschaft: Der StA wird telefonisch der Sachverhalt von der Polizei geschildert. Diese sei vormittags bei H eingetroffen, der ein Geschehen bei seinem Nachbarn W beobachtet habe. Der sei mit einer Kopfverletzung vom Rettungsdienst aus seiner Wohnung getragen worden. Dabei seien zwei Frauen gewesen. Diese w\u00e4ren danach noch einmal in das Haus gegangen und h\u00e4tten dieses dann wieder verlassen und seien mit dem Auto des W weggefahren. Er sei mit einem ihm zum Blumen gie\u00dfen zur Verf\u00fcgung stehenden Schl\u00fcssel in das Haus des W gegangen und habe dort frisches Blut auf dem Boden gesehen und die Terrassent\u00fcr habe offen gestanden. Es wurde zun\u00e4chst nach der Vorgehensweise der StA gefragt. Dabei kam <a href=\"https:\/\/dejure.org\/gesetze\/StPO\/160.html\" target=\"_blank\" title=\"&sect; 160 StPO: Pflicht zur Sachverhaltsaufkl&auml;rung\">\u00a7\u00a7 160<\/a>, <a href=\"https:\/\/dejure.org\/gesetze\/StPO\/152.html\" target=\"_blank\" title=\"&sect; 152 StPO: Anklagebeh&ouml;rde; Legalit&auml;tsgrundsatz\">152<\/a> II StPO zur Sprache und der Anfangsverdacht wurde besprochen. Als Straftaten wurde die gef\u00e4hrliche K\u00f6rperverletzung genannt sowie ggf. ein versuchtes T\u00f6tungsdelikt. Der Pr\u00fcfer fragte dann, was die StA jetzt tun w\u00fcrde. Es wurde die Zeugenvernehmung des Nachbarn H durch die StA angesprochen. Au\u00dferdem eine Wohnungsdurchsuchung bei W nach <a href=\"https:\/\/dejure.org\/gesetze\/StPO\/103.html\" target=\"_blank\" title=\"&sect; 103 StPO: Durchsuchung bei anderen Personen\">\u00a7\u00a7 103<\/a>, <a href=\"https:\/\/dejure.org\/gesetze\/StPO\/105.html\" target=\"_blank\" title=\"&sect; 105 StPO: Verfahren bei der Durchsuchung\">105 StPO<\/a>. Dabei ging es dem Pr\u00fcfer insbesondere um die Abgrenzung zwischen <a href=\"https:\/\/dejure.org\/gesetze\/StPO\/102.html\" target=\"_blank\" title=\"&sect; 102 StPO: Durchsuchung bei Beschuldigten\">\u00a7 102 StPO<\/a> (beim Beschuldigten) und <a href=\"https:\/\/dejure.org\/gesetze\/StPO\/103.html\" target=\"_blank\" title=\"&sect; 103 StPO: Durchsuchung bei anderen Personen\">\u00a7 103 StPO<\/a>. Es wurde nach der Zust\u00e4ndigkeit des Ermittlungsrichters gem\u00e4\u00df <a href=\"https:\/\/dejure.org\/gesetze\/StPO\/162.html\" target=\"_blank\" title=\"&sect; 162 StPO: Ermittlungsrichter\">\u00a7 162 StPO<\/a> gefragt (Durchsuchungsbeschluss). Zudem nach den f\u00fcr die Zeugenvernehmung relevanten Normen (<a href=\"https:\/\/dejure.org\/gesetze\/StPO\/57.html\" target=\"_blank\" title=\"&sect; 57 StPO: Belehrung\">\u00a7\u00a7 57<\/a>, <a href=\"https:\/\/dejure.org\/gesetze\/StPO\/163.html\" target=\"_blank\" title=\"&sect; 163 StPO: Aufgaben der Polizei im Ermittlungsverfahren\">163 StPO<\/a>). Der Pr\u00fcfer schilderte dann den Fortgang des Falls: Im Rahmen einer Verkehrskontrolle sei das Fahrzeug des W entdeckt worden und durch die Polizei zum Anhalten aufgefordert worden. Daraufhin habe der PKW beschleunigt (innerorts \u00fcber 110 km\/h) und es sei eine Plastikt\u00fcte aus dem Fenster geworfen worden. Darin habe sich ein Goldbarren gefunden. Das Auto verungl\u00fcckte bei der Weiterfahrt und es kam zu einem Zusammensto\u00df mit einem Pfahl. Beim Ankommen der Polizei war die am Lenkrad sitzende Frau schwer verletzt und die Beifahrerin unverletzt. Es wurden wiederum die in Betracht kommenden Delikte abgefragt. Dabei kam zun\u00e4chst auch <a href=\"https:\/\/dejure.org\/gesetze\/StGB\/316d.html\" target=\"_blank\">\u00a7 316d I Nr. 3 StGB<\/a> in Betracht, wobei der Pr\u00fcfer nach der Auslegung der dort geforderten Absicht fragte. Anschlie\u00dfend wurde <a href=\"https:\/\/dejure.org\/gesetze\/StGB\/315b.html\" target=\"_blank\" title=\"&sect; 315b StGB: Gef&auml;hrliche Eingriffe in den Stra&szlig;enverkehr\">\u00a7 315b Nr. 3 StGB<\/a> wegen einer Pervertierung des Stra\u00dfenverkehrs abgefragt, wobei hier aber daf\u00fcr nicht gen\u00fcgend Anhaltspunkte vorlagen. Au\u00dferdem kam <a href=\"https:\/\/dejure.org\/gesetze\/StGB\/303.html\" target=\"_blank\" title=\"&sect; 303 StGB: Sachbesch&auml;digung\">\u00a7 303 StGB<\/a> in Betracht, da es sich um das Auto des W handelte. Hier war aber die Vorsatzproblematik zu erkennen. Zudem legte der Pr\u00fcfer Wert auf die Ber\u00fccksichtigung des Strafantragserfordernisses. Au\u00dferdem kam <a href=\"https:\/\/dejure.org\/gesetze\/StGB\/229.html\" target=\"_blank\" title=\"&sect; 229 StGB: Fahrl&auml;ssige K&ouml;rperverletzung\">\u00a7 229 StGB<\/a> in Betracht, bei dem auch der notwendige Strafantrag genannt werden sollte. Es wurde wiederum nach m\u00f6glichen Ermittlungsma\u00dfnahmen gefragt. Hier kam die Sicherstellung\/Beschlagnahme des Autos in Betracht. Dieses sollte au\u00dferdem durch einen Sachverst\u00e4ndigen begutachtet werden. In dem Zusammenhang gingen wir auf <a href=\"https:\/\/dejure.org\/gesetze\/StPO\/256.html\" target=\"_blank\" title=\"&sect; 256 StPO: Verlesung der Erkl&auml;rungen von Beh&ouml;rden und Sachverst&auml;ndigen\">\u00a7 256 StPO<\/a> ein und auf die Notwendigkeit der Vernehmung des Sachverst\u00e4ndigen in der Hauptverhandlung. Der Pr\u00fcfer schilderte dann die Aufl\u00f6sung des Falls nach den Ermittlungen: Die beiden Frauen U und B waren knapp bei Kasse und beschlossen gemeinsam ihren Onkel W zu schlagen und einen Goldbarren von ihm zu verwenden. Die Beute sollte h\u00e4lftig geteilt werden. B schlug den W und dieser ging zu Boden, wurde aber nicht ohnm\u00e4chtig. Dann nahmen die Frauen zun\u00e4chst von dem Entwenden des Goldbarrens Abstand und riefen den Rettungsdienst. Nachdem der W abtransportiert worden war, entschlossen sie sich wiederum, durch die ge\u00f6ffnete Terrassent\u00fcr in das Haus zu steigen und den Goldbarren mitzunehmen. Dies taten sie und fuhren mit dem PKW des W weg. Es wurden auch hier wieder die in Betracht kommenden Delikte abgefragt. Hier kam ein versuchter besonders schwerer Raub in Betracht und ggf. ein R\u00fccktritt. Wir diskutierten dabei \u00fcber das Verh\u00e4ltnis der Abs\u00e4tze des <a href=\"https:\/\/dejure.org\/gesetze\/StGB\/250.html\" target=\"_blank\" title=\"&sect; 250 StGB: Schwerer Raub\">\u00a7 250 StGB<\/a>. Eine Vollendung war hier aufgrund des Finalzusammenhangs wohl abzulehnen. Dabei diskutierten wir aber eine Fortwirkung der Gewaltanwendung, auch wenn zwischenzeitlich vom Tatplan Abstand genommen wurde.<\/p>\n[\/vc_column_text]<div  class=\"divider\"><\/div>[vc_column_text]\n<p style=\"text-align: justify;\">Bei den obigen anonymisierten Protokollen handelt es sich um eine Original-Mitschrift aus dem zweiten Staatsexamen der <strong>M\u00fcndlichen Pr\u00fcfung in NRW vom M\u00e4rz 2025.<\/strong>\u00a0Das Protokoll stammt aus dem Fundus des Protokollverleihs\u00a0<a href=\"http:\/\/www.juridicus.de\/pruefungsprotokolle\">Juridicus.de<\/a>.<\/p>\n<p style=\"text-align: justify;\">Weggelassen wurden die Angaben zum Pr\u00fcferverhalten. Die Schilderung des Falles und die L\u00f6sung beruhen ausschlie\u00dflich auf der Wahrnehmung des Pr\u00fcflings.<\/p>\n[\/vc_column_text][\/vc_column][\/vc_row][vc_row type=&#8220;full_width_background&#8220; scene_position=&#8220;center&#8220; text_color=&#8220;dark&#8220; text_align=&#8220;left&#8220; overlay_strength=&#8220;0.3&#8243;][vc_column column_padding=&#8220;no-extra-padding&#8220; column_padding_position=&#8220;all&#8220; background_color_opacity=&#8220;1&#8243; background_hover_color_opacity=&#8220;1&#8243; width=&#8220;1\/1&#8243;]<div  class=\"divider\"><\/div>[\/vc_column][\/vc_row]\n","protected":false},"excerpt":{"rendered":"<p>[vc_row type=&#8220;in_container&#8220; scene_position=&#8220;center&#8220; text_color=&#8220;dark&#8220; text_align=&#8220;left&#8220; overlay_strength=&#8220;0.3&#8243;][vc_column column_padding=&#8220;no-extra-padding&#8220; column_padding_position=&#8220;all&#8220; background_color_opacity=&#8220;1&#8243; background_hover_color_opacity=&#8220;1&#8243; width=&#8220;1\/1&#8243;][\/vc_column][\/vc_row][vc_row type=&#8220;in_container&#8220; scene_position=&#8220;center&#8220; text_color=&#8220;dark&#8220; text_align=&#8220;left&#8220; overlay_strength=&#8220;0.3&#8243;][vc_column column_padding=&#8220;no-extra-padding&#8220; column_padding_position=&#8220;all&#8220; background_color_opacity=&#8220;1&#8243; background_hover_color_opacity=&#8220;1&#8243; width=&#8220;1\/1&#8243;][vc_column_text] Pr\u00fcfungsthemen: Strafrecht [\/vc_column_text][vc_column_text] Vorpunkte der Kandidaten [\/vc_column_text][vc_column_text] Kandidat 1 Endpunkte 10,3 Endnote 10,09 Endnote 1. Examen 11,03 [\/vc_column_text][vc_column_text] Zur Sache: Pr\u00fcfungsstoff:\u00a0aktuelle F\u00e4lle Pr\u00fcfungsthemen: Der Pr\u00fcfer hat im Strafrecht bestimmte Lieblingsthemen, die auch bei uns dran kamen. Insbesondere das Stra\u00dfenverkehrsrecht sollte man sich nochmal angucken, da dieses in seinen Pr\u00fcfungen&#8230;<\/p>\n","protected":false},"author":1755,"featured_media":0,"comment_status":"open","ping_status":"open","sticky":false,"template":"","format":"standard","meta":{"footnotes":""},"categories":[2025,2010,55,1715],"tags":[],"class_list":["post-18003","post","type-post","status-publish","format-standard","hentry","category-2-staatsexamen","category-protokolle","category-magazin","category-strafrecht-rechtsgebiet"],"_links":{"self":[{"href":"https:\/\/www.juridicus.de\/blog\/wp-json\/wp\/v2\/posts\/18003","targetHints":{"allow":["GET"]}}],"collection":[{"href":"https:\/\/www.juridicus.de\/blog\/wp-json\/wp\/v2\/posts"}],"about":[{"href":"https:\/\/www.juridicus.de\/blog\/wp-json\/wp\/v2\/types\/post"}],"author":[{"embeddable":true,"href":"https:\/\/www.juridicus.de\/blog\/wp-json\/wp\/v2\/users\/1755"}],"replies":[{"embeddable":true,"href":"https:\/\/www.juridicus.de\/blog\/wp-json\/wp\/v2\/comments?post=18003"}],"version-history":[{"count":1,"href":"https:\/\/www.juridicus.de\/blog\/wp-json\/wp\/v2\/posts\/18003\/revisions"}],"predecessor-version":[{"id":18004,"href":"https:\/\/www.juridicus.de\/blog\/wp-json\/wp\/v2\/posts\/18003\/revisions\/18004"}],"wp:attachment":[{"href":"https:\/\/www.juridicus.de\/blog\/wp-json\/wp\/v2\/media?parent=18003"}],"wp:term":[{"taxonomy":"category","embeddable":true,"href":"https:\/\/www.juridicus.de\/blog\/wp-json\/wp\/v2\/categories?post=18003"},{"taxonomy":"post_tag","embeddable":true,"href":"https:\/\/www.juridicus.de\/blog\/wp-json\/wp\/v2\/tags?post=18003"}],"curies":[{"name":"wp","href":"https:\/\/api.w.org\/{rel}","templated":true}]}}