{"id":18007,"date":"2025-05-20T12:00:13","date_gmt":"2025-05-20T10:00:13","guid":{"rendered":"https:\/\/www.juridicus.de\/blog\/?p=18007"},"modified":"2025-05-13T11:07:36","modified_gmt":"2025-05-13T09:07:36","slug":"protokoll-der-muendlichen-pruefung-zum-1-staatsexamen-saarland-vom-januar-2025-2","status":"publish","type":"post","link":"https:\/\/www.juridicus.de\/blog\/protokoll-der-muendlichen-pruefung-zum-1-staatsexamen-saarland-vom-januar-2025-2\/","title":{"rendered":"Protokoll der m\u00fcndlichen Pr\u00fcfung zum 1. Staatsexamen &#8211; Saarland vom Januar 2025"},"content":{"rendered":"[vc_row type=&#8220;in_container&#8220; scene_position=&#8220;center&#8220; text_color=&#8220;dark&#8220; text_align=&#8220;left&#8220; overlay_strength=&#8220;0.3&#8243;][vc_column column_padding=&#8220;no-extra-padding&#8220; column_padding_position=&#8220;all&#8220; background_color_opacity=&#8220;1&#8243; background_hover_color_opacity=&#8220;1&#8243; width=&#8220;1\/1&#8243;][vc_column_text]\n<h2>Pr\u00fcfungsthemen: \u00d6ffentliches Recht<\/h2>\n[\/vc_column_text]<div  class=\"divider\"><\/div>[vc_column_text]\n<h2 style=\"text-align: justify;\">Vorpunkte der Kandidaten<\/h2>\n[\/vc_column_text][vc_column_text]\n<table style=\"width: 259px;\" width=\"265\">\n<tbody>\n<tr>\n<td style=\"width: 172.65px;\">\n<p style=\"text-align: left;\">Kandidat<\/p>\n<\/td>\n<td style=\"width: 71.5687px;\">\n<p style=\"text-align: center;\">1<\/p>\n<\/td>\n<\/tr>\n<tr>\n<td style=\"width: 172.65px;\">\n<p style=\"text-align: left;\">Endpunkte<\/p>\n<\/td>\n<td style=\"width: 71.5687px;\">\n<p style=\"text-align: center;\">6,33<\/p>\n<\/td>\n<\/tr>\n<tr>\n<td style=\"width: 172.65px;\">\n<p style=\"text-align: left;\">Endnote<\/p>\n<\/td>\n<td style=\"width: 71.5687px;\">\n<p style=\"text-align: center;\">6,33<\/p>\n<\/td>\n<\/tr>\n<\/tbody>\n<\/table>\n[\/vc_column_text]<div  class=\"divider\"><\/div>[vc_column_text]\n<h2 style=\"text-align: justify;\">Zur Sache:<\/h2>\n<p style=\"text-align: justify;\"><strong>Pr\u00fcfungsthemen: <\/strong>Saarl\u00e4ndische Landesverfassung, Polizeirecht, Verwaltungsprozessrecht<\/p>\n<p style=\"text-align: justify;\"><strong>Paragraphen: <\/strong><a href=\"https:\/\/dejure.org\/gesetze\/VwGO\/123.html\">\u00a71 LVwVfG, \u00a78 PolG, \u00a717 PolG, \u00a785 PolG, \u00a7113 VwGO<\/a><\/p>\n<p style=\"text-align: justify;\"><strong><span style=\"line-height: 1.5;\">Pr\u00fcfungsgespr\u00e4ch: <\/span><\/strong><span style=\"line-height: 1.5;\">Frage-Antwort, h\u00e4lt Reihenfolge ein, <\/span>Fragestellung klar<\/p>\n[\/vc_column_text][vc_column_text]\n[\/vc_column_text][\/vc_column][\/vc_row][vc_row type=&#8220;in_container&#8220; scene_position=&#8220;center&#8220; text_color=&#8220;dark&#8220; text_align=&#8220;left&#8220; overlay_strength=&#8220;0.3&#8243;][vc_column column_padding=&#8220;no-extra-padding&#8220; column_padding_position=&#8220;all&#8220; background_color_opacity=&#8220;1&#8243; background_hover_color_opacity=&#8220;1&#8243; width=&#8220;1\/1&#8243;][vc_column_text]\n<h2 style=\"text-align: justify;\">Pr\u00fcfungsgespr\u00e4ch:<\/h2>\n<p style=\"text-align: justify;\">Die Pr\u00fcfung begann mit Fragen zur saarl\u00e4ndischen Landesverfassung, v.a. zu deren Entstehung und den darin verankerten Verfassungsprinzipien (mit Beispielen) und wo diese normiert seien. Anschlie\u00dfend stellte Frau Peitz allgemeine Fragen zum Verwaltungsrecht, insb. zu den Unterschieden auf Landes- und Bundesebene, z.B. fragte sie, warum Landesbeh\u00f6rden einen Bundesverwaltungsakt ausf\u00fchren d\u00fcrften und wo dies geschrieben st\u00fcnde. Die Fragen in diesem Teil waren keine klassischen Lehrbuchfragen, sondern zielten eher darauf ab, zu zeigen, wo bestimmte Dinge, die man als selbstverst\u00e4ndlich ansieht, normiert sind. Danach pr\u00fcfte sie Polizeirecht. Zuerst ging es allgemein um die Organisationsstruktur der Polizeibeh\u00f6rden, um den Unterschied zwischen Polizeiverwaltungs- und -Vollzugs Beh\u00f6rden und wann wer t\u00e4tig werden darf. Danach sollten wir die Tatbestandsmerkmale der Generalklausel definieren und die typischen Probleme kurz erl\u00e4utern sowie die verschiedenen Gefahrbegriffe darstellen, ihre Unterschiede erkl\u00e4ren und aufzeigen, in welcher Weise sie zum Eingreifen berechtigen. (Z.B. reicht ein Gefahrenverdacht zum Eingreifen nicht aus, bei der Putativgefahr ist der Eingriff rechtswidrig etc.) Schlie\u00dflich gab sie uns folgenden Fall vor: Bei einem Fu\u00dfballspiel des FCS wurden aufgrund der Erfahrungen der letzten Jahre Einlasskontrollen mit gezielten Taschenkontrollen durchgef\u00fchrt. Bei Fan A wird ein Feuerwerksk\u00f6rper gefunden, den die Polizei direkt sicherstellt. A m\u00f6chte sich dagegen wehren und behauptet, das Vorgehen sei rechtswidrig gewesen, da er die Fackel nicht im Stadion z\u00fcnden wollte, sondern erst bei einer Feier danach. Wir sollten nun die Rechtm\u00e4\u00dfigkeit des polizeilichen Handelns pr\u00fcfen, dabei ging es v.a. um die VA-Qualit\u00e4t der Ma\u00dfnahme und die Anforderungen an das Vorliegen einer Gefahr. Als letztes wollte Frau Peitz wissen, wie sich A gegen die Durchsuchung &amp; Sicherstellung wehren k\u00f6nne.<\/p>\n[\/vc_column_text]<div  class=\"divider\"><\/div>[vc_column_text]\n<p style=\"text-align: justify;\">Bei den obigen anonymisierten Protokollen handelt es sich um eine Original-Mitschrift aus dem ersten Staatsexamen der\u00a0<strong>M\u00fcndlichen Pr\u00fcfung im Saarland vom Januar 2025<\/strong>. Das Protokoll stammt aus dem Fundus des Protokollverleihs\u00a0<a href=\"http:\/\/www.juridicus.de\/pruefungsprotokolle\">Juridicus.de<\/a>.<\/p>\n<p style=\"text-align: justify;\">Weggelassen wurden die Angaben zum Pr\u00fcferverhalten. Die Schilderung des Falles und die L\u00f6sung beruhen ausschlie\u00dflich auf der Wahrnehmung des Pr\u00fcflings.<\/p>\n[\/vc_column_text][\/vc_column][\/vc_row][vc_row type=&#8220;in_container&#8220; scene_position=&#8220;center&#8220; text_color=&#8220;dark&#8220; text_align=&#8220;left&#8220; overlay_strength=&#8220;0.3&#8243;][vc_column column_padding=&#8220;no-extra-padding&#8220; column_padding_position=&#8220;all&#8220; background_color_opacity=&#8220;1&#8243; background_hover_color_opacity=&#8220;1&#8243; width=&#8220;1\/1&#8243;][vc_column_text]\n[\/vc_column_text][\/vc_column][\/vc_row][vc_row type=&#8220;full_width_background&#8220; scene_position=&#8220;center&#8220; text_color=&#8220;dark&#8220; text_align=&#8220;left&#8220; overlay_strength=&#8220;0.3&#8243;][vc_column column_padding=&#8220;no-extra-padding&#8220; column_padding_position=&#8220;all&#8220; background_color_opacity=&#8220;1&#8243; background_hover_color_opacity=&#8220;1&#8243; width=&#8220;1\/1&#8243;]<div  class=\"divider\"><\/div>[\/vc_column][\/vc_row]\n","protected":false},"excerpt":{"rendered":"<p>[vc_row type=&#8220;in_container&#8220; scene_position=&#8220;center&#8220; text_color=&#8220;dark&#8220; text_align=&#8220;left&#8220; overlay_strength=&#8220;0.3&#8243;][vc_column column_padding=&#8220;no-extra-padding&#8220; column_padding_position=&#8220;all&#8220; background_color_opacity=&#8220;1&#8243; background_hover_color_opacity=&#8220;1&#8243; width=&#8220;1\/1&#8243;][vc_column_text] Pr\u00fcfungsthemen: \u00d6ffentliches Recht [\/vc_column_text][vc_column_text] Vorpunkte der Kandidaten [\/vc_column_text][vc_column_text] Kandidat 1 Endpunkte 6,33 Endnote 6,33 [\/vc_column_text][vc_column_text] Zur Sache: Pr\u00fcfungsthemen: Saarl\u00e4ndische Landesverfassung, Polizeirecht, Verwaltungsprozessrecht Paragraphen: \u00a71 LVwVfG, \u00a78 PolG, \u00a717 PolG, \u00a785 PolG, \u00a7113 VwGO Pr\u00fcfungsgespr\u00e4ch: Frage-Antwort, h\u00e4lt Reihenfolge ein, Fragestellung klar [\/vc_column_text][vc_column_text] [\/vc_column_text][\/vc_column][\/vc_row][vc_row type=&#8220;in_container&#8220; scene_position=&#8220;center&#8220; text_color=&#8220;dark&#8220; text_align=&#8220;left&#8220; overlay_strength=&#8220;0.3&#8243;][vc_column column_padding=&#8220;no-extra-padding&#8220; column_padding_position=&#8220;all&#8220; background_color_opacity=&#8220;1&#8243; background_hover_color_opacity=&#8220;1&#8243; width=&#8220;1\/1&#8243;][vc_column_text] Pr\u00fcfungsgespr\u00e4ch: Die Pr\u00fcfung begann mit Fragen zur&#8230;<\/p>\n","protected":false},"author":1755,"featured_media":0,"comment_status":"open","ping_status":"open","sticky":false,"template":"","format":"standard","meta":{"footnotes":""},"categories":[2024,1711,2010,55],"tags":[],"class_list":["post-18007","post","type-post","status-publish","format-standard","hentry","category-1-staatsexamen","category-offentliches-recht-rechtsgebiet","category-protokolle","category-magazin"],"_links":{"self":[{"href":"https:\/\/www.juridicus.de\/blog\/wp-json\/wp\/v2\/posts\/18007","targetHints":{"allow":["GET"]}}],"collection":[{"href":"https:\/\/www.juridicus.de\/blog\/wp-json\/wp\/v2\/posts"}],"about":[{"href":"https:\/\/www.juridicus.de\/blog\/wp-json\/wp\/v2\/types\/post"}],"author":[{"embeddable":true,"href":"https:\/\/www.juridicus.de\/blog\/wp-json\/wp\/v2\/users\/1755"}],"replies":[{"embeddable":true,"href":"https:\/\/www.juridicus.de\/blog\/wp-json\/wp\/v2\/comments?post=18007"}],"version-history":[{"count":1,"href":"https:\/\/www.juridicus.de\/blog\/wp-json\/wp\/v2\/posts\/18007\/revisions"}],"predecessor-version":[{"id":18008,"href":"https:\/\/www.juridicus.de\/blog\/wp-json\/wp\/v2\/posts\/18007\/revisions\/18008"}],"wp:attachment":[{"href":"https:\/\/www.juridicus.de\/blog\/wp-json\/wp\/v2\/media?parent=18007"}],"wp:term":[{"taxonomy":"category","embeddable":true,"href":"https:\/\/www.juridicus.de\/blog\/wp-json\/wp\/v2\/categories?post=18007"},{"taxonomy":"post_tag","embeddable":true,"href":"https:\/\/www.juridicus.de\/blog\/wp-json\/wp\/v2\/tags?post=18007"}],"curies":[{"name":"wp","href":"https:\/\/api.w.org\/{rel}","templated":true}]}}