{"id":18074,"date":"2025-06-26T12:00:26","date_gmt":"2025-06-26T10:00:26","guid":{"rendered":"https:\/\/www.juridicus.de\/blog\/?p=18074"},"modified":"2025-06-20T09:50:41","modified_gmt":"2025-06-20T07:50:41","slug":"protokoll-der-muendlichen-pruefung-zum-2-staatsexamen-hamburg-vom-mai-2025","status":"publish","type":"post","link":"https:\/\/www.juridicus.de\/blog\/protokoll-der-muendlichen-pruefung-zum-2-staatsexamen-hamburg-vom-mai-2025\/","title":{"rendered":"Protokoll der m\u00fcndlichen Pr\u00fcfung zum 2. Staatsexamen &#8211; Hamburg vom Mai 2025"},"content":{"rendered":"[vc_row type=&#8220;in_container&#8220; scene_position=&#8220;center&#8220; text_color=&#8220;dark&#8220; text_align=&#8220;left&#8220; overlay_strength=&#8220;0.3&#8243;][vc_column column_padding=&#8220;no-extra-padding&#8220; column_padding_position=&#8220;all&#8220; background_color_opacity=&#8220;1&#8243; background_hover_color_opacity=&#8220;1&#8243; width=&#8220;1\/1&#8243;][\/vc_column][\/vc_row][vc_row type=&#8220;in_container&#8220; scene_position=&#8220;center&#8220; text_color=&#8220;dark&#8220; text_align=&#8220;left&#8220; overlay_strength=&#8220;0.3&#8243;][vc_column column_padding=&#8220;no-extra-padding&#8220; column_padding_position=&#8220;all&#8220; background_color_opacity=&#8220;1&#8243; background_hover_color_opacity=&#8220;1&#8243; width=&#8220;1\/1&#8243;][vc_column_text]\n<h2>Pr\u00fcfungsthemen: Strafrecht<\/h2>\n[\/vc_column_text]<div  class=\"divider\"><\/div>[vc_column_text]\n<h2>Vorpunkte der Kandidaten<\/h2>\n[\/vc_column_text]<div  class=\"divider\"><\/div>[vc_column_text]\n<table width=\"265\">\n<tbody>\n<tr>\n<td width=\"189\">\n<p style=\"text-align: left;\">Kandidat<\/p>\n<\/td>\n<td width=\"76\">\n<p style=\"text-align: center;\">1<\/p>\n<\/td>\n<\/tr>\n<tr>\n<td width=\"189\">\n<p style=\"text-align: left;\">Endpunkte<\/p>\n<\/td>\n<td width=\"76\">\n<p style=\"text-align: center;\">8,0<\/p>\n<\/td>\n<\/tr>\n<tr>\n<td width=\"189\">\n<p style=\"text-align: left;\">Endnote<\/p>\n<\/td>\n<td width=\"76\">\n<p style=\"text-align: center;\">10,0<\/p>\n<\/td>\n<\/tr>\n<tr>\n<td width=\"189\">\n<p style=\"text-align: left;\">Endnote 1. Examen<\/p>\n<\/td>\n<td width=\"76\">\n<p style=\"text-align: center;\">6,0<\/p>\n<\/td>\n<\/tr>\n<\/tbody>\n<\/table>\n[\/vc_column_text]<div  class=\"divider\"><\/div>[vc_column_text]\n<h2 style=\"text-align: justify;\">Zur Sache:<\/h2>\n<p style=\"text-align: left;\"><strong>Pr\u00fcfungsthemen: <\/strong>\u00a0ProzessRecht<\/p>\n<p style=\"text-align: justify;\"><strong>Paragraphen: <\/strong>\u00a0<a href=\"https:\/\/dejure.org\/gesetze\/BGB\/311b.html\">\u00a7154 StBG, <\/a><a href=\"https:\/\/dejure.org\/gesetze\/BGB\/311b.html\">\u00a0\u00a7153a StPO, $209 StPO, \u00a7265 StPO<\/a><\/p>\n<p style=\"text-align: justify;\"><strong><span style=\"line-height: 1.5;\">Pr\u00fcfungsgespr\u00e4ch: <\/span><\/strong><span style=\"line-height: 1.5;\">Frage-Antwort, Fragestellung klar, verfolgt Zwischenthemen<\/span><\/p>\n[\/vc_column_text][vc_column_text]\n[\/vc_column_text][\/vc_column][\/vc_row][vc_row type=&#8220;in_container&#8220; scene_position=&#8220;center&#8220; text_color=&#8220;dark&#8220; text_align=&#8220;left&#8220; overlay_strength=&#8220;0.3&#8243;][vc_column column_padding=&#8220;no-extra-padding&#8220; column_padding_position=&#8220;all&#8220; background_color_opacity=&#8220;1&#8243; background_hover_color_opacity=&#8220;1&#8243; width=&#8220;1\/1&#8243;][vc_column_text]\n<h2 style=\"text-align: justify;\">Pr\u00fcfungsgespr\u00e4ch:<\/h2>\n<p style=\"text-align: justify;\">Ich empfand sie in der Pr\u00fcfung als weniger &#8222;protokollfest&#8220; als in den vorherigen Protokollen genannt. Hinsichtlich Sexualstrafrecht (und\/oder Jugendstrafrecht) scheint sie protokollfest zu sein. Ebenso wurde erneut Zwischenverfahren gepr\u00fcft und es sollte am Ende tenoriert werden. Einstiegsfrage zur Verfahrenseinstellung Kardinal Woelki: https:\/\/www.tagesschau.de\/inland\/regional\/nordrheinwestfalen\/woelki-verfahren-eingestellt-100.html Was f\u00fcr eine Einstellung? <a href=\"https:\/\/dejure.org\/gesetze\/StPO\/153a.html\" target=\"_blank\" title=\"&sect; 153a StPO: Absehen von der Verfolgung unter Auflagen und Weisungen\">\u00a7 153a StPO<\/a>, fahrl\u00e4ssiger Meineid ein Vergehen \u00a7\u00a7 161, 154 StGB-Fall: Schwerer sexueller Missbrauch an Kindern. Stiefvater hat sich min. 3-mal an Stieftochter vergangen. Sie sind Vorsitzender einer gro\u00dfen Strafkammer am LG und bekommen die Akte mit der Anklage. Innerhalb des Falles folgten auch abstrakte Fragen z.B. zu <a href=\"https:\/\/dejure.org\/gesetze\/StPO\/209.html\" target=\"_blank\" title=\"&sect; 209 StPO: Er&ouml;ffnungszust&auml;ndigkeit\">\u00a7 209 I StPO<\/a>. Im Zwischenberichten bemerken sie, dass zudem sexueller Missbrauch an Schutzbefohlenen vorliegt. Was machen sie, welche M\u00f6glichkeiten haben sie? (<a href=\"https:\/\/dejure.org\/gesetze\/StPO\/207.html\" target=\"_blank\" title=\"&sect; 207 StPO: Inhalt des Er&ouml;ffnungsbeschlusses\">\u00a7 207 StPO<\/a> oder in der Praxis w\u00fcrde z.B. wohl auch einfach er\u00f6ffnet werden, wie es in der Anklage steht und dann in der Hauptverhandlung auf die andere rechtliche Einsch\u00e4tzung hingewiesen werden, vgl. <a href=\"https:\/\/dejure.org\/gesetze\/StPO\/265.html\" target=\"_blank\" title=\"&sect; 265 StPO: Ver&auml;nderung des rechtlichen Gesichtspunktes oder der Sachlage\">\u00a7 265 StPO<\/a>. In der Hauptverhandlung gesteht der Angeklagte 2 der 3 Taten Und sagt zudem, er h\u00e4tte die Stieftochter ein weiteres Mal im Wald missbraucht. Tatnachweis zu der nicht eingelassenen Tat gelingt nicht. Genannt werden sollte hier die Nachtragsanklage und das hinsichtlich der nicht nachweisbaren Tat ein Freispruch erfolgt. Abschlie\u00dfend sollte tenoriert werden.<\/p>\n[\/vc_column_text]<div  class=\"divider\"><\/div>[vc_column_text]\n<p style=\"text-align: justify;\">Bei den obigen anonymisierten Protokollen handelt es sich um eine Original-Mitschrift aus dem zweiten Staatsexamen der <strong>M\u00fcndlichen Pr\u00fcfung in Hamburg vom Mai 2025.<\/strong>\u00a0Das Protokoll stammt aus dem Fundus des Protokollverleihs\u00a0<a href=\"http:\/\/www.juridicus.de\/pruefungsprotokolle\">Juridicus.de<\/a>.<\/p>\n<p style=\"text-align: justify;\">Weggelassen wurden die Angaben zum Pr\u00fcferverhalten. Die Schilderung des Falles und die L\u00f6sung beruhen ausschlie\u00dflich auf der Wahrnehmung des Pr\u00fcflings.<\/p>\n[\/vc_column_text][\/vc_column][\/vc_row][vc_row type=&#8220;full_width_background&#8220; scene_position=&#8220;center&#8220; text_color=&#8220;dark&#8220; text_align=&#8220;left&#8220; overlay_strength=&#8220;0.3&#8243;][vc_column column_padding=&#8220;no-extra-padding&#8220; column_padding_position=&#8220;all&#8220; background_color_opacity=&#8220;1&#8243; background_hover_color_opacity=&#8220;1&#8243; width=&#8220;1\/1&#8243;]<div  class=\"divider\"><\/div>[\/vc_column][\/vc_row]\n","protected":false},"excerpt":{"rendered":"<p>[vc_row type=&#8220;in_container&#8220; scene_position=&#8220;center&#8220; text_color=&#8220;dark&#8220; text_align=&#8220;left&#8220; overlay_strength=&#8220;0.3&#8243;][vc_column column_padding=&#8220;no-extra-padding&#8220; column_padding_position=&#8220;all&#8220; background_color_opacity=&#8220;1&#8243; background_hover_color_opacity=&#8220;1&#8243; width=&#8220;1\/1&#8243;][\/vc_column][\/vc_row][vc_row type=&#8220;in_container&#8220; scene_position=&#8220;center&#8220; text_color=&#8220;dark&#8220; text_align=&#8220;left&#8220; overlay_strength=&#8220;0.3&#8243;][vc_column column_padding=&#8220;no-extra-padding&#8220; column_padding_position=&#8220;all&#8220; background_color_opacity=&#8220;1&#8243; background_hover_color_opacity=&#8220;1&#8243; width=&#8220;1\/1&#8243;][vc_column_text] Pr\u00fcfungsthemen: Strafrecht [\/vc_column_text][vc_column_text] Vorpunkte der Kandidaten [\/vc_column_text][vc_column_text] Kandidat 1 Endpunkte 8,0 Endnote 10,0 Endnote 1. Examen 6,0 [\/vc_column_text][vc_column_text] Zur Sache: Pr\u00fcfungsthemen: \u00a0ProzessRecht Paragraphen: \u00a0\u00a7154 StBG, \u00a0\u00a7153a StPO, $209 StPO, \u00a7265 StPO Pr\u00fcfungsgespr\u00e4ch: Frage-Antwort, Fragestellung klar, verfolgt Zwischenthemen [\/vc_column_text][vc_column_text] [\/vc_column_text][\/vc_column][\/vc_row][vc_row type=&#8220;in_container&#8220; scene_position=&#8220;center&#8220; text_color=&#8220;dark&#8220; text_align=&#8220;left&#8220; overlay_strength=&#8220;0.3&#8243;][vc_column column_padding=&#8220;no-extra-padding&#8220; column_padding_position=&#8220;all&#8220; background_color_opacity=&#8220;1&#8243; background_hover_color_opacity=&#8220;1&#8243; width=&#8220;1\/1&#8243;][vc_column_text]&#8230;<\/p>\n","protected":false},"author":1755,"featured_media":0,"comment_status":"open","ping_status":"open","sticky":false,"template":"","format":"standard","meta":{"footnotes":""},"categories":[2025,2010,55,1715],"tags":[],"class_list":["post-18074","post","type-post","status-publish","format-standard","hentry","category-2-staatsexamen","category-protokolle","category-magazin","category-strafrecht-rechtsgebiet"],"_links":{"self":[{"href":"https:\/\/www.juridicus.de\/blog\/wp-json\/wp\/v2\/posts\/18074","targetHints":{"allow":["GET"]}}],"collection":[{"href":"https:\/\/www.juridicus.de\/blog\/wp-json\/wp\/v2\/posts"}],"about":[{"href":"https:\/\/www.juridicus.de\/blog\/wp-json\/wp\/v2\/types\/post"}],"author":[{"embeddable":true,"href":"https:\/\/www.juridicus.de\/blog\/wp-json\/wp\/v2\/users\/1755"}],"replies":[{"embeddable":true,"href":"https:\/\/www.juridicus.de\/blog\/wp-json\/wp\/v2\/comments?post=18074"}],"version-history":[{"count":1,"href":"https:\/\/www.juridicus.de\/blog\/wp-json\/wp\/v2\/posts\/18074\/revisions"}],"predecessor-version":[{"id":18075,"href":"https:\/\/www.juridicus.de\/blog\/wp-json\/wp\/v2\/posts\/18074\/revisions\/18075"}],"wp:attachment":[{"href":"https:\/\/www.juridicus.de\/blog\/wp-json\/wp\/v2\/media?parent=18074"}],"wp:term":[{"taxonomy":"category","embeddable":true,"href":"https:\/\/www.juridicus.de\/blog\/wp-json\/wp\/v2\/categories?post=18074"},{"taxonomy":"post_tag","embeddable":true,"href":"https:\/\/www.juridicus.de\/blog\/wp-json\/wp\/v2\/tags?post=18074"}],"curies":[{"name":"wp","href":"https:\/\/api.w.org\/{rel}","templated":true}]}}