{"id":18083,"date":"2025-07-03T12:00:36","date_gmt":"2025-07-03T10:00:36","guid":{"rendered":"https:\/\/www.juridicus.de\/blog\/?p=18083"},"modified":"2025-06-24T11:14:55","modified_gmt":"2025-06-24T09:14:55","slug":"protokoll-der-muendlichen-pruefung-zum-2-staatsexamen-bayern-vom-mai-2025","status":"publish","type":"post","link":"https:\/\/www.juridicus.de\/blog\/protokoll-der-muendlichen-pruefung-zum-2-staatsexamen-bayern-vom-mai-2025\/","title":{"rendered":"Protokoll der m\u00fcndlichen Pr\u00fcfung zum 2. Staatsexamen &#8211; Bayern vom Mai 2025"},"content":{"rendered":"[vc_row type=&#8220;in_container&#8220; scene_position=&#8220;center&#8220; text_color=&#8220;dark&#8220; text_align=&#8220;left&#8220; overlay_strength=&#8220;0.3&#8243;][vc_column column_padding=&#8220;no-extra-padding&#8220; column_padding_position=&#8220;all&#8220; background_color_opacity=&#8220;1&#8243; background_hover_color_opacity=&#8220;1&#8243; width=&#8220;1\/1&#8243;][\/vc_column][\/vc_row][vc_row type=&#8220;in_container&#8220; scene_position=&#8220;center&#8220; text_color=&#8220;dark&#8220; text_align=&#8220;left&#8220; overlay_strength=&#8220;0.3&#8243;][vc_column column_padding=&#8220;no-extra-padding&#8220; column_padding_position=&#8220;all&#8220; background_color_opacity=&#8220;1&#8243; background_hover_color_opacity=&#8220;1&#8243; width=&#8220;1\/1&#8243;][vc_column_text]\n<h2>Pr\u00fcfungsthemen: \u00d6ffentliches Recht<\/h2>\n[\/vc_column_text]<div  class=\"divider\"><\/div>[vc_column_text]\n<h2>Vorpunkte der Kandidaten<\/h2>\n[\/vc_column_text]<div  class=\"divider\"><\/div>[vc_column_text]\n<table style=\"width: 259px;\" width=\"265\">\n<tbody>\n<tr>\n<td style=\"width: 175.052px;\">\n<p style=\"text-align: left;\">Kandidat<\/p>\n<\/td>\n<td style=\"width: 69.9826px;\">\n<p style=\"text-align: center;\">1<\/p>\n<\/td>\n<\/tr>\n<tr>\n<td style=\"width: 175.052px;\">\n<p style=\"text-align: left;\">Endpunkte<\/p>\n<\/td>\n<td style=\"width: 69.9826px;\">\n<p style=\"text-align: center;\">9,5<\/p>\n<\/td>\n<\/tr>\n<tr>\n<td style=\"width: 175.052px;\">\n<p style=\"text-align: left;\">Endnote<\/p>\n<\/td>\n<td style=\"width: 69.9826px;\">\n<p style=\"text-align: center;\">9,66<\/p>\n<\/td>\n<\/tr>\n<tr>\n<td style=\"width: 175.052px;\">\n<p style=\"text-align: left;\">Endnote 1. Examen<\/p>\n<\/td>\n<td style=\"width: 69.9826px;\">\n<p style=\"text-align: center;\">5,85<\/p>\n<\/td>\n<\/tr>\n<\/tbody>\n<\/table>\n[\/vc_column_text]<div  class=\"divider\"><\/div>[vc_column_text]\n<h2 style=\"text-align: justify;\">Zur Sache:<\/h2>\n<p style=\"text-align: justify;\"><strong>Pr\u00fcfungsstoff:\u00a0<\/strong>protokollfest, aktuelle F\u00e4lle<\/p>\n<p style=\"text-align: justify;\"><strong>Pr\u00fcfungsthemen:<\/strong> Koalitionsvertrag<\/p>\n<p style=\"text-align: justify;\"><strong>\u00a0Paragraphen:<\/strong> <a href=\"https:\/\/dejure.org\/gesetze\/AO\/30.html\" target=\"_blank\" title=\"&sect; 30 AO: Steuergeheimnis\">\u00a730 AO<\/a>, <a href=\"https:\/\/dejure.org\/gesetze\/AO\/87a.html\" target=\"_blank\" title=\"&sect; 87a AO: Elektronische Kommunikation\">\u00a787a AO<\/a>, <a href=\"https:\/\/dejure.org\/gesetze\/EStG\/7.html\" target=\"_blank\" title=\"&sect; 7 EStG: Absetzung f&uuml;r Abnutzung oder Substanzverringerung\">\u00a77 EStG<\/a><\/p>\n<p style=\"text-align: justify;\"><strong><span style=\"line-height: 1.5;\">Pr\u00fcfungsgespr\u00e4ch: <\/span><\/strong><span style=\"line-height: 1.5;\">Frage-Antwort, Intensivbefragung Einzelner, verfolgt Zwischenthemen<\/span><\/p>\n[\/vc_column_text][vc_column_text]\n[\/vc_column_text][\/vc_column][\/vc_row][vc_row type=&#8220;in_container&#8220; scene_position=&#8220;center&#8220; text_color=&#8220;dark&#8220; text_align=&#8220;left&#8220; overlay_strength=&#8220;0.3&#8243;][vc_column column_padding=&#8220;no-extra-padding&#8220; column_padding_position=&#8220;all&#8220; background_color_opacity=&#8220;1&#8243; background_hover_color_opacity=&#8220;1&#8243; width=&#8220;1\/1&#8243;][vc_column_text]\n<h2 style=\"text-align: justify;\">Pr\u00fcfungsgespr\u00e4ch:<\/h2>\n<p style=\"text-align: justify;\">Ihre Pr\u00fcfung begann die Pr\u00fcferin mit dem Steuergeheimnis aus <a href=\"https:\/\/dejure.org\/gesetze\/AO\/30.html\" target=\"_blank\" title=\"&sect; 30 AO: Steuergeheimnis\">\u00a7 30 AO<\/a> und fragte dann auch noch, wo sich hierzu eine Regelung in der BRAO befinden w\u00fcrde. Die richtige Antwort war sodann <a href=\"https:\/\/dejure.org\/gesetze\/BRAO\/36.html\" target=\"_blank\" title=\"&sect; 36 BRAO: Ermittlung des Sachverhalts und &Uuml;bermittlung von Daten\">\u00a7 36 Abs. 2, Abs. 3 BRAO<\/a>. Sodann fragte sich noch, was denn am 31.05.2025 f\u00fcr ein wichtiges Datum sei. Da die anderen Pr\u00fcflinge keine Ahnung hatten, antwortete ich richtigerweise, dass an diesem Tag nach <a href=\"https:\/\/dejure.org\/gesetze\/AO\/149.html\" target=\"_blank\" title=\"&sect; 149 AO: Abgabe der Steuererkl&auml;rungen\">\u00a7 149 Abs. 3 AO<\/a> in Verbindung mit <a href=\"https:\/\/dejure.org\/gesetze\/EGAO\/96.html\" target=\"_blank\">Art. 96 EGAO<\/a> die Steuerberater die Einkommenssteuererkl\u00e4rung f\u00fcr den Veranlagungszeitraum 2023 abzugeben haben. Mich fragte sie dann noch, ob der Rechtsanwalt mit dem Finanzamt mittels beA kommunizieren k\u00f6nne. Ich verneinte dies richtigerweise und verwies auf <a href=\"https:\/\/dejure.org\/gesetze\/AO\/87a.html\" target=\"_blank\" title=\"&sect; 87a AO: Elektronische Kommunikation\">\u00a7 87a Abs. 1 S. 2 AO<\/a>. Sodann fragte sie, warum der Rechtsanwalt nicht \u00fcber das beA kommunizieren d\u00fcrfe, sondern Elster nutzen m\u00fcsse. Die richtige Antwort w\u00e4re gewesen, weil Elster sicherer ist. Relativ lange hielten wir uns bei einem aktuellen Geschehen in ihrem Finanzamt auf: Sie wies zun\u00e4chst daraufhin, dass das ganze nichts mit Steuerrecht zu tun h\u00e4tte. Sodann schilderte sie, dass vergangene Woche eine Klage des Verwaltungsgerichts bei ihr einging, und wir sollten alle raten, was diese Klage zum Gegenstand hatte. An die genaue Antwort kann ich mich leider auch nicht mehr erinnern. Sodann ging es noch um die Zust\u00e4ndigkeit des Verwaltungsgerichts Regensburg und um das Vorverfahren, welches in Bayern entbehrlich ist. Im Anschluss fragte sie noch jeden von uns, was uns denn f\u00fcr einkommenssteuerrechtliche Themen im Koalitionsvertrag einfallen w\u00fcrden. Es wurden die Kilometerpauschale von 0,38 EUR ab dem 01.01.2026, die Aktivrente, der Investitionsbooster (degressive Sofortabschreibung in H\u00f6he von 30% von 2025 bis 2027) und die Verkleinerung der Schere zwischen Kindergeld und Kinderfreibetrag genannt. Auf die einzelnen Vorhaben wurde noch etwas intensiver eingegangen. Sie fragte dann noch, ob eine Zwangsversteigerung unter <a href=\"https:\/\/dejure.org\/gesetze\/EStG\/23.html\" target=\"_blank\" title=\"&sect; 23 EStG: Private Ver&auml;u&szlig;erungsgesch&auml;fte\">\u00a7 23 Abs. 1 EStG<\/a> fallen w\u00fcrde. Sie bejahte dies und verwies anschlie\u00dfend auf ein neues BFH-Urteil. Zuletzt fragte sie uns noch, was denn mit der geplanten Arbeitstagepauschale gemeint sein w\u00fcrde. Hier wollte sie nur Ideen h\u00f6ren, da es noch keine genauen Informationen gibt. Abschlie\u00dfend sei gesagt, dass es sich jedenfalls lohnt die aktuelle Rechtsprechung und aktuelle (politische) Themen im Auge zu behalten. Diese pr\u00fcft sie fast ausnahmslos ab.<\/p>\n[\/vc_column_text]<div  class=\"divider\"><\/div>[vc_column_text]\n<p style=\"text-align: justify;\">Bei den obigen anonymisierten Protokollen handelt es sich um eine Original-Mitschrift aus dem zweiten Staatsexamen der\u00a0<strong>M\u00fcndlichen Pr\u00fcfung in Bayern vom Mai 2025<\/strong>. Das Protokoll stammt aus dem Fundus des Protokollverleihs\u00a0<a href=\"http:\/\/www.juridicus.de\/pruefungsprotokolle\">Juridicus.de<\/a>.<\/p>\n<p style=\"text-align: justify;\">Weggelassen wurden die Angaben zum Pr\u00fcferverhalten. Die Schilderung des Falles und die L\u00f6sung beruhen ausschlie\u00dflich auf der Wahrnehmung des Pr\u00fcflings.<\/p>\n[\/vc_column_text][\/vc_column][\/vc_row]\n","protected":false},"excerpt":{"rendered":"<p>[vc_row type=&#8220;in_container&#8220; scene_position=&#8220;center&#8220; text_color=&#8220;dark&#8220; text_align=&#8220;left&#8220; overlay_strength=&#8220;0.3&#8243;][vc_column column_padding=&#8220;no-extra-padding&#8220; column_padding_position=&#8220;all&#8220; background_color_opacity=&#8220;1&#8243; background_hover_color_opacity=&#8220;1&#8243; width=&#8220;1\/1&#8243;][\/vc_column][\/vc_row][vc_row type=&#8220;in_container&#8220; scene_position=&#8220;center&#8220; text_color=&#8220;dark&#8220; text_align=&#8220;left&#8220; overlay_strength=&#8220;0.3&#8243;][vc_column column_padding=&#8220;no-extra-padding&#8220; column_padding_position=&#8220;all&#8220; background_color_opacity=&#8220;1&#8243; background_hover_color_opacity=&#8220;1&#8243; width=&#8220;1\/1&#8243;][vc_column_text] Pr\u00fcfungsthemen: \u00d6ffentliches Recht [\/vc_column_text][vc_column_text] Vorpunkte der Kandidaten [\/vc_column_text][vc_column_text] Kandidat 1 Endpunkte 9,5 Endnote 9,66 Endnote 1. Examen 5,85 [\/vc_column_text][vc_column_text] Zur Sache: Pr\u00fcfungsstoff:\u00a0protokollfest, aktuelle F\u00e4lle Pr\u00fcfungsthemen: Koalitionsvertrag \u00a0Paragraphen: \u00a730 AO, \u00a787a AO, \u00a77 EStG Pr\u00fcfungsgespr\u00e4ch: Frage-Antwort, Intensivbefragung Einzelner, verfolgt Zwischenthemen [\/vc_column_text][vc_column_text] [\/vc_column_text][\/vc_column][\/vc_row][vc_row type=&#8220;in_container&#8220; scene_position=&#8220;center&#8220; text_color=&#8220;dark&#8220; text_align=&#8220;left&#8220; overlay_strength=&#8220;0.3&#8243;][vc_column column_padding=&#8220;no-extra-padding&#8220; column_padding_position=&#8220;all&#8220; background_color_opacity=&#8220;1&#8243;&#8230;<\/p>\n","protected":false},"author":1755,"featured_media":0,"comment_status":"open","ping_status":"open","sticky":false,"template":"","format":"standard","meta":{"footnotes":""},"categories":[2025,1711,2010,55],"tags":[],"class_list":["post-18083","post","type-post","status-publish","format-standard","hentry","category-2-staatsexamen","category-offentliches-recht-rechtsgebiet","category-protokolle","category-magazin"],"_links":{"self":[{"href":"https:\/\/www.juridicus.de\/blog\/wp-json\/wp\/v2\/posts\/18083","targetHints":{"allow":["GET"]}}],"collection":[{"href":"https:\/\/www.juridicus.de\/blog\/wp-json\/wp\/v2\/posts"}],"about":[{"href":"https:\/\/www.juridicus.de\/blog\/wp-json\/wp\/v2\/types\/post"}],"author":[{"embeddable":true,"href":"https:\/\/www.juridicus.de\/blog\/wp-json\/wp\/v2\/users\/1755"}],"replies":[{"embeddable":true,"href":"https:\/\/www.juridicus.de\/blog\/wp-json\/wp\/v2\/comments?post=18083"}],"version-history":[{"count":1,"href":"https:\/\/www.juridicus.de\/blog\/wp-json\/wp\/v2\/posts\/18083\/revisions"}],"predecessor-version":[{"id":18084,"href":"https:\/\/www.juridicus.de\/blog\/wp-json\/wp\/v2\/posts\/18083\/revisions\/18084"}],"wp:attachment":[{"href":"https:\/\/www.juridicus.de\/blog\/wp-json\/wp\/v2\/media?parent=18083"}],"wp:term":[{"taxonomy":"category","embeddable":true,"href":"https:\/\/www.juridicus.de\/blog\/wp-json\/wp\/v2\/categories?post=18083"},{"taxonomy":"post_tag","embeddable":true,"href":"https:\/\/www.juridicus.de\/blog\/wp-json\/wp\/v2\/tags?post=18083"}],"curies":[{"name":"wp","href":"https:\/\/api.w.org\/{rel}","templated":true}]}}