{"id":18144,"date":"2025-08-06T09:00:34","date_gmt":"2025-08-06T07:00:34","guid":{"rendered":"https:\/\/www.juridicus.de\/blog\/?p=18144"},"modified":"2025-10-04T12:39:07","modified_gmt":"2025-10-04T10:39:07","slug":"gedaechtnisprotokoll-einer-echten-klausur-zum-1-staatsexamen-niedersachsen-im-januar-2025","status":"publish","type":"post","link":"https:\/\/www.juridicus.de\/blog\/gedaechtnisprotokoll-einer-echten-klausur-zum-1-staatsexamen-niedersachsen-im-januar-2025\/","title":{"rendered":"Ged\u00e4chtnisprotokoll einer echten Klausur zum 1. Staatsexamen &#8211; Niedersachsen vom Januar 2025"},"content":{"rendered":"[vc_row type=&#8220;in_container&#8220; scene_position=&#8220;center&#8220; text_color=&#8220;dark&#8220; text_align=&#8220;left&#8220; overlay_strength=&#8220;0.3&#8243;][vc_column column_padding=&#8220;no-extra-padding&#8220; column_padding_position=&#8220;all&#8220; background_color_opacity=&#8220;1&#8243; background_hover_color_opacity=&#8220;1&#8243; width=&#8220;1\/1&#8243;]<div  class=\"divider\"><\/div>[vc_column_text]\n<h2>Pr\u00fcfungsfach:\u00a0 \u00d6ffentliches Recht<\/h2>\n[\/vc_column_text][\/vc_column][\/vc_row][vc_row type=&#8220;in_container&#8220; scene_position=&#8220;center&#8220; text_color=&#8220;dark&#8220; text_align=&#8220;left&#8220; overlay_strength=&#8220;0.3&#8243;][vc_column column_padding=&#8220;no-extra-padding&#8220; column_padding_position=&#8220;all&#8220; background_color_opacity=&#8220;1&#8243; background_hover_color_opacity=&#8220;1&#8243; width=&#8220;1\/1&#8243;][vc_column_text]\n<h2 style=\"text-align: justify;\">Ged\u00e4chtnisprotokoll:<\/h2>\n<p style=\"text-align: justify;\">Die eine Klausur im \u00f6ffentlichen Recht war ein Widerspruchsverfahren. Ich kann mich aber nicht mehr genau daran erinnern, was der Fall an sich war. Die andere Klausur war eine Verfassungsbeschwerde bzgl. Religionsfreiheit. Auch hier habe ich keine Ahnung mehr bzgl. des Sachverhalts. Strafrecht war eine Pr\u00fcfung mit unglaublich vielen Themen von gef\u00e4hrlicher KV, \u00fcber Trunkenheit im Stra\u00dfenverkehr, Urkundenf\u00e4lschung und unterlassener Hilfeleistung. Im Zivilrecht war eine Klausur \u00fcber Umgehungsgesch\u00e4fte. Die weitere ging \u00fcber erb- und Immobiliarsachenrechtliche Thematiken, die in das Bereicherungsrecht ausgeschweift sind. Die dritte Klausur war sehr familienrechtlich gepr\u00e4gt u.a. mit <a href=\"https:\/\/dejure.org\/gesetze\/BGB\/824.html\" target=\"_blank\" title=\"&sect; 824 BGB: Kreditgef&auml;hrdung\">\u00a7 824 BGB<\/a>. Es ging vor allem um die Haftung des Sorgerechts Inhabers gg\u00fc. einem durch das Kind fahrl\u00e4ssig gesch\u00e4digten, da die Eltern den Autoschl\u00fcssel beim Kind im Auto gelassen haben und das Kind diesen irgendwie in das Z\u00fcndschloss gesteckt hat und die Dritte Person gesch\u00e4digt hat. War ein komischer Fall aber doch akzeptabel.<\/p>\n[\/vc_column_text]<div  class=\"divider\"><\/div>[vc_column_text]\n<p style=\"text-align: justify;\">Bei den obigen Klausurprotokoll handelt es sich um das Ged\u00e4chtnisprotokoll einer <strong>echten Klausur vom Januar 2025 im ersten Staatsexamen in Niedersachen.<\/strong>\u00a0Das Protokoll stammt aus dem Fundus des Protokollverleihs\u00a0<a href=\"http:\/\/www.juridicus.de\/pruefungsprotokolle\">Juridicus.de<\/a>.<\/p>\n<p style=\"text-align: justify;\">Die Schilderung des Falles und die L\u00f6sung beruhen ausschlie\u00dflich auf der Wahrnehmung des Pr\u00fcflings.<\/p>\n[\/vc_column_text][\/vc_column][\/vc_row][vc_row type=&#8220;full_width_background&#8220; scene_position=&#8220;center&#8220; text_color=&#8220;dark&#8220; text_align=&#8220;left&#8220; overlay_strength=&#8220;0.3&#8243;][vc_column column_padding=&#8220;no-extra-padding&#8220; column_padding_position=&#8220;all&#8220; background_color_opacity=&#8220;1&#8243; background_hover_color_opacity=&#8220;1&#8243; width=&#8220;1\/1&#8243;]<div  class=\"divider-border\"><\/div>[\/vc_column][\/vc_row]\n","protected":false},"excerpt":{"rendered":"<p>[vc_row type=&#8220;in_container&#8220; scene_position=&#8220;center&#8220; text_color=&#8220;dark&#8220; text_align=&#8220;left&#8220; overlay_strength=&#8220;0.3&#8243;][vc_column column_padding=&#8220;no-extra-padding&#8220; column_padding_position=&#8220;all&#8220; background_color_opacity=&#8220;1&#8243; background_hover_color_opacity=&#8220;1&#8243; width=&#8220;1\/1&#8243;][vc_column_text] Pr\u00fcfungsfach:\u00a0 \u00d6ffentliches Recht [\/vc_column_text][\/vc_column][\/vc_row][vc_row type=&#8220;in_container&#8220; scene_position=&#8220;center&#8220; text_color=&#8220;dark&#8220; text_align=&#8220;left&#8220; overlay_strength=&#8220;0.3&#8243;][vc_column column_padding=&#8220;no-extra-padding&#8220; column_padding_position=&#8220;all&#8220; background_color_opacity=&#8220;1&#8243; background_hover_color_opacity=&#8220;1&#8243; width=&#8220;1\/1&#8243;][vc_column_text] Ged\u00e4chtnisprotokoll: Die eine Klausur im \u00f6ffentlichen Recht war ein Widerspruchsverfahren. Ich kann mich aber nicht mehr genau daran erinnern, was der Fall an sich war. Die andere Klausur war eine Verfassungsbeschwerde bzgl. Religionsfreiheit. Auch hier habe ich keine Ahnung mehr bzgl. des Sachverhalts. Strafrecht war&#8230;<\/p>\n","protected":false},"author":1755,"featured_media":0,"comment_status":"open","ping_status":"open","sticky":false,"template":"","format":"standard","meta":{"footnotes":""},"categories":[2222,2221,1711,55],"tags":[],"class_list":["post-18144","post","type-post","status-publish","format-standard","hentry","category-1-staatsexamen-klausurprotokoll","category-klausurprotokoll","category-offentliches-recht-rechtsgebiet","category-magazin"],"_links":{"self":[{"href":"https:\/\/www.juridicus.de\/blog\/wp-json\/wp\/v2\/posts\/18144","targetHints":{"allow":["GET"]}}],"collection":[{"href":"https:\/\/www.juridicus.de\/blog\/wp-json\/wp\/v2\/posts"}],"about":[{"href":"https:\/\/www.juridicus.de\/blog\/wp-json\/wp\/v2\/types\/post"}],"author":[{"embeddable":true,"href":"https:\/\/www.juridicus.de\/blog\/wp-json\/wp\/v2\/users\/1755"}],"replies":[{"embeddable":true,"href":"https:\/\/www.juridicus.de\/blog\/wp-json\/wp\/v2\/comments?post=18144"}],"version-history":[{"count":2,"href":"https:\/\/www.juridicus.de\/blog\/wp-json\/wp\/v2\/posts\/18144\/revisions"}],"predecessor-version":[{"id":18246,"href":"https:\/\/www.juridicus.de\/blog\/wp-json\/wp\/v2\/posts\/18144\/revisions\/18246"}],"wp:attachment":[{"href":"https:\/\/www.juridicus.de\/blog\/wp-json\/wp\/v2\/media?parent=18144"}],"wp:term":[{"taxonomy":"category","embeddable":true,"href":"https:\/\/www.juridicus.de\/blog\/wp-json\/wp\/v2\/categories?post=18144"},{"taxonomy":"post_tag","embeddable":true,"href":"https:\/\/www.juridicus.de\/blog\/wp-json\/wp\/v2\/tags?post=18144"}],"curies":[{"name":"wp","href":"https:\/\/api.w.org\/{rel}","templated":true}]}}