{"id":18153,"date":"2025-08-13T09:00:44","date_gmt":"2025-08-13T07:00:44","guid":{"rendered":"https:\/\/www.juridicus.de\/blog\/?p=18153"},"modified":"2025-08-06T15:19:20","modified_gmt":"2025-08-06T13:19:20","slug":"gedaechtnisprotokoll-einer-echten-klausur-zum-1-staatsexamen-nrw-vom-februar-2025-2","status":"publish","type":"post","link":"https:\/\/www.juridicus.de\/blog\/gedaechtnisprotokoll-einer-echten-klausur-zum-1-staatsexamen-nrw-vom-februar-2025-2\/","title":{"rendered":"Ged\u00e4chtnisprotokoll einer echten Klausur zum 1. Staatsexamen &#8211; Berlin vom April 2025"},"content":{"rendered":"[vc_row type=&#8220;in_container&#8220; scene_position=&#8220;center&#8220; text_color=&#8220;dark&#8220; text_align=&#8220;left&#8220; overlay_strength=&#8220;0.3&#8243;][vc_column column_padding=&#8220;no-extra-padding&#8220; column_padding_position=&#8220;all&#8220; background_color_opacity=&#8220;1&#8243; background_hover_color_opacity=&#8220;1&#8243; width=&#8220;1\/1&#8243;]<div  class=\"divider\"><\/div>[vc_column_text]\n<h2>Pr\u00fcfungsfach:\u00a0 Strafrecht<\/h2>\n[\/vc_column_text][\/vc_column][\/vc_row][vc_row type=&#8220;in_container&#8220; scene_position=&#8220;center&#8220; text_color=&#8220;dark&#8220; text_align=&#8220;left&#8220; overlay_strength=&#8220;0.3&#8243;][vc_column column_padding=&#8220;no-extra-padding&#8220; column_padding_position=&#8220;all&#8220; background_color_opacity=&#8220;1&#8243; background_hover_color_opacity=&#8220;1&#8243; width=&#8220;1\/1&#8243;][vc_column_text]\n<h2>Ged\u00e4chtnisprotokoll:<\/h2>\n<div>\n<div style=\"text-align: justify;\">\n<p>W \u2013 ein passionierter Marathonl\u00e4ufer \u2013 beobachtet am Rosenmontag, wie A maskiert aus einem Supermarkt nahe K\u00f6ln herausl\u00e4uft, in seinem PKW steigt und hastig wegf\u00e4hrt. Sofort vermutet er einen \u00dcberfall und nimmt mit seinem Gel\u00e4ndewagen die Verfolgung auf. Auf Grund der st\u00e4rkeren Motorisierung seines Fahrzeugs hat W keine Schwierigkeit, sich dicht hinter das Fahrzeug des A zu setzen. A \u2013 ein Choleriker und Sportsch\u00fctze \u2013 ist auf dem Weg zum Faschingsumzug in K\u00f6ln. Er wird w\u00fctend wegen des massiven Dr\u00e4ngelns und fasst den Entschluss mit seiner Pistole, die er vor dem Faschingsumzug noch bei seinem Sch\u00fctzenverein einschlie\u00dfen wollte, auf den Gel\u00e4ndewagen zu schie\u00dfen, um ihn fahruntauglich zu machen und so den W an einer weiteren Verfolgung zu hindern. Dabei nimmt er eine Verletzung des W in Kauf, schlie\u00dft aber aus, ihn t\u00f6dlich zu treffen. W hat zwischenzeitlich zum \u00dcberholen angesetzt und bemerkt dabei Luftschlangen und weitere Faschingsutensilien im Wagen des A, sodass er seinen Irrtum erkennt und von einer weiteren Verfolgung des A absieht. Ordnungsgem\u00e4\u00df beendet er den \u00dcberholvorgang und f\u00e4hrt auf die rechte Fahrspur vor den Wagen des A. Dieser steigert sich jedoch in seiner Wut \u00fcber die Verfolgung hinein und m\u00f6chte sich unbedingt an W r\u00e4chen. A setzt zum \u00dcberholen des W an und f\u00e4hrt auf die linke Fahrbahnseite. Als beide Fahrzeuge sich bei einer Geschwindigkeit von etwa 80 km\/h auf gleicher H\u00f6he befinden, gibt A kurz hintereinander drei Sch\u00fcsse mit seiner Pistole auf das etwa 1,5 m entfernte Fahrzeug des W ab, wobei zwei Projektile in einer H\u00f6he von 100 cm und 120 cm jeweils in der Karosserie des Gel\u00e4ndewagens treffen. Ein Projektil durchschl\u00e4gt die Fahrert\u00fcr und verletzt den W am Fu\u00df. Die Einsch\u00fcsse f\u00fchren bei W nicht zu einer Beeintr\u00e4chtigung des Fahrverhaltens. W, der die auf sein Fahrzeug gerichtete Waffe gesehen und zudem die Einsch\u00fcsse akustisch wahrgenommen hat, f\u00fchlt sich in seiner Fahrsicherheit nicht beeintr\u00e4chtigt. Er bemerkt zun\u00e4chst auch nicht die Verletzung an seinem Fu\u00df. W begibt sich ins Krankenhaus wo sich sein Zeh aufgrund eines Behandlungsfehlers soweit entz\u00fcndet, dass er schlie\u00dflich amputiert werden muss. Die zust\u00e4ndige \u00c4rztin hatte eine falsche Desinfektionsl\u00f6sung genommen, wodurch sich der verwundete Zeh entz\u00fcndete.<\/p>\n<\/div>\n<\/div>\n[\/vc_column_text]<div  class=\"divider\"><\/div>[vc_column_text]\n<p style=\"text-align: justify;\">Bei den obigen Klausurprotokoll handelt es sich um das Ged\u00e4chtnisprotokoll einer <strong>echten Klausur vom April 2025 im ersten Staatsexamen in Berlin.<\/strong>\u00a0Das Protokoll stammt aus dem Fundus des Protokollverleihs\u00a0<a href=\"http:\/\/www.juridicus.de\/pruefungsprotokolle\">Juridicus.de<\/a>.<\/p>\n<p style=\"text-align: justify;\">Die Schilderung des Falles und die L\u00f6sung beruhen ausschlie\u00dflich auf der Wahrnehmung des Pr\u00fcflings.<\/p>\n[\/vc_column_text][\/vc_column][\/vc_row][vc_row type=&#8220;full_width_background&#8220; scene_position=&#8220;center&#8220; text_color=&#8220;dark&#8220; text_align=&#8220;left&#8220; overlay_strength=&#8220;0.3&#8243;][vc_column column_padding=&#8220;no-extra-padding&#8220; column_padding_position=&#8220;all&#8220; background_color_opacity=&#8220;1&#8243; background_hover_color_opacity=&#8220;1&#8243; width=&#8220;1\/1&#8243;]<div  class=\"divider-border\"><\/div>[\/vc_column][\/vc_row]\n","protected":false},"excerpt":{"rendered":"<p>[vc_row type=&#8220;in_container&#8220; scene_position=&#8220;center&#8220; text_color=&#8220;dark&#8220; text_align=&#8220;left&#8220; overlay_strength=&#8220;0.3&#8243;][vc_column column_padding=&#8220;no-extra-padding&#8220; column_padding_position=&#8220;all&#8220; background_color_opacity=&#8220;1&#8243; background_hover_color_opacity=&#8220;1&#8243; width=&#8220;1\/1&#8243;][vc_column_text] Pr\u00fcfungsfach:\u00a0 Strafrecht [\/vc_column_text][\/vc_column][\/vc_row][vc_row type=&#8220;in_container&#8220; scene_position=&#8220;center&#8220; text_color=&#8220;dark&#8220; text_align=&#8220;left&#8220; overlay_strength=&#8220;0.3&#8243;][vc_column column_padding=&#8220;no-extra-padding&#8220; column_padding_position=&#8220;all&#8220; background_color_opacity=&#8220;1&#8243; background_hover_color_opacity=&#8220;1&#8243; width=&#8220;1\/1&#8243;][vc_column_text] Ged\u00e4chtnisprotokoll: W \u2013 ein passionierter Marathonl\u00e4ufer \u2013 beobachtet am Rosenmontag, wie A maskiert aus einem Supermarkt nahe K\u00f6ln herausl\u00e4uft, in seinem PKW steigt und hastig wegf\u00e4hrt. Sofort vermutet er einen \u00dcberfall und nimmt mit seinem Gel\u00e4ndewagen die Verfolgung auf. Auf Grund der st\u00e4rkeren Motorisierung seines Fahrzeugs&#8230;<\/p>\n","protected":false},"author":1755,"featured_media":0,"comment_status":"open","ping_status":"open","sticky":false,"template":"","format":"standard","meta":{"footnotes":""},"categories":[2222,2221,55,1715],"tags":[],"class_list":["post-18153","post","type-post","status-publish","format-standard","hentry","category-1-staatsexamen-klausurprotokoll","category-klausurprotokoll","category-magazin","category-strafrecht-rechtsgebiet"],"_links":{"self":[{"href":"https:\/\/www.juridicus.de\/blog\/wp-json\/wp\/v2\/posts\/18153","targetHints":{"allow":["GET"]}}],"collection":[{"href":"https:\/\/www.juridicus.de\/blog\/wp-json\/wp\/v2\/posts"}],"about":[{"href":"https:\/\/www.juridicus.de\/blog\/wp-json\/wp\/v2\/types\/post"}],"author":[{"embeddable":true,"href":"https:\/\/www.juridicus.de\/blog\/wp-json\/wp\/v2\/users\/1755"}],"replies":[{"embeddable":true,"href":"https:\/\/www.juridicus.de\/blog\/wp-json\/wp\/v2\/comments?post=18153"}],"version-history":[{"count":1,"href":"https:\/\/www.juridicus.de\/blog\/wp-json\/wp\/v2\/posts\/18153\/revisions"}],"predecessor-version":[{"id":18154,"href":"https:\/\/www.juridicus.de\/blog\/wp-json\/wp\/v2\/posts\/18153\/revisions\/18154"}],"wp:attachment":[{"href":"https:\/\/www.juridicus.de\/blog\/wp-json\/wp\/v2\/media?parent=18153"}],"wp:term":[{"taxonomy":"category","embeddable":true,"href":"https:\/\/www.juridicus.de\/blog\/wp-json\/wp\/v2\/categories?post=18153"},{"taxonomy":"post_tag","embeddable":true,"href":"https:\/\/www.juridicus.de\/blog\/wp-json\/wp\/v2\/tags?post=18153"}],"curies":[{"name":"wp","href":"https:\/\/api.w.org\/{rel}","templated":true}]}}