{"id":18165,"date":"2025-08-20T09:00:18","date_gmt":"2025-08-20T07:00:18","guid":{"rendered":"https:\/\/www.juridicus.de\/blog\/?p=18165"},"modified":"2025-08-13T17:31:25","modified_gmt":"2025-08-13T15:31:25","slug":"gedaechtnisprotokoll-einer-echten-klausur-zum-1-staatsexamen-mecklenburg-vorpommern-vom-april-2025","status":"publish","type":"post","link":"https:\/\/www.juridicus.de\/blog\/gedaechtnisprotokoll-einer-echten-klausur-zum-1-staatsexamen-mecklenburg-vorpommern-vom-april-2025\/","title":{"rendered":"Ged\u00e4chtnisprotokoll einer echten Klausur zum 1. Staatsexamen &#8211; Mecklenburg-Vorpommern vom April 2025"},"content":{"rendered":"[vc_row type=&#8220;in_container&#8220; scene_position=&#8220;center&#8220; text_color=&#8220;dark&#8220; text_align=&#8220;left&#8220; overlay_strength=&#8220;0.3&#8243;][vc_column column_padding=&#8220;no-extra-padding&#8220; column_padding_position=&#8220;all&#8220; background_color_opacity=&#8220;1&#8243; background_hover_color_opacity=&#8220;1&#8243; width=&#8220;1\/1&#8243;]<div  class=\"divider\"><\/div>[vc_column_text]\n<h2>Pr\u00fcfungsfach:\u00a0 Zivilrecht<\/h2>\n[\/vc_column_text][\/vc_column][\/vc_row][vc_row type=&#8220;in_container&#8220; scene_position=&#8220;center&#8220; text_color=&#8220;dark&#8220; text_align=&#8220;left&#8220; overlay_strength=&#8220;0.3&#8243;][vc_column column_padding=&#8220;no-extra-padding&#8220; column_padding_position=&#8220;all&#8220; background_color_opacity=&#8220;1&#8243; background_hover_color_opacity=&#8220;1&#8243; width=&#8220;1\/1&#8243;][vc_column_text]\n<h2>Ged\u00e4chtnisprotokoll:<\/h2>\n<div>\n<div style=\"text-align: justify;\">\n<p>In einer Kleinstadt hat sich eine Gruppe gebildet, die sich die &#8222;Reparaturrentner&#8220;, die einmal im Monat einen sogenannten &#8222;Reparaturtag&#8220; veranstaltet. Hier k\u00f6nnen Menschen aus der Umgebung ihre kaputten Haushaltsger\u00e4te vorbeibringen und von Laien reparieren lassen. Im Gegenzug ist gerne ein kleiner Obolus an die Gruppierung gesehen, damit die Reparaturtage auch weiterhin veranstaltet werden k\u00f6nnen. Bei den Reparateuren handelt es sich haupts\u00e4chlich um Rentner, die hierf\u00fcr einen Teil ihrer Freizeit opfern. Die Reparaturrentner haben schriftlich festgelegt, wann die Reparaturtage stattfinden sollen und zeichnen auch auf, wer grunds\u00e4tzlich f\u00fcr Reparaturen zur Verf\u00fcgung steht. Kann einer der Reparateure an einem Reparaturtag nicht, hat dies keine Folgen, jeder soll grunds\u00e4tzlich kommen, sofern er Zeit hat. A bringt an einem solchen Reparaturtag seinen F\u00f6hn vorbei und will ihn reparieren lassen. Der Rentner B nimmt sich des F\u00f6hns an und kann ihn scheinbar reparieren. A hat jedoch vor der Reparatur vergessen, zu erw\u00e4hnen, dass ein Kabel nicht richtig angebracht ist. Dies bleibt auch von B unbemerkt und dieser gibt A den F\u00f6hn wieder. Die beiden schalten den F\u00f6hn testweise an und er geht wieder, A nimmt ihn gl\u00fccklich mit nach Hause. Als A aber den F\u00f6hn zu Hause wieder anschaltet, explodiert dieser und A erleidet leichte bis mittlere Verletzungen. Die deswegen anfallenden Arztkosten belaufen sich auf 1.000\u20ac. A m\u00f6chte seine Kosten ersetzt haben. Gegen wen hat A Anspr\u00fcche?<\/p>\n<\/div>\n<\/div>\n[\/vc_column_text]<div  class=\"divider\"><\/div>[vc_column_text]\n<p style=\"text-align: justify;\">Bei den obigen Klausurprotokoll handelt es sich um das Ged\u00e4chtnisprotokoll einer <strong>echten Klausur vom April 2025 im ersten Staatsexamen in Mecklenburg-Vorpommern.<\/strong>\u00a0Das Protokoll stammt aus dem Fundus des Protokollverleihs\u00a0<a href=\"http:\/\/www.juridicus.de\/pruefungsprotokolle\">Juridicus.de<\/a>.<\/p>\n<p style=\"text-align: justify;\">Die Schilderung des Falles und die L\u00f6sung beruhen ausschlie\u00dflich auf der Wahrnehmung des Pr\u00fcflings.<\/p>\n[\/vc_column_text][\/vc_column][\/vc_row][vc_row type=&#8220;full_width_background&#8220; scene_position=&#8220;center&#8220; text_color=&#8220;dark&#8220; text_align=&#8220;left&#8220; overlay_strength=&#8220;0.3&#8243;][vc_column column_padding=&#8220;no-extra-padding&#8220; column_padding_position=&#8220;all&#8220; background_color_opacity=&#8220;1&#8243; background_hover_color_opacity=&#8220;1&#8243; width=&#8220;1\/1&#8243;]<div  class=\"divider-border\"><\/div>[\/vc_column][\/vc_row]\n","protected":false},"excerpt":{"rendered":"<p>[vc_row type=&#8220;in_container&#8220; scene_position=&#8220;center&#8220; text_color=&#8220;dark&#8220; text_align=&#8220;left&#8220; overlay_strength=&#8220;0.3&#8243;][vc_column column_padding=&#8220;no-extra-padding&#8220; column_padding_position=&#8220;all&#8220; background_color_opacity=&#8220;1&#8243; background_hover_color_opacity=&#8220;1&#8243; width=&#8220;1\/1&#8243;][vc_column_text] Pr\u00fcfungsfach:\u00a0 Zivilrecht [\/vc_column_text][\/vc_column][\/vc_row][vc_row type=&#8220;in_container&#8220; scene_position=&#8220;center&#8220; text_color=&#8220;dark&#8220; text_align=&#8220;left&#8220; overlay_strength=&#8220;0.3&#8243;][vc_column column_padding=&#8220;no-extra-padding&#8220; column_padding_position=&#8220;all&#8220; background_color_opacity=&#8220;1&#8243; background_hover_color_opacity=&#8220;1&#8243; width=&#8220;1\/1&#8243;][vc_column_text] Ged\u00e4chtnisprotokoll: In einer Kleinstadt hat sich eine Gruppe gebildet, die sich die &#8222;Reparaturrentner&#8220;, die einmal im Monat einen sogenannten &#8222;Reparaturtag&#8220; veranstaltet. Hier k\u00f6nnen Menschen aus der Umgebung ihre kaputten Haushaltsger\u00e4te vorbeibringen und von Laien reparieren lassen. Im Gegenzug ist gerne ein kleiner Obolus an die Gruppierung&#8230;<\/p>\n","protected":false},"author":1755,"featured_media":0,"comment_status":"open","ping_status":"open","sticky":false,"template":"","format":"standard","meta":{"footnotes":""},"categories":[2222,2221,55,1703],"tags":[],"class_list":["post-18165","post","type-post","status-publish","format-standard","hentry","category-1-staatsexamen-klausurprotokoll","category-klausurprotokoll","category-magazin","category-zivilrecht-rechtsgebiet"],"_links":{"self":[{"href":"https:\/\/www.juridicus.de\/blog\/wp-json\/wp\/v2\/posts\/18165","targetHints":{"allow":["GET"]}}],"collection":[{"href":"https:\/\/www.juridicus.de\/blog\/wp-json\/wp\/v2\/posts"}],"about":[{"href":"https:\/\/www.juridicus.de\/blog\/wp-json\/wp\/v2\/types\/post"}],"author":[{"embeddable":true,"href":"https:\/\/www.juridicus.de\/blog\/wp-json\/wp\/v2\/users\/1755"}],"replies":[{"embeddable":true,"href":"https:\/\/www.juridicus.de\/blog\/wp-json\/wp\/v2\/comments?post=18165"}],"version-history":[{"count":1,"href":"https:\/\/www.juridicus.de\/blog\/wp-json\/wp\/v2\/posts\/18165\/revisions"}],"predecessor-version":[{"id":18166,"href":"https:\/\/www.juridicus.de\/blog\/wp-json\/wp\/v2\/posts\/18165\/revisions\/18166"}],"wp:attachment":[{"href":"https:\/\/www.juridicus.de\/blog\/wp-json\/wp\/v2\/media?parent=18165"}],"wp:term":[{"taxonomy":"category","embeddable":true,"href":"https:\/\/www.juridicus.de\/blog\/wp-json\/wp\/v2\/categories?post=18165"},{"taxonomy":"post_tag","embeddable":true,"href":"https:\/\/www.juridicus.de\/blog\/wp-json\/wp\/v2\/tags?post=18165"}],"curies":[{"name":"wp","href":"https:\/\/api.w.org\/{rel}","templated":true}]}}