{"id":18252,"date":"2025-10-16T12:00:17","date_gmt":"2025-10-16T10:00:17","guid":{"rendered":"https:\/\/www.juridicus.de\/blog\/?p=18252"},"modified":"2025-10-08T11:33:33","modified_gmt":"2025-10-08T09:33:33","slug":"protokoll-der-muendlichen-pruefung-zum-2-staatsexamen-nrw-vom-september-2025","status":"publish","type":"post","link":"https:\/\/www.juridicus.de\/blog\/protokoll-der-muendlichen-pruefung-zum-2-staatsexamen-nrw-vom-september-2025\/","title":{"rendered":"Protokoll der m\u00fcndlichen Pr\u00fcfung zum 2. Staatsexamen &#8211; NRW vom September 2025"},"content":{"rendered":"[vc_row type=&#8220;in_container&#8220; scene_position=&#8220;center&#8220; text_color=&#8220;dark&#8220; text_align=&#8220;left&#8220; overlay_strength=&#8220;0.3&#8243;][vc_column column_padding=&#8220;no-extra-padding&#8220; column_padding_position=&#8220;all&#8220; background_color_opacity=&#8220;1&#8243; background_hover_color_opacity=&#8220;1&#8243; width=&#8220;1\/1&#8243;][\/vc_column][\/vc_row][vc_row type=&#8220;in_container&#8220; scene_position=&#8220;center&#8220; text_color=&#8220;dark&#8220; text_align=&#8220;left&#8220; overlay_strength=&#8220;0.3&#8243;][vc_column column_padding=&#8220;no-extra-padding&#8220; column_padding_position=&#8220;all&#8220; background_color_opacity=&#8220;1&#8243; background_hover_color_opacity=&#8220;1&#8243; width=&#8220;1\/1&#8243;][vc_column_text]\n<h2>Pr\u00fcfungsthemen: \u00d6ffentliches Recht<\/h2>\n[\/vc_column_text]<div  class=\"divider\"><\/div>[vc_column_text]\n<h2>Vorpunkte der Kandidaten<\/h2>\n[\/vc_column_text]<div  class=\"divider\"><\/div>[vc_column_text]\n<table style=\"width: 259px;\" width=\"265\">\n<tbody>\n<tr>\n<td style=\"width: 175.052px;\">\n<p style=\"text-align: left;\">Kandidat<\/p>\n<\/td>\n<td style=\"width: 69.9826px;\">\n<p style=\"text-align: center;\">1<\/p>\n<\/td>\n<\/tr>\n<tr>\n<td style=\"width: 175.052px;\">\n<p style=\"text-align: left;\">Endpunkte<\/p>\n<\/td>\n<td style=\"width: 69.9826px;\">\n<p style=\"text-align: center;\">18,0<\/p>\n<\/td>\n<\/tr>\n<tr>\n<td style=\"width: 175.052px;\">\n<p style=\"text-align: left;\">Endnote<\/p>\n<\/td>\n<td style=\"width: 69.9826px;\">\n<p style=\"text-align: center;\">18,0<\/p>\n<\/td>\n<\/tr>\n<tr>\n<td style=\"width: 175.052px;\">\n<p style=\"text-align: left;\">Endnote 1. Examen<\/p>\n<\/td>\n<td style=\"width: 69.9826px;\">\n<p style=\"text-align: center;\">18,0<\/p>\n<\/td>\n<\/tr>\n<\/tbody>\n<\/table>\n[\/vc_column_text]<div  class=\"divider\"><\/div>[vc_column_text]\n<h2 style=\"text-align: justify;\">Zur Sache:<\/h2>\n<p style=\"text-align: justify;\"><strong>Pr\u00fcfungsstoff:<\/strong>\u00a0aktuelle F\u00e4lle<\/p>\n<p style=\"text-align: justify;\"><strong>Pr\u00fcfungsthemen:<\/strong> Arbeit mit einer unbekannten Norm, Europarecht, Berufsfreiheit, einstweiliger Rechtsschutz<\/p>\n<p style=\"text-align: justify;\"><strong>\u00a0Paragraphen:<\/strong> <a href=\"https:\/\/dejure.org\/gesetze\/VwGO\/123.html\" target=\"_blank\" title=\"&sect; 123 VwGO [Einstweilige Anordnung]\">\u00a7123 VwGO<\/a>, <a href=\"https:\/\/dejure.org\/gesetze\/AEUV\/267.html\" target=\"_blank\" title=\"Art. 267 AEUV: (ex-Artikel 234 EGV)\">\u00a7267 AEUV<\/a>, <a href=\"https:\/\/dejure.org\/gesetze\/GG\/100.html\" target=\"_blank\" title=\"Art. 100 GG\">\u00a7100 GG<\/a><\/p>\n<p style=\"text-align: justify;\"><strong><span style=\"line-height: 1.5;\">Pr\u00fcfungsgespr\u00e4ch: <\/span><\/strong><span style=\"line-height: 1.5;\">Frage-Antwort-Diskussion, h\u00e4lt Reinefolge ein, l\u00e4sst Meldungen zu,\u00a0 Intensivbefragung Einzelner, hart am Fall<\/span><\/p>\n[\/vc_column_text][vc_column_text]\n[\/vc_column_text][\/vc_column][\/vc_row][vc_row type=&#8220;in_container&#8220; scene_position=&#8220;center&#8220; text_color=&#8220;dark&#8220; text_align=&#8220;left&#8220; overlay_strength=&#8220;0.3&#8243;][vc_column column_padding=&#8220;no-extra-padding&#8220; column_padding_position=&#8220;all&#8220; background_color_opacity=&#8220;1&#8243; background_hover_color_opacity=&#8220;1&#8243; width=&#8220;1\/1&#8243;][vc_column_text]\n<h2 style=\"text-align: justify;\">Pr\u00fcfungsgespr\u00e4ch:<\/h2>\n<p style=\"text-align: justify;\">Zu Beginn der Pr\u00fcfung h\u00e4ndigte der Pr\u00fcfer die \u00a7\u00a7 1, 2 und 7 des Transfusionsgesetzes (TFG) sowie die <a href=\"https:\/\/dejure.org\/gesetze\/AMG\/2.html\" target=\"_blank\" title=\"&sect; 2 AMG: Arzneimittelbegriff\">\u00a7\u00a7 2<\/a> und <a href=\"https:\/\/dejure.org\/gesetze\/AMG\/3.html\" target=\"_blank\" title=\"&sect; 3 AMG: Stoffbegriff\">3<\/a> des Arzneimittelgesetzes (AMG) aus und stellte daraufhin folgenden Fall vor: Sachverhalt: Ein Heilpraktiker, Mandant M, sucht rechtlichen Rat. Er m\u00f6chte seinen Patienten Eigenblut entnehmen, um dieses anschlie\u00dfend an entz\u00fcndeten K\u00f6rperstellen wieder zu injizieren. Dadurch sollen Entz\u00fcndungen gelindert, die Durchblutung verbessert und die Selbstheilungskr\u00e4fte des K\u00f6rpers angeregt werden. Zwei Varianten stehen zur Debatte: 1.: Das Blut wird unmittelbar nach der Entnahme wieder eingespritzt. 2.: Das Blut wird nach der Entnahme mit einer Ozon-Sauerstoff-Mischung angereichert und anschlie\u00dfend injiziert. Die Bezirksregierung hat jedoch entschieden, dass Heilpraktiker keine Eigenblutbehandlungen durchf\u00fchren d\u00fcrfen, da diese unter das Transfusionsgesetz fallen. M m\u00f6chte Rechtssicherheit erlangen und schreibt an das Gericht: \u201eHohes Gericht, die Bezirksregierung verbietet mir auf Grundlage des <a href=\"https:\/\/dejure.org\/gesetze\/TFG\/7.html\" target=\"_blank\" title=\"&sect; 7 TFG: Anforderungen zur Entnahme der Spende\">\u00a7 7 Abs. 2 TFG<\/a> die Eigenbluttherapie. Ich sehe mich dadurch in meiner Berufsfreiheit beeintr\u00e4chtigt und bitte um eine schnelle Kl\u00e4rung \u2013 notfalls auch im Wege des einstweiligen Rechtsschutzes.\u201c Einstieg in die Pr\u00fcfung: Der Pr\u00fcfer er\u00f6ffnete die Pr\u00fcfung mit der Frage, ob die Entnahme von Blut grunds\u00e4tzlich erlaubt sei. Die richtige Herangehensweise lautete: Jedes Handeln ist erlaubt, solange kein Gesetz es verbietet. Da das Transfusionsgesetz eine Verbotsnorm darstellt, war dessen Anwendungsbereich n\u00e4her zu pr\u00fcfen. Zentral ging es darum, ob die geplante Eigenbluttherapie unter das in <a href=\"https:\/\/dejure.org\/gesetze\/TFG\/7.html\" target=\"_blank\" title=\"&sect; 7 TFG: Anforderungen zur Entnahme der Spende\">\u00a7 7 Abs. 2 TFG<\/a> geregelte Verbot f\u00e4llt. Der Pr\u00fcfer legte gro\u00dfen Wert auf eine saubere juristische Struktur, eine pr\u00e4zise Subsumtion und Normverst\u00e4ndnis. Zun\u00e4chst wurde diskutiert, was unter einer \u201e\u00e4rztlichen Person\u201c zu verstehen ist. Nach dem allgemeinen Sprachgebrauch sind damit Personen gemeint, die ein abgeschlossenes Medizinstudium nachweisen und somit \u00e4rztlich qualifiziert sind. Der Zweck der Regelung spricht ebenfalls f\u00fcr eine enge Auslegung: Sie soll Patientinnen und Patienten vor gesundheitlichen Risiken durch medizinisch nicht ausgebildetes Personal sch\u00fctzen. Dann kam die Frage auf, ob es sich bei der Eigenblutbehandlung um eine Spende im Sinne des <a href=\"https:\/\/dejure.org\/gesetze\/TFG\/2.html\" target=\"_blank\" title=\"&sect; 2 TFG: Begriffsbestimmungen\">\u00a7 2 TFG<\/a> handelt. Gemeinsam entwickelten wir, dass nach dem Wortsinn Spende bedeutet, dass etwas einer anderen Person zugewendet wird \u2013 was hier nicht der Fall ist. Allerdings dient die Vorschrift dem Zweck, die sichere Gewinnung und den hygienischen Umgang mit Blut zu gew\u00e4hrleisten, unabh\u00e4ngig davon, wem es letztlich zugutekommt. Deshalb kann auch die Eigenblutentnahme als Spende gelten. Der Pr\u00fcfer wendete sich nun der Frage zu, ob Eigenblut ein Wirkstoff oder Arzneimittel im Sinne der <a href=\"https:\/\/dejure.org\/gesetze\/AMG\/2.html\" target=\"_blank\" title=\"&sect; 2 AMG: Arzneimittelbegriff\">\u00a7\u00a7 2<\/a>, <a href=\"https:\/\/dejure.org\/gesetze\/AMG\/3.html\" target=\"_blank\" title=\"&sect; 3 AMG: Stoffbegriff\">3 AMG<\/a> ist. Unter R\u00fcckgriff auf die Begriffsbestimmungen dieser Vorschriften wurde dies bejaht. Die vom Mandanten geplante Eigenblutbehandlung f\u00e4llt somit grunds\u00e4tzlich unter das Verbot des <a href=\"https:\/\/dejure.org\/gesetze\/TFG\/7.html\" target=\"_blank\" title=\"&sect; 7 TFG: Anforderungen zur Entnahme der Spende\">\u00a7 7 Abs. 2 TFG<\/a>. Im weiteren Verlauf stellte der Pr\u00fcfer die Zusatzfrage, wie zu verfahren w\u00e4re, wenn der Mandant geltend macht, das Verbot verletze seine Menschenrechte. Er fragte, wie Verwaltungsgericht darauf reagieren k\u00f6nnte. Ein Kandidat antwortete, dass das Verwaltungsgericht gem\u00e4\u00df <a href=\"https:\/\/dejure.org\/gesetze\/GG\/100.html\" target=\"_blank\" title=\"Art. 100 GG\">Art. 100 Abs. 1 GG<\/a> ein Normenkontrollverfahren anregen oder \u2013 bei einem m\u00f6glichen Konflikt mit Unionsrecht \u2013 eine Vorlage an den EuGH nach <a href=\"https:\/\/dejure.org\/gesetze\/AEUV\/267.html\" target=\"_blank\" title=\"Art. 267 AEUV: (ex-Artikel 234 EGV)\">Art. 267 AEUV<\/a> veranlassen k\u00f6nnte. Dabei seine die Voraussetzungen an die abstrakte Normenkontrolle h\u00f6her, da das vorlegende Gericht von der Verfassungswidrigkeit \u00fcberzeugt sein muss. Bei der Vorlage an den EuGH gen\u00fcgt dagegen bereits der Zweifel, ob eine Norm mit Unionsrecht vereinbar ist. Zum Schluss wurde untersucht, ob das Verbot der Eigenblutbehandlung gegen die Berufsfreiheit aus <a href=\"https:\/\/dejure.org\/gesetze\/GG\/12.html\" target=\"_blank\" title=\"Art. 12 GG\">Art. 12 Abs. 1 GG<\/a> verst\u00f6\u00dft. Auf der Eingriffsebene erfolgte die Einordnung nach der Drei-Stufen-Theorie. Der Pr\u00fcfer stellte fest, dass es sich um eine Regelung der Berufsaus\u00fcbung (erste Stufe) handelt. Diese kann durch vern\u00fcnftige Erw\u00e4gungen des Gemeinwohls gerechtfertigt werden. Der Schutz der Gesundheit erf\u00fcllt dieses Kriterium, sodass keine Verletzung der Berufsfreiheit vorliegt. Abschlussfragen: Zum Ende der Pr\u00fcfung erkundigte sich der Pr\u00fcfer nach der richtigen Klageart. Es handelt sich um eine Feststellungsklage. Im einstweiligen Rechtsschutz w\u00e4re ein Antrag nach <a href=\"https:\/\/dejure.org\/gesetze\/VwGO\/123.html\" target=\"_blank\" title=\"&sect; 123 VwGO [Einstweilige Anordnung]\">\u00a7 123 Abs. 1 VwGO<\/a> statthaft. Damit wurde die Pr\u00fcfung beendet.<\/p>\n[\/vc_column_text]<div  class=\"divider\"><\/div>[vc_column_text]\n<p style=\"text-align: justify;\">Bei den obigen anonymisierten Protokollen handelt es sich um eine Original-Mitschrift aus dem zweiten Staatsexamen der\u00a0<strong>M\u00fcndlichen Pr\u00fcfung in NRW vom September 2025<\/strong>. Das Protokoll stammt aus dem Fundus des Protokollverleihs\u00a0<a href=\"http:\/\/www.juridicus.de\/pruefungsprotokolle\">Juridicus.de<\/a>.<\/p>\n<p style=\"text-align: justify;\">Weggelassen wurden die Angaben zum Pr\u00fcferverhalten. Die Schilderung des Falles und die L\u00f6sung beruhen ausschlie\u00dflich auf der Wahrnehmung des Pr\u00fcflings.<\/p>\n[\/vc_column_text][\/vc_column][\/vc_row]\n","protected":false},"excerpt":{"rendered":"<p>[vc_row type=&#8220;in_container&#8220; scene_position=&#8220;center&#8220; text_color=&#8220;dark&#8220; text_align=&#8220;left&#8220; overlay_strength=&#8220;0.3&#8243;][vc_column column_padding=&#8220;no-extra-padding&#8220; column_padding_position=&#8220;all&#8220; background_color_opacity=&#8220;1&#8243; background_hover_color_opacity=&#8220;1&#8243; width=&#8220;1\/1&#8243;][\/vc_column][\/vc_row][vc_row type=&#8220;in_container&#8220; scene_position=&#8220;center&#8220; text_color=&#8220;dark&#8220; text_align=&#8220;left&#8220; overlay_strength=&#8220;0.3&#8243;][vc_column column_padding=&#8220;no-extra-padding&#8220; column_padding_position=&#8220;all&#8220; background_color_opacity=&#8220;1&#8243; background_hover_color_opacity=&#8220;1&#8243; width=&#8220;1\/1&#8243;][vc_column_text] Pr\u00fcfungsthemen: \u00d6ffentliches Recht [\/vc_column_text][vc_column_text] Vorpunkte der Kandidaten [\/vc_column_text][vc_column_text] Kandidat 1 Endpunkte 18,0 Endnote 18,0 Endnote 1. Examen 18,0 [\/vc_column_text][vc_column_text] Zur Sache: Pr\u00fcfungsstoff:\u00a0aktuelle F\u00e4lle Pr\u00fcfungsthemen: Arbeit mit einer unbekannten Norm, Europarecht, Berufsfreiheit, einstweiliger Rechtsschutz \u00a0Paragraphen: \u00a7123 VwGO, \u00a7267 AEUV, \u00a7100 GG Pr\u00fcfungsgespr\u00e4ch: Frage-Antwort-Diskussion, h\u00e4lt Reinefolge ein, l\u00e4sst Meldungen zu,\u00a0 Intensivbefragung&#8230;<\/p>\n","protected":false},"author":1755,"featured_media":0,"comment_status":"open","ping_status":"open","sticky":false,"template":"","format":"standard","meta":{"footnotes":""},"categories":[2025,1711,2010,55],"tags":[],"class_list":["post-18252","post","type-post","status-publish","format-standard","hentry","category-2-staatsexamen","category-offentliches-recht-rechtsgebiet","category-protokolle","category-magazin"],"_links":{"self":[{"href":"https:\/\/www.juridicus.de\/blog\/wp-json\/wp\/v2\/posts\/18252","targetHints":{"allow":["GET"]}}],"collection":[{"href":"https:\/\/www.juridicus.de\/blog\/wp-json\/wp\/v2\/posts"}],"about":[{"href":"https:\/\/www.juridicus.de\/blog\/wp-json\/wp\/v2\/types\/post"}],"author":[{"embeddable":true,"href":"https:\/\/www.juridicus.de\/blog\/wp-json\/wp\/v2\/users\/1755"}],"replies":[{"embeddable":true,"href":"https:\/\/www.juridicus.de\/blog\/wp-json\/wp\/v2\/comments?post=18252"}],"version-history":[{"count":1,"href":"https:\/\/www.juridicus.de\/blog\/wp-json\/wp\/v2\/posts\/18252\/revisions"}],"predecessor-version":[{"id":18253,"href":"https:\/\/www.juridicus.de\/blog\/wp-json\/wp\/v2\/posts\/18252\/revisions\/18253"}],"wp:attachment":[{"href":"https:\/\/www.juridicus.de\/blog\/wp-json\/wp\/v2\/media?parent=18252"}],"wp:term":[{"taxonomy":"category","embeddable":true,"href":"https:\/\/www.juridicus.de\/blog\/wp-json\/wp\/v2\/categories?post=18252"},{"taxonomy":"post_tag","embeddable":true,"href":"https:\/\/www.juridicus.de\/blog\/wp-json\/wp\/v2\/tags?post=18252"}],"curies":[{"name":"wp","href":"https:\/\/api.w.org\/{rel}","templated":true}]}}