{"id":18384,"date":"2026-01-22T12:00:07","date_gmt":"2026-01-22T11:00:07","guid":{"rendered":"https:\/\/www.juridicus.de\/blog\/?p=18384"},"modified":"2026-01-14T10:18:59","modified_gmt":"2026-01-14T09:18:59","slug":"protokoll-der-muendlichen-pruefung-zum-2-staatsexamen-mecklenburg-vorpommern-vom-dezember-2025","status":"publish","type":"post","link":"https:\/\/www.juridicus.de\/blog\/protokoll-der-muendlichen-pruefung-zum-2-staatsexamen-mecklenburg-vorpommern-vom-dezember-2025\/","title":{"rendered":"Protokoll der m\u00fcndlichen Pr\u00fcfung zum 2. Staatsexamen &#8211; Mecklenburg-Vorpommern vom Dezember 2025"},"content":{"rendered":"[vc_row type=&#8220;in_container&#8220; scene_position=&#8220;center&#8220; text_color=&#8220;dark&#8220; text_align=&#8220;left&#8220; overlay_strength=&#8220;0.3&#8243;][vc_column column_padding=&#8220;no-extra-padding&#8220; column_padding_position=&#8220;all&#8220; background_color_opacity=&#8220;1&#8243; background_hover_color_opacity=&#8220;1&#8243; width=&#8220;1\/1&#8243;][\/vc_column][\/vc_row][vc_row type=&#8220;in_container&#8220; scene_position=&#8220;center&#8220; text_color=&#8220;dark&#8220; text_align=&#8220;left&#8220; overlay_strength=&#8220;0.3&#8243;][vc_column column_padding=&#8220;no-extra-padding&#8220; column_padding_position=&#8220;all&#8220; background_color_opacity=&#8220;1&#8243; background_hover_color_opacity=&#8220;1&#8243; width=&#8220;1\/1&#8243;][vc_column_text]\n<h2>Pr\u00fcfungsthemen: Strafrecht<\/h2>\n[\/vc_column_text]<div  class=\"divider\"><\/div>[vc_column_text]\n<h2>Vorpunkte der Kandidaten<\/h2>\n[\/vc_column_text]<div  class=\"divider\"><\/div>[vc_column_text]\n<table width=\"265\">\n<tbody>\n<tr>\n<td width=\"189\">\n<p style=\"text-align: left;\">Kandidat<\/p>\n<\/td>\n<td width=\"76\">\n<p style=\"text-align: center;\">1<\/p>\n<\/td>\n<\/tr>\n<tr>\n<td width=\"189\">\n<p style=\"text-align: left;\">Endpunkte<\/p>\n<\/td>\n<td width=\"76\">\n<p style=\"text-align: center;\">12,22<\/p>\n<\/td>\n<\/tr>\n<tr>\n<td width=\"189\">\n<p style=\"text-align: left;\">Endnote<\/p>\n<\/td>\n<td width=\"76\">\n<p style=\"text-align: center;\">12,15<\/p>\n<\/td>\n<\/tr>\n<tr>\n<td width=\"189\">\n<p style=\"text-align: left;\">Endnote 1. Examen<\/p>\n<\/td>\n<td width=\"76\">\n<p style=\"text-align: center;\">12,00<\/p>\n<\/td>\n<\/tr>\n<\/tbody>\n<\/table>\n[\/vc_column_text]<div  class=\"divider\"><\/div>[vc_column_text]\n<h2 style=\"text-align: justify;\">Zur Sache:<\/h2>\n<p style=\"text-align: left;\"><strong>Pr\u00fcfungsstoff: <\/strong>protokollfest, aktuelle F\u00e4lle<\/p>\n<p style=\"text-align: left;\"><strong>Pr\u00fcfungsthemen: <\/strong>\u00a0LG Schwerin &#8211; Totschlag Schlossparkcenter<\/p>\n<p style=\"text-align: justify;\"><strong>Paragraphen: <\/strong>\u00a0<a href=\"https:\/\/dejure.org\/gesetze\/BGB\/311b.html\">\u00a7121 StPO, \u00a7112 StPO, \u00a7201a StGB, \u00a7203 StGB, \u00a7353d StGB<\/a><\/p>\n<p style=\"text-align: justify;\"><strong><span style=\"line-height: 1.5;\">Pr\u00fcfungsgespr\u00e4ch: <\/span><\/strong><span style=\"line-height: 1.5;\">Frage-Antwort, h\u00e4lt Reihenfolge ein, verfolgt Zwischenthemen, Fragestellung klar<\/span><\/p>\n[\/vc_column_text][vc_column_text]\n[\/vc_column_text][\/vc_column][\/vc_row][vc_row type=&#8220;in_container&#8220; scene_position=&#8220;center&#8220; text_color=&#8220;dark&#8220; text_align=&#8220;left&#8220; overlay_strength=&#8220;0.3&#8243;][vc_column column_padding=&#8220;no-extra-padding&#8220; column_padding_position=&#8220;all&#8220; background_color_opacity=&#8220;1&#8243; background_hover_color_opacity=&#8220;1&#8243; width=&#8220;1\/1&#8243;][vc_column_text]\n<h2 style=\"text-align: justify;\">Pr\u00fcfungsgespr\u00e4ch:<\/h2>\n<p style=\"text-align: justify;\">Der Pr\u00fcfer nutzt aktuelle F\u00e4lle, um einen Einstig in die m\u00fcndliche Pr\u00fcfung zu finden. So war Gegenstand ein am Tag vorher stattfindende m\u00fcndliche Verhandlung der 2. Gro\u00dfen Strafkammer (in der er Beisitzer war). Man sollte auf jeden Fall die Nachrichten im Norddeutschen Rundfunk (NDR) am Vorabend schauen (19:30 Uhr &#8211; Nordmagazin) und den Nordkurier lesen. Er nutzt aber auch manchmal Boulevardzeitungen wie die MoPo, um einen Einstieg in die Pr\u00fcfung zu finden. Zu Beginn schilderte der Pr\u00fcfer gestrige Erlebnisse aus der Verhandlung: So habe ein Zuschauer den mit Fu\u00dffesseln ausgestatteten Angeklagten gefilmt und Bildaufnahmen gemacht. Wir sollten Erm\u00e4chtigungsgrundlagen finden, wie die Vorsitzende handeln k\u00f6nnte (siehe <a href=\"https:\/\/dejure.org\/gesetze\/GVG\/169.html\" target=\"_blank\" title=\"&sect; 169 GVG\">\u00a7\u00a7 169 ff. GVG<\/a>), und ob unterhalb der dort genannten Ordnungsmittel auch mildere Mittel (etwa: Ermahnung) in Betracht kommen. An dieser Stelle angekommen, gab es einen Exkurs. Wir sollten schauen, ob der anwesende Staatsanwalt ein Ermittlungsverfahren gegen den Zuschauer einleiten k\u00f6nnte. Daf\u00fcr m\u00fcsste ein Anfangsverdacht (<a href=\"https:\/\/dejure.org\/gesetze\/StPO\/152.html\" target=\"_blank\" title=\"&sect; 152 StPO: Anklagebeh&ouml;rde; Legalit&auml;tsgrundsatz\">\u00a7 152 StPO<\/a> &#8211; definieren!) vorliegen. Wir sollten dann entsprechende Delikte finden. Wir kamen auf <a href=\"https:\/\/dejure.org\/gesetze\/StGB\/201a.html\" target=\"_blank\" title=\"&sect; 201a StGB: Verletzung des h&ouml;chstpers&ouml;nlichen Lebensbereichs und von Pers&ouml;nlichkeitsrechten durch Bildaufnahmen\">\u00a7 201a Abs. 1 und Abs. 2 sowie<\/a> <a href=\"https:\/\/dejure.org\/gesetze\/StGB\/203.html\" target=\"_blank\" title=\"&sect; 203 StGB: Verletzung von Privatgeheimnissen\">\u00a7 203 StGB<\/a> und <a href=\"https:\/\/dejure.org\/gesetze\/StGB\/353d.html\" target=\"_blank\" title=\"&sect; 353d StGB: Verbotene Mitteilungen &uuml;ber Gerichtsverhandlungen\">\u00a7 353d StGB<\/a>. Diese waren im Ergebnis jedoch alle nicht einschl\u00e4gig. So war \u00a7 201a Abs. 2 im Verh\u00e4ltnis zu <a href=\"https:\/\/dejure.org\/gesetze\/StGB\/201a.html\" target=\"_blank\" title=\"&sect; 201a StGB: Verletzung des h&ouml;chstpers&ouml;nlichen Lebensbereichs und von Pers&ouml;nlichkeitsrechten durch Bildaufnahmen\">\u00a7 201a Abs. 1 StGB<\/a> restriktiv auszulegen, um den Absatz 1 nicht auszuh\u00f6hlen. \u00a7 353d war nicht einschl\u00e4gig, weil der abschlie\u00dfende Kanon der drei dort genannten Nummern nicht einschl\u00e4gig war. Es lohnt sich also, wenige Tage vor der Pr\u00fcfung das gesamte StGB einmal durchzulesen, um auch unbekannte Normen auf dem Schirm zu haben. Das n\u00fctzt ungemein und man f\u00fchlt sich direkt &#8222;sicherer&#8220;. Das ist auch nicht zu viel verlangt. Sodann gingen wir zum zugrundeliegenden Fall des LG Schwerin vom gestrigen Tag \u00fcber, der einen Totschlag am Schlossparkcenter in Schwerin aus Februar 2024 zum Gegenstand hatte. Er fragte, ob wir von diesem Fall etwas mitbekommen h\u00e4tten. Hierzu sollten wir kurz ausf\u00fchren und den Sachverhalt knapp schildern. Sodann gingen wir zu Fragen \u00fcber den Haftbefehl nach <a href=\"https:\/\/dejure.org\/gesetze\/StPO\/112.html\" target=\"_blank\" title=\"&sect; 112 StPO: Voraussetzungen der Untersuchungshaft; Haftgr&uuml;nde\">\u00a7\u00a7 112 ff. StPO<\/a>, der Haftpr\u00fcfung nach <a href=\"https:\/\/dejure.org\/gesetze\/StPO\/118.html\" target=\"_blank\" title=\"&sect; 118 StPO: Verfahren bei der Haftpr&uuml;fung\">\u00a7 118 StPO<\/a> und der Vorlage an das OLG nach <a href=\"https:\/\/dejure.org\/gesetze\/StPO\/121.html\" target=\"_blank\" title=\"&sect; 121 StPO: Fortdauer der Untersuchungshaft &uuml;ber sechs Monate\">\u00a7\u00a7 121<\/a>, <a href=\"https:\/\/dejure.org\/gesetze\/StPO\/122.html\" target=\"_blank\" title=\"&sect; 122 StPO: Besondere Haftpr&uuml;fung durch das Oberlandesgericht\">122 StPO<\/a> und den internationalen Haftbefehl \u00fcber, die alle mit dem zugrundeliegenden Fall zusammenhingen. Schlie\u00dflich war die Frage, wie der BGH eine \u00fcberlange Untersuchungshaft l\u00f6st. Neben der Vollstreckungsl\u00f6sung gibt es noch die Anrechnungsl\u00f6sung, die im Tenor ausgesprochen wird, wonach eine gewisse Zeit der U-Haft bereits als verb\u00fc\u00dft f\u00fcr die verh\u00e4ngte Freiheitsstrafe gilt. Dies sollten wir dann versuchen, auszuformulieren. Zuletzt ging er auf den &#8222;Deal&#8220; nach <a href=\"https:\/\/dejure.org\/gesetze\/StGB\/257c.html\" target=\"_blank\">\u00a7 257c StGB<\/a> ein, der am gestrigen Tag im LG Schwerin durch ein Gest\u00e4ndnis des Angeklagten eingeleitet wurde\/zustande kam. Wir sollten hier Sinn und Zweck sowie Kritik daran \u00e4u\u00dfern, insbesondere welche strafprozessualen Grunds\u00e4tze einem Deal widersprechen k\u00f6nnte. Sodann wollte er noch die Vorschrift zur Rechtsmittelbelehrung h\u00f6ren. Danach war die Pr\u00fcfungszeit beendet. Die Pr\u00fcfungszeit ging sehr schnell vorbei und verging auch hier wie im Flug. W\u00e4hrend der gesamten Pr\u00fcfungszeit war der Pr\u00fcfer freundlich, nett, nickte einem zu und gab positives Feedback. Bei Unsicherheiten eines Pr\u00fcflings f\u00fchrte er diesen durch gezielte Nachfragen auf den richtigen L\u00f6sungsweg.<\/p>\n[\/vc_column_text]<div  class=\"divider\"><\/div>[vc_column_text]\n<p style=\"text-align: justify;\">Bei den obigen anonymisierten Protokollen handelt es sich um eine Original-Mitschrift aus dem zweiten Staatsexamen der <strong>M\u00fcndlichen Pr\u00fcfung in Mecklenburg-Vorpommern vom Dezember 2025.<\/strong>\u00a0Das Protokoll stammt aus dem Fundus des Protokollverleihs\u00a0<a href=\"http:\/\/www.juridicus.de\/pruefungsprotokolle\">Juridicus.de<\/a>.<\/p>\n<p style=\"text-align: justify;\">Weggelassen wurden die Angaben zum Pr\u00fcferverhalten. Die Schilderung des Falles und die L\u00f6sung beruhen ausschlie\u00dflich auf der Wahrnehmung des Pr\u00fcflings.<\/p>\n[\/vc_column_text][\/vc_column][\/vc_row][vc_row type=&#8220;full_width_background&#8220; scene_position=&#8220;center&#8220; text_color=&#8220;dark&#8220; text_align=&#8220;left&#8220; overlay_strength=&#8220;0.3&#8243;][vc_column column_padding=&#8220;no-extra-padding&#8220; column_padding_position=&#8220;all&#8220; background_color_opacity=&#8220;1&#8243; background_hover_color_opacity=&#8220;1&#8243; width=&#8220;1\/1&#8243;]<div  class=\"divider\"><\/div>[\/vc_column][\/vc_row]\n","protected":false},"excerpt":{"rendered":"<p>[vc_row type=&#8220;in_container&#8220; scene_position=&#8220;center&#8220; text_color=&#8220;dark&#8220; text_align=&#8220;left&#8220; overlay_strength=&#8220;0.3&#8243;][vc_column column_padding=&#8220;no-extra-padding&#8220; column_padding_position=&#8220;all&#8220; background_color_opacity=&#8220;1&#8243; background_hover_color_opacity=&#8220;1&#8243; width=&#8220;1\/1&#8243;][\/vc_column][\/vc_row][vc_row type=&#8220;in_container&#8220; scene_position=&#8220;center&#8220; text_color=&#8220;dark&#8220; text_align=&#8220;left&#8220; overlay_strength=&#8220;0.3&#8243;][vc_column column_padding=&#8220;no-extra-padding&#8220; column_padding_position=&#8220;all&#8220; background_color_opacity=&#8220;1&#8243; background_hover_color_opacity=&#8220;1&#8243; width=&#8220;1\/1&#8243;][vc_column_text] Pr\u00fcfungsthemen: Strafrecht [\/vc_column_text][vc_column_text] Vorpunkte der Kandidaten [\/vc_column_text][vc_column_text] Kandidat 1 Endpunkte 12,22 Endnote 12,15 Endnote 1. Examen 12,00 [\/vc_column_text][vc_column_text] Zur Sache: Pr\u00fcfungsstoff: protokollfest, aktuelle F\u00e4lle Pr\u00fcfungsthemen: \u00a0LG Schwerin &#8211; Totschlag Schlossparkcenter Paragraphen: \u00a0\u00a7121 StPO, \u00a7112 StPO, \u00a7201a StGB, \u00a7203 StGB, \u00a7353d StGB Pr\u00fcfungsgespr\u00e4ch: Frage-Antwort, h\u00e4lt Reihenfolge ein, verfolgt Zwischenthemen, Fragestellung&#8230;<\/p>\n","protected":false},"author":1755,"featured_media":0,"comment_status":"open","ping_status":"open","sticky":false,"template":"","format":"standard","meta":{"footnotes":""},"categories":[2025,2010,55,1715],"tags":[],"class_list":["post-18384","post","type-post","status-publish","format-standard","hentry","category-2-staatsexamen","category-protokolle","category-magazin","category-strafrecht-rechtsgebiet"],"_links":{"self":[{"href":"https:\/\/www.juridicus.de\/blog\/wp-json\/wp\/v2\/posts\/18384","targetHints":{"allow":["GET"]}}],"collection":[{"href":"https:\/\/www.juridicus.de\/blog\/wp-json\/wp\/v2\/posts"}],"about":[{"href":"https:\/\/www.juridicus.de\/blog\/wp-json\/wp\/v2\/types\/post"}],"author":[{"embeddable":true,"href":"https:\/\/www.juridicus.de\/blog\/wp-json\/wp\/v2\/users\/1755"}],"replies":[{"embeddable":true,"href":"https:\/\/www.juridicus.de\/blog\/wp-json\/wp\/v2\/comments?post=18384"}],"version-history":[{"count":1,"href":"https:\/\/www.juridicus.de\/blog\/wp-json\/wp\/v2\/posts\/18384\/revisions"}],"predecessor-version":[{"id":18385,"href":"https:\/\/www.juridicus.de\/blog\/wp-json\/wp\/v2\/posts\/18384\/revisions\/18385"}],"wp:attachment":[{"href":"https:\/\/www.juridicus.de\/blog\/wp-json\/wp\/v2\/media?parent=18384"}],"wp:term":[{"taxonomy":"category","embeddable":true,"href":"https:\/\/www.juridicus.de\/blog\/wp-json\/wp\/v2\/categories?post=18384"},{"taxonomy":"post_tag","embeddable":true,"href":"https:\/\/www.juridicus.de\/blog\/wp-json\/wp\/v2\/tags?post=18384"}],"curies":[{"name":"wp","href":"https:\/\/api.w.org\/{rel}","templated":true}]}}