{"id":18388,"date":"2026-01-27T12:00:32","date_gmt":"2026-01-27T11:00:32","guid":{"rendered":"https:\/\/www.juridicus.de\/blog\/?p=18388"},"modified":"2026-02-10T11:35:51","modified_gmt":"2026-02-10T10:35:51","slug":"protokoll-der-muendlichen-pruefung-zum-1-staatsexamen-rheinland-pfalz-von-dezember-2025","status":"publish","type":"post","link":"https:\/\/www.juridicus.de\/blog\/protokoll-der-muendlichen-pruefung-zum-1-staatsexamen-rheinland-pfalz-von-dezember-2025\/","title":{"rendered":"Protokoll der m\u00fcndlichen Pr\u00fcfung zum 1. Staatsexamen &#8211; Rheinland-Pfalz von Dezember 2025"},"content":{"rendered":"[vc_row type=&#8220;in_container&#8220; scene_position=&#8220;center&#8220; text_color=&#8220;dark&#8220; text_align=&#8220;left&#8220; overlay_strength=&#8220;0.3&#8243;][vc_column column_padding=&#8220;no-extra-padding&#8220; column_padding_position=&#8220;all&#8220; background_color_opacity=&#8220;1&#8243; background_hover_color_opacity=&#8220;1&#8243; width=&#8220;1\/1&#8243;][\/vc_column][\/vc_row][vc_row type=&#8220;in_container&#8220; scene_position=&#8220;center&#8220; text_color=&#8220;dark&#8220; text_align=&#8220;left&#8220; overlay_strength=&#8220;0.3&#8243;][vc_column column_padding=&#8220;no-extra-padding&#8220; column_padding_position=&#8220;all&#8220; background_color_opacity=&#8220;1&#8243; background_hover_color_opacity=&#8220;1&#8243; width=&#8220;1\/1&#8243;][vc_column_text]\n<h2>Pr\u00fcfungsthemen: Zivilrecht<\/h2>\n[\/vc_column_text]<div  class=\"divider\"><\/div>[vc_column_text]\n<h2 style=\"text-align: justify;\">Vorpunkte der Kandidaten<\/h2>\n[\/vc_column_text]<div  class=\"divider\"><\/div>[vc_column_text]\n<table width=\"265\">\n<tbody>\n<tr>\n<td width=\"189\">\n<p style=\"text-align: left;\">Kandidat<\/p>\n<\/td>\n<td width=\"76\">\n<p style=\"text-align: center;\">1<\/p>\n<\/td>\n<\/tr>\n<tr>\n<td width=\"189\">\n<p style=\"text-align: left;\">Endpunkte<\/p>\n<\/td>\n<td width=\"76\">\n<p style=\"text-align: center;\">8,0<\/p>\n<\/td>\n<\/tr>\n<tr>\n<td width=\"189\">\n<p style=\"text-align: left;\">Endnote<\/p>\n<\/td>\n<td width=\"76\">\n<p style=\"text-align: center;\">8,0<\/p>\n<\/td>\n<\/tr>\n<\/tbody>\n<\/table>\n[\/vc_column_text]<div  class=\"divider\"><\/div>[vc_column_text]\n<h2 style=\"text-align: justify;\">Zur Sache:<\/h2>\n<p><strong>Pr\u00fcfungsstoff: <\/strong>protokollfest<\/p>\n<p><strong>Pr\u00fcfungsthemen:<\/strong> S- Betriebliche \u00dcbung &#8211; Abgrenzung Arbeitsvertrag selbstst\u00e4ndig \/ unselbstst\u00e4ndig &#8211; au\u00dferordentliche K\u00fcndigung , wichtiger Grund<\/p>\n<p><strong>Paragraphen: <\/strong><a href=\"https:\/\/dejure.org\/gesetze\/BGB\/626.html\" target=\"_blank\" title=\"&sect; 626 BGB: Fristlose K&uuml;ndigung aus wichtigem Grund\">\u00a7626 BGB<\/a>, <a href=\"https:\/\/dejure.org\/gesetze\/BGB\/611a.html\" target=\"_blank\" title=\"&sect; 611a BGB: Arbeitsvertrag\">\u00a7611a BGB<\/a><\/p>\n<p style=\"text-align: justify;\"><strong><span style=\"line-height: 1.5;\">Pr\u00fcfungsgespr\u00e4ch:<\/span><\/strong> Frage-Antwort-Diskussion, h\u00e4lt Reihenfolge ein, Intensivbefragung Einzelner, verfolgt Zwischenthemen, Fragestellung klar<\/p>\n[\/vc_column_text][vc_column_text]\n[\/vc_column_text][\/vc_column][\/vc_row][vc_row type=&#8220;in_container&#8220; scene_position=&#8220;center&#8220; text_color=&#8220;dark&#8220; text_align=&#8220;left&#8220; overlay_strength=&#8220;0.3&#8243;][vc_column column_padding=&#8220;no-extra-padding&#8220; column_padding_position=&#8220;all&#8220; background_color_opacity=&#8220;1&#8243; background_hover_color_opacity=&#8220;1&#8243; width=&#8220;1\/1&#8243;][vc_column_text]\n<h2 style=\"text-align: justify;\">Pr\u00fcfungsgespr\u00e4ch:<\/h2>\n<p style=\"text-align: justify;\">Fall 1 \u2013 Betriebliche \u00dcbung bez\u00fcglich Weihnachtsgeld: \u201eStellen Sie sich folgenden Fall vor: Ein Arbeitgeber hat \u00fcber f\u00fcnf Jahre hinweg seinen Arbeitnehmern ein Weihnachtsgeld in H\u00f6he eines halben Monatsgehaltes ausgezahlt. Es gab nie eine vertragliche Regelung, auch keine Betriebsvereinbarung oder tarifliche Grundlage. Dieses Jahr m\u00f6chte der Arbeitgeber das Weihnachtsgeld nicht mehr zahlen, weil die wirtschaftliche Situation schlechter ist. Die Arbeitnehmer berufen sich auf eine betriebliche \u00dcbung und verlangen das Weihnachtsgeld. Bitte erl\u00e4utern Sie mir: 1. Was versteht man unter einer betrieblichen \u00dcbung? 2. Welche rechtlichen Voraussetzungen m\u00fcssen, erf\u00fcllt sein, damit eine betriebliche \u00dcbung entsteht? 3. Ist hier eine betriebliche \u00dcbung entstanden? 4. Wie k\u00f6nnte sich der Arbeitgeber unter Umst\u00e4nden gegen eine betriebliche \u00dcbung absichern?\u201c Du erkl\u00e4rst, dass eine betriebliche \u00dcbung ein gleichf\u00f6rmiges, wiederholtes Verhalten des Arbeitgebers ist, aus dem Arbeitnehmer schlie\u00dfen d\u00fcrfen, dass dieses Verhalten auch k\u00fcnftig fortgesetzt wird. Klassische Beispiele: Weihnachtsgeld, Urlaubsgeld, regelm\u00e4\u00dfige Sonderzahlungen, zus\u00e4tzliche Urlaubstage. Wesentliche Voraussetzungen: \u2022 Wiederholtes Verhalten \u00fcber mindestens 3 Jahre \u2022 Gleichf\u00f6rmigkeit und Regelm\u00e4\u00dfigkeit \u2022 Empf\u00e4nglicher Arbeitnehmerkreis \u2022 Vertrauensschutz \/ Erwartungshaltung Dann ordnest du den Fall ein: Ja, eine betriebliche \u00dcbung ist entstanden, weil f\u00fcnf Jahre Weihnachtsgeld gezahlt wurde. Fall 2 \u2013 IT-Berater: Selbstst\u00e4ndig oder doch Arbeitnehmer? \u201eEin mittelst\u00e4ndisches Unternehmen engagiert einen IT-Berater. Der Berater arbeitet seit 18 Monaten regelm\u00e4\u00dfig im Unternehmen, hat einen eigenen Laptop, aber: \u2022 er arbeitet montags bis freitags von 9 bis 17 Uhr im B\u00fcro, \u2022 er bekommt Arbeitsanweisungen von einem Vorgesetzten, \u2022 er nutzt die Infrastruktur des Unternehmens, \u2022 er hat im Jahr nur einen weiteren Auftrag gehabt, \u2022 die Verg\u00fctung erfolgt monatlich, immer gleich hoch, \u2022 er nimmt an Teammeetings teil und hat eine Firmen-E-Mail-Adresse. Nun kommt die Deutsche Rentenversicherung zu einer Pr\u00fcfung und stellt die Frage, ob der Berater wirklich selbstst\u00e4ndig ist. Ich m\u00f6chte von Ihnen wissen: 1. Was sind die Abgrenzungskriterien zwischen selbstst\u00e4ndiger und unselbstst\u00e4ndiger T\u00e4tigkeit? 2. Wie w\u00fcrden Sie den konkreten Fall rechtlich bewerten? 3. Welche Folgen hat es, wenn eine Scheinselbstst\u00e4ndigkeit vorliegt?\u201c Fall 3 \u2013 Fristlose K\u00fcndigung wegen Beleidigung \u201eStellen Sie sich vor: Ein Arbeitnehmer, Herr M., arbeitet seit 14 Jahren im Unternehmen, hat bisher keine Abmahnungen erhalten und gilt als zuverl\u00e4ssig. Bei einem Streit mit seinem Vorgesetzten ruft er diesem zu: \u201aSie sind ein unf\u00e4higer Idiot, und ich wei\u00df nicht, wie jemand wie Sie \u00fcberhaupt F\u00fchrungskraft werden konnte!\u2018 Der Arbeitgeber k\u00fcndigt daraufhin fristlos. Bitte analysieren Sie den Fall: 1. Was sind die gesetzlichen Voraussetzungen einer au\u00dferordentlichen K\u00fcndigung? 2. Welche Rolle spielt die Interessenabw\u00e4gung? 3. Ist dieser Fall ein wichtiger Grund f\u00fcr eine fristlose K\u00fcndigung? 4. W\u00e4re eine Abmahnung notwendig gewesen?\u201c Dann war die Zeit auch abgelaufen.<\/p>\n[\/vc_column_text]<div  class=\"divider\"><\/div>[vc_column_text]\n<p style=\"text-align: justify;\">Bei den obigen anonymisierten Protokollen handelt es sich um eine Original-Mitschrift aus dem ersten Staatsexamen der <strong>M\u00fcndlichen Pr\u00fcfung in Rheinland-Pfalz von Dezember 2025.<\/strong>\u00a0Das Protokoll stammt aus dem Fundus des Protokollverleihs\u00a0<a href=\"http:\/\/www.juridicus.de\/pruefungsprotokolle\">Juridicus.de<\/a>.<\/p>\n<p style=\"text-align: justify;\">Weggelassen wurden die Angaben zum Pr\u00fcferverhalten. Die Schilderung des Falles und die L\u00f6sung beruhen ausschlie\u00dflich auf der Wahrnehmung des Pr\u00fcflings.<\/p>\n[\/vc_column_text][\/vc_column][\/vc_row]\n","protected":false},"excerpt":{"rendered":"<p>[vc_row type=&#8220;in_container&#8220; scene_position=&#8220;center&#8220; text_color=&#8220;dark&#8220; text_align=&#8220;left&#8220; overlay_strength=&#8220;0.3&#8243;][vc_column column_padding=&#8220;no-extra-padding&#8220; column_padding_position=&#8220;all&#8220; background_color_opacity=&#8220;1&#8243; background_hover_color_opacity=&#8220;1&#8243; width=&#8220;1\/1&#8243;][\/vc_column][\/vc_row][vc_row type=&#8220;in_container&#8220; scene_position=&#8220;center&#8220; text_color=&#8220;dark&#8220; text_align=&#8220;left&#8220; overlay_strength=&#8220;0.3&#8243;][vc_column column_padding=&#8220;no-extra-padding&#8220; column_padding_position=&#8220;all&#8220; background_color_opacity=&#8220;1&#8243; background_hover_color_opacity=&#8220;1&#8243; width=&#8220;1\/1&#8243;][vc_column_text] Pr\u00fcfungsthemen: Zivilrecht [\/vc_column_text][vc_column_text] Vorpunkte der Kandidaten [\/vc_column_text][vc_column_text] Kandidat 1 Endpunkte 8,0 Endnote 8,0 [\/vc_column_text][vc_column_text] Zur Sache: Pr\u00fcfungsstoff: protokollfest Pr\u00fcfungsthemen: S- Betriebliche \u00dcbung &#8211; Abgrenzung Arbeitsvertrag selbstst\u00e4ndig \/ unselbstst\u00e4ndig &#8211; au\u00dferordentliche K\u00fcndigung , wichtiger Grund Paragraphen: \u00a7626 BGB, \u00a7611a BGB Pr\u00fcfungsgespr\u00e4ch: Frage-Antwort-Diskussion, h\u00e4lt Reihenfolge ein, Intensivbefragung Einzelner, verfolgt Zwischenthemen, Fragestellung&#8230;<\/p>\n","protected":false},"author":1755,"featured_media":0,"comment_status":"open","ping_status":"open","sticky":false,"template":"","format":"standard","meta":{"footnotes":""},"categories":[2024,2010,55,1703],"tags":[],"class_list":["post-18388","post","type-post","status-publish","format-standard","hentry","category-1-staatsexamen","category-protokolle","category-magazin","category-zivilrecht-rechtsgebiet"],"_links":{"self":[{"href":"https:\/\/www.juridicus.de\/blog\/wp-json\/wp\/v2\/posts\/18388","targetHints":{"allow":["GET"]}}],"collection":[{"href":"https:\/\/www.juridicus.de\/blog\/wp-json\/wp\/v2\/posts"}],"about":[{"href":"https:\/\/www.juridicus.de\/blog\/wp-json\/wp\/v2\/types\/post"}],"author":[{"embeddable":true,"href":"https:\/\/www.juridicus.de\/blog\/wp-json\/wp\/v2\/users\/1755"}],"replies":[{"embeddable":true,"href":"https:\/\/www.juridicus.de\/blog\/wp-json\/wp\/v2\/comments?post=18388"}],"version-history":[{"count":2,"href":"https:\/\/www.juridicus.de\/blog\/wp-json\/wp\/v2\/posts\/18388\/revisions"}],"predecessor-version":[{"id":18415,"href":"https:\/\/www.juridicus.de\/blog\/wp-json\/wp\/v2\/posts\/18388\/revisions\/18415"}],"wp:attachment":[{"href":"https:\/\/www.juridicus.de\/blog\/wp-json\/wp\/v2\/media?parent=18388"}],"wp:term":[{"taxonomy":"category","embeddable":true,"href":"https:\/\/www.juridicus.de\/blog\/wp-json\/wp\/v2\/categories?post=18388"},{"taxonomy":"post_tag","embeddable":true,"href":"https:\/\/www.juridicus.de\/blog\/wp-json\/wp\/v2\/tags?post=18388"}],"curies":[{"name":"wp","href":"https:\/\/api.w.org\/{rel}","templated":true}]}}