{"id":18441,"date":"2026-03-07T09:00:51","date_gmt":"2026-03-07T08:00:51","guid":{"rendered":"https:\/\/www.juridicus.de\/blog\/?p=18441"},"modified":"2026-03-01T12:20:04","modified_gmt":"2026-03-01T11:20:04","slug":"gedaechtnisprotokoll-einer-echten-klausur-zum-2-staatsexamen-rheinland-pfalz-vom-april-2025-4","status":"publish","type":"post","link":"https:\/\/www.juridicus.de\/blog\/gedaechtnisprotokoll-einer-echten-klausur-zum-2-staatsexamen-rheinland-pfalz-vom-april-2025-4\/","title":{"rendered":"Ged\u00e4chtnisprotokoll einer echten Klausur zum 2. Staatsexamen &#8211; Rheinland-Pfalz vom April 2025"},"content":{"rendered":"[vc_row type=&#8220;in_container&#8220; scene_position=&#8220;center&#8220; text_color=&#8220;dark&#8220; text_align=&#8220;left&#8220; overlay_strength=&#8220;0.3&#8243;][vc_column column_padding=&#8220;no-extra-padding&#8220; column_padding_position=&#8220;all&#8220; background_color_opacity=&#8220;1&#8243; background_hover_color_opacity=&#8220;1&#8243; width=&#8220;1\/1&#8243;]<div  class=\"divider\"><\/div>[vc_column_text]\n<h2>Pr\u00fcfungsfach:\u00a0 \u00d6ffentliches Recht<\/h2>\n[\/vc_column_text][\/vc_column][\/vc_row][vc_row type=&#8220;in_container&#8220; scene_position=&#8220;center&#8220; text_color=&#8220;dark&#8220; text_align=&#8220;left&#8220; overlay_strength=&#8220;0.3&#8243;][vc_column column_padding=&#8220;no-extra-padding&#8220; column_padding_position=&#8220;all&#8220; background_color_opacity=&#8220;1&#8243; background_hover_color_opacity=&#8220;1&#8243; width=&#8220;1\/1&#8243;][vc_column_text]\n<h2 style=\"text-align: justify;\">Ged\u00e4chtnisprotokoll:<\/h2>\n<p style=\"text-align: justify;\">Es handelte sich um ein Fest bei einer Burg. Die Ordnungsbeh\u00f6rde forderte ein Sicherheitskonzept. Nach dem vorgelegten Konzept erlie\u00df die zust\u00e4ndige Beh\u00f6rde Auflagen. Die Auflagen sollten zu Gefahrenvorsorge getroffen werden Es waren mindestens zwei streitige Auflagen. Zum einen sollte ein Bauzaun vor eine Mauer gestellt werden, da sonst Personen auf der Mauer sitzen k\u00f6nnten und dies dazu f\u00fchren k\u00f6nnte, dass eine Person hinunterfallen k\u00f6nnte. Die Auflagen waren eine Gefahrenvorsorge im Sinne des \u00a7 26 Abs. 7 POG. Es musste gepr\u00fcft werden, ob die Auflagen eine Gefahrenvorsorge im Sinne des \u00a7 26 Abs. 7 POG entsprechen und ob diese verh\u00e4ltnism\u00e4\u00dfig waren. Au\u00dferdem musste <a href=\"https:\/\/dejure.org\/gesetze\/VwGO\/26.html\" target=\"_blank\" title=\"&sect; 26 VwGO [Wahlausschuss, Vertrauensleute]\">\u00a7 26 Abs. 7 VwGO<\/a> dahingehend gepr\u00fcft werden, ob die Veranstaltung den Voraussetzungen des \u00a7 26 POG entspricht. Es musste <a href=\"https:\/\/dejure.org\/gesetze\/VwGO\/80.html\" target=\"_blank\" title=\"&sect; 80 VwGO [Aufschiebende Wirkung, vorl&auml;ufiger Rechtsschutz]\">\u00a7 80 Absatz 5 VwGO<\/a> als Eilrechtschutz gepr\u00fcft werden, da das Fest bald stattfinden sollte. Es waren alle klassischen Probleme des Eilrechtschutzes zu pr\u00fcfen. Die Klausur war als Gutachten hinsichtlich der Erfolgsaussichten eines Eilrechtschutzverfahrens zu pr\u00fcfen.<\/p>\n[\/vc_column_text]<div  class=\"divider\"><\/div>[vc_column_text]\n<p style=\"text-align: justify;\">Bei den obigen Klausurprotokoll handelt es sich um das Ged\u00e4chtnisprotokoll einer <b>echten Klausur vom April 2025 im zweiten Staatsexamen in Rheinland-Pfalz. <\/b>Das Protokoll stammt aus dem Fundus des Protokollverleihs\u00a0<a href=\"http:\/\/www.juridicus.de\/pruefungsprotokolle\">Juridicus.de<\/a>.<\/p>\n<p style=\"text-align: justify;\">Die Schilderung des Falles und die L\u00f6sung beruhen ausschlie\u00dflich auf der Wahrnehmung des Pr\u00fcflings.<\/p>\n[\/vc_column_text][\/vc_column][\/vc_row][vc_row type=&#8220;full_width_background&#8220; scene_position=&#8220;center&#8220; text_color=&#8220;dark&#8220; text_align=&#8220;left&#8220; overlay_strength=&#8220;0.3&#8243;][vc_column column_padding=&#8220;no-extra-padding&#8220; column_padding_position=&#8220;all&#8220; background_color_opacity=&#8220;1&#8243; background_hover_color_opacity=&#8220;1&#8243; width=&#8220;1\/1&#8243;]<div  class=\"divider-border\"><\/div>[\/vc_column][\/vc_row]\n","protected":false},"excerpt":{"rendered":"<p>[vc_row type=&#8220;in_container&#8220; scene_position=&#8220;center&#8220; text_color=&#8220;dark&#8220; text_align=&#8220;left&#8220; overlay_strength=&#8220;0.3&#8243;][vc_column column_padding=&#8220;no-extra-padding&#8220; column_padding_position=&#8220;all&#8220; background_color_opacity=&#8220;1&#8243; background_hover_color_opacity=&#8220;1&#8243; width=&#8220;1\/1&#8243;][vc_column_text] Pr\u00fcfungsfach:\u00a0 \u00d6ffentliches Recht [\/vc_column_text][\/vc_column][\/vc_row][vc_row type=&#8220;in_container&#8220; scene_position=&#8220;center&#8220; text_color=&#8220;dark&#8220; text_align=&#8220;left&#8220; overlay_strength=&#8220;0.3&#8243;][vc_column column_padding=&#8220;no-extra-padding&#8220; column_padding_position=&#8220;all&#8220; background_color_opacity=&#8220;1&#8243; background_hover_color_opacity=&#8220;1&#8243; width=&#8220;1\/1&#8243;][vc_column_text] Ged\u00e4chtnisprotokoll: Es handelte sich um ein Fest bei einer Burg. Die Ordnungsbeh\u00f6rde forderte ein Sicherheitskonzept. Nach dem vorgelegten Konzept erlie\u00df die zust\u00e4ndige Beh\u00f6rde Auflagen. Die Auflagen sollten zu Gefahrenvorsorge getroffen werden Es waren mindestens zwei streitige Auflagen. Zum einen sollte ein Bauzaun vor eine Mauer&#8230;<\/p>\n","protected":false},"author":1755,"featured_media":0,"comment_status":"open","ping_status":"open","sticky":false,"template":"","format":"standard","meta":{"footnotes":""},"categories":[2223,2221,1711,55],"tags":[],"class_list":["post-18441","post","type-post","status-publish","format-standard","hentry","category-2-staatsexamen-klausurprotokoll","category-klausurprotokoll","category-offentliches-recht-rechtsgebiet","category-magazin"],"_links":{"self":[{"href":"https:\/\/www.juridicus.de\/blog\/wp-json\/wp\/v2\/posts\/18441","targetHints":{"allow":["GET"]}}],"collection":[{"href":"https:\/\/www.juridicus.de\/blog\/wp-json\/wp\/v2\/posts"}],"about":[{"href":"https:\/\/www.juridicus.de\/blog\/wp-json\/wp\/v2\/types\/post"}],"author":[{"embeddable":true,"href":"https:\/\/www.juridicus.de\/blog\/wp-json\/wp\/v2\/users\/1755"}],"replies":[{"embeddable":true,"href":"https:\/\/www.juridicus.de\/blog\/wp-json\/wp\/v2\/comments?post=18441"}],"version-history":[{"count":5,"href":"https:\/\/www.juridicus.de\/blog\/wp-json\/wp\/v2\/posts\/18441\/revisions"}],"predecessor-version":[{"id":18447,"href":"https:\/\/www.juridicus.de\/blog\/wp-json\/wp\/v2\/posts\/18441\/revisions\/18447"}],"wp:attachment":[{"href":"https:\/\/www.juridicus.de\/blog\/wp-json\/wp\/v2\/media?parent=18441"}],"wp:term":[{"taxonomy":"category","embeddable":true,"href":"https:\/\/www.juridicus.de\/blog\/wp-json\/wp\/v2\/categories?post=18441"},{"taxonomy":"post_tag","embeddable":true,"href":"https:\/\/www.juridicus.de\/blog\/wp-json\/wp\/v2\/tags?post=18441"}],"curies":[{"name":"wp","href":"https:\/\/api.w.org\/{rel}","templated":true}]}}