{"id":18452,"date":"2026-03-12T12:00:34","date_gmt":"2026-03-12T11:00:34","guid":{"rendered":"https:\/\/www.juridicus.de\/blog\/?p=18452"},"modified":"2026-03-02T10:53:08","modified_gmt":"2026-03-02T09:53:08","slug":"protokoll-der-muendlichen-pruefung-zum-2-staatsexamen-saarland-vom-februar-2026","status":"publish","type":"post","link":"https:\/\/www.juridicus.de\/blog\/protokoll-der-muendlichen-pruefung-zum-2-staatsexamen-saarland-vom-februar-2026\/","title":{"rendered":"Protokoll der m\u00fcndlichen Pr\u00fcfung zum 2. Staatsexamen &#8211; Saarland vom Februar 2026"},"content":{"rendered":"[vc_row type=&#8220;in_container&#8220; scene_position=&#8220;center&#8220; text_color=&#8220;dark&#8220; text_align=&#8220;left&#8220; overlay_strength=&#8220;0.3&#8243;][vc_column column_padding=&#8220;no-extra-padding&#8220; column_padding_position=&#8220;all&#8220; background_color_opacity=&#8220;1&#8243; background_hover_color_opacity=&#8220;1&#8243; width=&#8220;1\/1&#8243;][\/vc_column][\/vc_row][vc_row type=&#8220;in_container&#8220; scene_position=&#8220;center&#8220; text_color=&#8220;dark&#8220; text_align=&#8220;left&#8220; overlay_strength=&#8220;0.3&#8243;][vc_column column_padding=&#8220;no-extra-padding&#8220; column_padding_position=&#8220;all&#8220; background_color_opacity=&#8220;1&#8243; background_hover_color_opacity=&#8220;1&#8243; width=&#8220;1\/1&#8243;][vc_column_text]\n<h2>Pr\u00fcfungsthemen: \u00d6ffentliches Recht<\/h2>\n[\/vc_column_text]<div  class=\"divider\"><\/div>[vc_column_text]\n<h2>Vorpunkte der Kandidaten<\/h2>\n[\/vc_column_text]<div  class=\"divider\"><\/div>[vc_column_text]\n<table style=\"width: 259px;\" width=\"265\">\n<tbody>\n<tr>\n<td style=\"width: 175.052px;\">\n<p style=\"text-align: left;\">Kandidat<\/p>\n<\/td>\n<td style=\"width: 69.9826px;\">\n<p style=\"text-align: center;\">1<\/p>\n<\/td>\n<\/tr>\n<tr>\n<td style=\"width: 175.052px;\">\n<p style=\"text-align: left;\">Endpunkte<\/p>\n<\/td>\n<td style=\"width: 69.9826px;\">\n<p style=\"text-align: center;\">11,11<\/p>\n<\/td>\n<\/tr>\n<tr>\n<td style=\"width: 175.052px;\">\n<p style=\"text-align: left;\">Endnote<\/p>\n<\/td>\n<td style=\"width: 69.9826px;\">\n<p style=\"text-align: center;\">12,38<\/p>\n<\/td>\n<\/tr>\n<tr>\n<td style=\"width: 175.052px;\">\n<p style=\"text-align: left;\">Endnote 1. Examen<\/p>\n<\/td>\n<td style=\"width: 69.9826px;\">\n<p style=\"text-align: center;\">10,88<\/p>\n<\/td>\n<\/tr>\n<\/tbody>\n<\/table>\n[\/vc_column_text]<div  class=\"divider\"><\/div>[vc_column_text]\n<h2 style=\"text-align: justify;\">Zur Sache:<\/h2>\n<p style=\"text-align: justify;\"><strong>Pr\u00fcfungsstoff: <\/strong>aktuelle F\u00e4lle<\/p>\n<p style=\"text-align: justify;\"><strong>Pr\u00fcfungsthemen:<\/strong> Er\u00f6ffnung des Verwaltungsrechtswegs; Streitigkeit nicht verfassungsrechtlicher Art; Ersch\u00f6pfung des Rechtswegs; Verfassungsbeschwerde<\/p>\n<p style=\"text-align: justify;\"><strong>Paragraphen:<\/strong> <a href=\"https:\/\/dejure.org\/gesetze\/VwGO\/40.html\" target=\"_blank\" title=\"&sect; 40 VwGO [Verwaltungsrechtsweg]\">\u00a740 VwGO<\/a>, <a href=\"https:\/\/dejure.org\/gesetze\/VwGO\/152.html\" target=\"_blank\" title=\"&sect; 152 VwGO [Beschwerde zum Bundesverwaltungsgericht]\">\u00a7152 VwGO<\/a><\/p>\n<p style=\"text-align: justify;\"><strong><span style=\"line-height: 1.5;\">Pr\u00fcfungsgespr\u00e4ch: <\/span><\/strong><span style=\"line-height: 1.5;\">Frage-Antwort, h\u00e4lt Reihenfolge ein, l\u00e4sst Meldungen zu, Fragestellung klar<\/span><\/p>\n[\/vc_column_text][vc_column_text]\n[\/vc_column_text][\/vc_column][\/vc_row][vc_row type=&#8220;in_container&#8220; scene_position=&#8220;center&#8220; text_color=&#8220;dark&#8220; text_align=&#8220;left&#8220; overlay_strength=&#8220;0.3&#8243;][vc_column column_padding=&#8220;no-extra-padding&#8220; column_padding_position=&#8220;all&#8220; background_color_opacity=&#8220;1&#8243; background_hover_color_opacity=&#8220;1&#8243; width=&#8220;1\/1&#8243;][vc_column_text]\n<h2 style=\"text-align: justify;\">Pr\u00fcfungsgespr\u00e4ch:<\/h2>\n<p style=\"text-align: justify;\">Zu Beginn der Pr\u00fcfung teilte der Pr\u00fcfer uns einen Fall aus. Zusammengefasst handelte es sich um folgenden Sachverhalt: Der Landtag des Saarlandes (Ausschuss f\u00fcr Finanzen) m\u00f6chte beim Innenministerium eine Anfrage stellen. Dieses hatte eine sog. Steuer-CD erworben und sollte nun Auskunft etwa \u00fcber Namen und Anschrift der dort gelisteten Personen enthalten. Sp\u00e4ter wird dann die Anfrage begrenzt, es sollen nur noch solche Daten von Personen mitgeteilt werden, die etwa eine Selbstanzeige bei den Steuerbeh\u00f6rden vorgenommen hatten. Vor der Auskunftserteilung solle aber nochmal ein Schreiben an die Betroffenen mit M\u00f6glichkeit des Rechtsschutzes ergehen. Ein Betroffener fragt sich nun, ob er gegen die Auskunftserteilung vor dem VG vorgehen kann, er m\u00f6chte die Unterlassung dieser und reicht beim VG einen Antrag im vorl\u00e4ufigen Rechtsschutz ein gegen den Ausschuss des Landtags des Saarlandes. Die Pr\u00fcfung begann mit der Frage, wie man als Einzelrichter am VG, dem die Sache \u00fcbertragen wurde nun vorgeht, ob man diese etwa wieder an die Kammer &#8222;zur\u00fcckgeben&#8220; k\u00f6nne. Dann war die Frage, was der Vorsitzende sodann \u00fcbernehmen kann in der Bearbeitung der Akte. Dann pr\u00fcften wir die Er\u00f6ffnung des Verwaltungsrechtswegs und kamen zu der Rechtsprechung des BVerwG, wonach es keiner doppelten Verfassungsunmittelbarkeit mehr bed\u00fcrfe, Wir arbeiteten die Kriterien des Gerichts heraus und subsumierten. Es ging sodann darum, nachdem eine Beschwerde beim OVG gescheitert war (hier sollten wir herausarbeiten, dass das Rechtsschutzbed\u00fcrfnis fehlt), ging es um die Frage der Verfassungsbeschwerde zum Verfassungsgerichtshof des Saarlandes, hier war also mit den Landesnormen zu arbeiten. Zum Ende wurde kurz gegen das Ministerium ein \u00f6ffentlich-rechtlicher Unterlassungsanspruch gepr\u00fcft mit dem Recht auf informationelle Selbstbestimmung.<\/p>\n[\/vc_column_text]<div  class=\"divider\"><\/div>[vc_column_text]\n<p style=\"text-align: justify;\">Bei den obigen anonymisierten Protokollen handelt es sich um eine Original-Mitschrift aus dem zweiten Staatsexamen der\u00a0<strong>M\u00fcndlichen Pr\u00fcfung im Saarland vom Februar 2026<\/strong>. Das Protokoll stammt aus dem Fundus des Protokollverleihs\u00a0<a href=\"http:\/\/www.juridicus.de\/pruefungsprotokolle\">Juridicus.de<\/a>.<\/p>\n<p style=\"text-align: justify;\">Weggelassen wurden die Angaben zum Pr\u00fcferverhalten. Die Schilderung des Falles und die L\u00f6sung beruhen ausschlie\u00dflich auf der Wahrnehmung des Pr\u00fcflings.<\/p>\n[\/vc_column_text][\/vc_column][\/vc_row]\n","protected":false},"excerpt":{"rendered":"<p>[vc_row type=&#8220;in_container&#8220; scene_position=&#8220;center&#8220; text_color=&#8220;dark&#8220; text_align=&#8220;left&#8220; overlay_strength=&#8220;0.3&#8243;][vc_column column_padding=&#8220;no-extra-padding&#8220; column_padding_position=&#8220;all&#8220; background_color_opacity=&#8220;1&#8243; background_hover_color_opacity=&#8220;1&#8243; width=&#8220;1\/1&#8243;][\/vc_column][\/vc_row][vc_row type=&#8220;in_container&#8220; scene_position=&#8220;center&#8220; text_color=&#8220;dark&#8220; text_align=&#8220;left&#8220; overlay_strength=&#8220;0.3&#8243;][vc_column column_padding=&#8220;no-extra-padding&#8220; column_padding_position=&#8220;all&#8220; background_color_opacity=&#8220;1&#8243; background_hover_color_opacity=&#8220;1&#8243; width=&#8220;1\/1&#8243;][vc_column_text] Pr\u00fcfungsthemen: \u00d6ffentliches Recht [\/vc_column_text][vc_column_text] Vorpunkte der Kandidaten [\/vc_column_text][vc_column_text] Kandidat 1 Endpunkte 11,11 Endnote 12,38 Endnote 1. Examen 10,88 [\/vc_column_text][vc_column_text] Zur Sache: Pr\u00fcfungsstoff: aktuelle F\u00e4lle Pr\u00fcfungsthemen: Er\u00f6ffnung des Verwaltungsrechtswegs; Streitigkeit nicht verfassungsrechtlicher Art; Ersch\u00f6pfung des Rechtswegs; Verfassungsbeschwerde Paragraphen: \u00a740 VwGO, \u00a7152 VwGO Pr\u00fcfungsgespr\u00e4ch: Frage-Antwort, h\u00e4lt Reihenfolge ein, l\u00e4sst Meldungen zu,&#8230;<\/p>\n","protected":false},"author":1755,"featured_media":0,"comment_status":"open","ping_status":"open","sticky":false,"template":"","format":"standard","meta":{"footnotes":""},"categories":[2025,1711,2010,55],"tags":[],"class_list":["post-18452","post","type-post","status-publish","format-standard","hentry","category-2-staatsexamen","category-offentliches-recht-rechtsgebiet","category-protokolle","category-magazin"],"_links":{"self":[{"href":"https:\/\/www.juridicus.de\/blog\/wp-json\/wp\/v2\/posts\/18452","targetHints":{"allow":["GET"]}}],"collection":[{"href":"https:\/\/www.juridicus.de\/blog\/wp-json\/wp\/v2\/posts"}],"about":[{"href":"https:\/\/www.juridicus.de\/blog\/wp-json\/wp\/v2\/types\/post"}],"author":[{"embeddable":true,"href":"https:\/\/www.juridicus.de\/blog\/wp-json\/wp\/v2\/users\/1755"}],"replies":[{"embeddable":true,"href":"https:\/\/www.juridicus.de\/blog\/wp-json\/wp\/v2\/comments?post=18452"}],"version-history":[{"count":1,"href":"https:\/\/www.juridicus.de\/blog\/wp-json\/wp\/v2\/posts\/18452\/revisions"}],"predecessor-version":[{"id":18453,"href":"https:\/\/www.juridicus.de\/blog\/wp-json\/wp\/v2\/posts\/18452\/revisions\/18453"}],"wp:attachment":[{"href":"https:\/\/www.juridicus.de\/blog\/wp-json\/wp\/v2\/media?parent=18452"}],"wp:term":[{"taxonomy":"category","embeddable":true,"href":"https:\/\/www.juridicus.de\/blog\/wp-json\/wp\/v2\/categories?post=18452"},{"taxonomy":"post_tag","embeddable":true,"href":"https:\/\/www.juridicus.de\/blog\/wp-json\/wp\/v2\/tags?post=18452"}],"curies":[{"name":"wp","href":"https:\/\/api.w.org\/{rel}","templated":true}]}}