{"id":18517,"date":"2026-04-28T12:00:41","date_gmt":"2026-04-28T10:00:41","guid":{"rendered":"https:\/\/www.juridicus.de\/blog\/?p=18517"},"modified":"2026-04-21T12:32:26","modified_gmt":"2026-04-21T10:32:26","slug":"protokoll-der-muendlichen-pruefung-zum-1-staatsexamen-brandenburg-vom-maerz-2026","status":"publish","type":"post","link":"https:\/\/www.juridicus.de\/blog\/protokoll-der-muendlichen-pruefung-zum-1-staatsexamen-brandenburg-vom-maerz-2026\/","title":{"rendered":"Protokoll der m\u00fcndlichen Pr\u00fcfung zum 1. Staatsexamen &#8211; Brandenburg vom M\u00e4rz 2026"},"content":{"rendered":"[vc_row type=&#8220;in_container&#8220; scene_position=&#8220;center&#8220; text_color=&#8220;dark&#8220; text_align=&#8220;left&#8220; overlay_strength=&#8220;0.3&#8243;][vc_column column_padding=&#8220;no-extra-padding&#8220; column_padding_position=&#8220;all&#8220; background_color_opacity=&#8220;1&#8243; background_hover_color_opacity=&#8220;1&#8243; width=&#8220;1\/1&#8243;][vc_column_text]\n<h2>Pr\u00fcfungsthemen: \u00d6ffentliches Recht<\/h2>\n[\/vc_column_text]<div  class=\"divider\"><\/div>[vc_column_text]\n<h2 style=\"text-align: justify;\">Vorpunkte der Kandidaten<\/h2>\n[\/vc_column_text][vc_column_text]\n<table style=\"width: 259px;\" width=\"265\">\n<tbody>\n<tr>\n<td style=\"width: 172.65px;\">\n<p style=\"text-align: left;\">Kandidat<\/p>\n<\/td>\n<td style=\"width: 71.5687px;\">\n<p style=\"text-align: center;\">1<\/p>\n<\/td>\n<\/tr>\n<tr>\n<td style=\"width: 172.65px;\">\n<p style=\"text-align: left;\">Endpunkte<\/p>\n<\/td>\n<td style=\"width: 71.5687px;\">\n<p style=\"text-align: center;\">6,72<\/p>\n<\/td>\n<\/tr>\n<tr>\n<td style=\"width: 172.65px;\">\n<p style=\"text-align: left;\">Endnote<\/p>\n<\/td>\n<td style=\"width: 71.5687px;\">\n<p style=\"text-align: center;\">8,2<\/p>\n<\/td>\n<\/tr>\n<\/tbody>\n<\/table>\n[\/vc_column_text]<div  class=\"divider\"><\/div>[vc_column_text]\n<h2 style=\"text-align: justify;\">Zur Sache:<\/h2>\n<p style=\"text-align: justify;\"><strong>Pr\u00fcfungsstoff: <\/strong>protokollfest<\/p>\n<p style=\"text-align: left;\"><strong>Pr\u00fcfungsthemen:\u00a0<\/strong>Baurecht, Nutzungsuntersagung, Innenbereich, Au\u00dfenbereich<\/p>\n<p style=\"text-align: justify;\"><strong>Paragraphen: <\/strong><a href=\"https:\/\/dejure.org\/gesetze\/VwGO\/123.html\">\u00a0\u00a734 BauGB, \u00a735 BauGB<\/a><\/p>\n<p style=\"text-align: justify;\"><strong><span style=\"line-height: 1.5;\">Pr\u00fcfungsgespr\u00e4ch:<\/span><\/strong><span style=\"line-height: 1.5;\"> Frage-Antwort, h\u00e4lt Reihenfolge ein, Intensivbefragung Einzelner, hart am Fall<\/span><\/p>\n[\/vc_column_text][vc_column_text]\n[\/vc_column_text][\/vc_column][\/vc_row][vc_row type=&#8220;in_container&#8220; scene_position=&#8220;center&#8220; text_color=&#8220;dark&#8220; text_align=&#8220;left&#8220; overlay_strength=&#8220;0.3&#8243;][vc_column column_padding=&#8220;no-extra-padding&#8220; column_padding_position=&#8220;all&#8220; background_color_opacity=&#8220;1&#8243; background_hover_color_opacity=&#8220;1&#8243; width=&#8220;1\/1&#8243;][vc_column_text]\n<h2 style=\"text-align: justify;\">Pr\u00fcfungsgespr\u00e4ch:<\/h2>\n<p style=\"text-align: justify;\">Nachdem wir unseren Aktenvortrag im \u00d6ffentlichen Recht gehalten hatten, der ein unbekanntes Rechtsgebiet des Verwaltungsrechts behandelte und prozessual in ein Eilrechtsverfahren eingebettet war, pr\u00fcfte der Pr\u00fcfer im anschlie\u00dfenden Gespr\u00e4ch ausschlie\u00dflich Verwaltungsrecht \u2013 genauer gesagt Baurecht. Wie auch aus anderen Pr\u00fcfungsprotokollen hervorgeht, liegt hier offenbar ein Pr\u00fcfungsschwerpunkt von ihm. Zu Beginn schilderte der Pr\u00fcfer einen l\u00e4ngeren Fall, bei dem man beim Mitschreiben konzentriert bleiben musste, um nicht den \u00dcberblick zu verlieren. In dem Fall wollte eine Person im Au\u00dfenbereich \u2013 was sich bereits aus der Schilderung deutlich ergab \u2013 auf einem ehemaligen landwirtschaftlichen Betrieb die Fassade eines alten Hauses erhalten und darin wohnen, ohne \u00fcber eine Baugenehmigung zu verf\u00fcgen. Der Pr\u00fcfer fragte daraufhin nach der Erm\u00e4chtigungsgrundlage f\u00fcr eine Nutzungsuntersagung (\u00a7 80 Abs. 1 Satz 2 BGBBO; alle Pr\u00fcfungsteilnehmenden kamen aus Brandenburg). Im weiteren Verlauf pr\u00fcften wir den Fall lehrbuchartig durch: Besteht eine Baugenehmigungspflicht f\u00fcr das Vorhaben? Liegt das Grundst\u00fcck im Innen- oder Au\u00dfenbereich? Welche Voraussetzungen \u2013 formelle und materielle Illegalit\u00e4t \u2013 m\u00fcssen f\u00fcr eine Nutzungsuntersagung vorliegen? An einer Stelle wollte der Pr\u00fcfer zudem wissen, wo im BauGB die Vorschriften zur Landwirtschaft geregelt sind (<a href=\"https:\/\/dejure.org\/gesetze\/BauGB\/201.html\" target=\"_blank\" title=\"&sect; 201 BauGB: Begriff der Landwirtschaft\">\u00a7 201 BauGB<\/a>). Insgesamt kamen wir gut durch die Fallpr\u00fcfung, was auch daran lag, dass der Fall keine prozessuale Einkleidung hatte. Der Pr\u00fcfer pr\u00fcft nicht streng der Reihe nach, sondern springt zwischen den Kandidaten hin und her und fragt dabei teils l\u00e4nger nach. Dadurch wirkt das Gespr\u00e4ch etwas weniger fl\u00fcssig. Seine sachliche, eher n\u00fcchterne Art tr\u00e4gt ebenfalls nicht zu einer besonders lebendigen Pr\u00fcfung bei. Positiv hervorzuheben ist, dass er sehr auf die Zeit achtet (insbesondere beim Aktenvortrag) und alle Pr\u00fcflinge gleich lang befragt. Insgesamt ist das Pr\u00fcfungsgespr\u00e4ch bei diesem Pr\u00fcfer in Ordnung, sofern man sich auf seine Art einstellt \u2013 mitrei\u00dfend ist es allerdings nicht.<\/p>\n[\/vc_column_text]<div  class=\"divider\"><\/div>[vc_column_text]\n<p style=\"text-align: justify;\">Bei den obigen anonymisierten Protokollen handelt es sich um eine Original-Mitschrift aus dem ersten Staatsexamen der\u00a0<strong>M\u00fcndlichen Pr\u00fcfung in Brandenburg vom M\u00e4rz 2026<\/strong>. Das Protokoll stammt aus dem Fundus des Protokollverleihs\u00a0<a href=\"http:\/\/www.juridicus.de\/pruefungsprotokolle\">Juridicus.de<\/a>.<\/p>\n<p style=\"text-align: justify;\">Weggelassen wurden die Angaben zum Pr\u00fcferverhalten. Die Schilderung des Falles und die L\u00f6sung beruhen ausschlie\u00dflich auf der Wahrnehmung des Pr\u00fcflings.<\/p>\n[\/vc_column_text][\/vc_column][\/vc_row][vc_row type=&#8220;in_container&#8220; scene_position=&#8220;center&#8220; text_color=&#8220;dark&#8220; text_align=&#8220;left&#8220; overlay_strength=&#8220;0.3&#8243;][vc_column column_padding=&#8220;no-extra-padding&#8220; column_padding_position=&#8220;all&#8220; background_color_opacity=&#8220;1&#8243; background_hover_color_opacity=&#8220;1&#8243; width=&#8220;1\/1&#8243;][vc_column_text]\n[\/vc_column_text][\/vc_column][\/vc_row][vc_row type=&#8220;full_width_background&#8220; scene_position=&#8220;center&#8220; text_color=&#8220;dark&#8220; text_align=&#8220;left&#8220; overlay_strength=&#8220;0.3&#8243;][vc_column column_padding=&#8220;no-extra-padding&#8220; column_padding_position=&#8220;all&#8220; background_color_opacity=&#8220;1&#8243; background_hover_color_opacity=&#8220;1&#8243; width=&#8220;1\/1&#8243;]<div  class=\"divider\"><\/div>[\/vc_column][\/vc_row]\n","protected":false},"excerpt":{"rendered":"<p>[vc_row type=&#8220;in_container&#8220; scene_position=&#8220;center&#8220; text_color=&#8220;dark&#8220; text_align=&#8220;left&#8220; overlay_strength=&#8220;0.3&#8243;][vc_column column_padding=&#8220;no-extra-padding&#8220; column_padding_position=&#8220;all&#8220; background_color_opacity=&#8220;1&#8243; background_hover_color_opacity=&#8220;1&#8243; width=&#8220;1\/1&#8243;][vc_column_text] Pr\u00fcfungsthemen: \u00d6ffentliches Recht [\/vc_column_text][vc_column_text] Vorpunkte der Kandidaten [\/vc_column_text][vc_column_text] Kandidat 1 Endpunkte 6,72 Endnote 8,2 [\/vc_column_text][vc_column_text] Zur Sache: Pr\u00fcfungsstoff: protokollfest Pr\u00fcfungsthemen:\u00a0Baurecht, Nutzungsuntersagung, Innenbereich, Au\u00dfenbereich Paragraphen: \u00a0\u00a734 BauGB, \u00a735 BauGB Pr\u00fcfungsgespr\u00e4ch: Frage-Antwort, h\u00e4lt Reihenfolge ein, Intensivbefragung Einzelner, hart am Fall [\/vc_column_text][vc_column_text] [\/vc_column_text][\/vc_column][\/vc_row][vc_row type=&#8220;in_container&#8220; scene_position=&#8220;center&#8220; text_color=&#8220;dark&#8220; text_align=&#8220;left&#8220; overlay_strength=&#8220;0.3&#8243;][vc_column column_padding=&#8220;no-extra-padding&#8220; column_padding_position=&#8220;all&#8220; background_color_opacity=&#8220;1&#8243; background_hover_color_opacity=&#8220;1&#8243; width=&#8220;1\/1&#8243;][vc_column_text] Pr\u00fcfungsgespr\u00e4ch: Nachdem wir unseren Aktenvortrag im \u00d6ffentlichen Recht gehalten&#8230;<\/p>\n","protected":false},"author":1755,"featured_media":0,"comment_status":"open","ping_status":"open","sticky":false,"template":"","format":"standard","meta":{"footnotes":""},"categories":[2024,1711,2010,55],"tags":[],"class_list":["post-18517","post","type-post","status-publish","format-standard","hentry","category-1-staatsexamen","category-offentliches-recht-rechtsgebiet","category-protokolle","category-magazin"],"_links":{"self":[{"href":"https:\/\/www.juridicus.de\/blog\/wp-json\/wp\/v2\/posts\/18517","targetHints":{"allow":["GET"]}}],"collection":[{"href":"https:\/\/www.juridicus.de\/blog\/wp-json\/wp\/v2\/posts"}],"about":[{"href":"https:\/\/www.juridicus.de\/blog\/wp-json\/wp\/v2\/types\/post"}],"author":[{"embeddable":true,"href":"https:\/\/www.juridicus.de\/blog\/wp-json\/wp\/v2\/users\/1755"}],"replies":[{"embeddable":true,"href":"https:\/\/www.juridicus.de\/blog\/wp-json\/wp\/v2\/comments?post=18517"}],"version-history":[{"count":1,"href":"https:\/\/www.juridicus.de\/blog\/wp-json\/wp\/v2\/posts\/18517\/revisions"}],"predecessor-version":[{"id":18518,"href":"https:\/\/www.juridicus.de\/blog\/wp-json\/wp\/v2\/posts\/18517\/revisions\/18518"}],"wp:attachment":[{"href":"https:\/\/www.juridicus.de\/blog\/wp-json\/wp\/v2\/media?parent=18517"}],"wp:term":[{"taxonomy":"category","embeddable":true,"href":"https:\/\/www.juridicus.de\/blog\/wp-json\/wp\/v2\/categories?post=18517"},{"taxonomy":"post_tag","embeddable":true,"href":"https:\/\/www.juridicus.de\/blog\/wp-json\/wp\/v2\/tags?post=18517"}],"curies":[{"name":"wp","href":"https:\/\/api.w.org\/{rel}","templated":true}]}}