{"id":18677,"date":"2026-09-02T09:00:16","date_gmt":"2026-09-02T07:00:16","guid":{"rendered":"https:\/\/www.juridicus.de\/blog\/?p=18677"},"modified":"2026-08-25T13:46:38","modified_gmt":"2026-08-25T11:46:38","slug":"gedaechtnisprotokoll-einer-echten-klausur-zum-1-staatsexamen-niedersachsen-vom-april-2026","status":"publish","type":"post","link":"https:\/\/www.juridicus.de\/blog\/gedaechtnisprotokoll-einer-echten-klausur-zum-1-staatsexamen-niedersachsen-vom-april-2026\/","title":{"rendered":"Ged\u00e4chtnisprotokoll einer echten Klausur zum 1. Staatsexamen &#8211; Niedersachsen vom April 2026"},"content":{"rendered":"[vc_row type=&#8220;in_container&#8220; scene_position=&#8220;center&#8220; text_color=&#8220;dark&#8220; text_align=&#8220;left&#8220; overlay_strength=&#8220;0.3&#8243;][vc_column column_padding=&#8220;no-extra-padding&#8220; column_padding_position=&#8220;all&#8220; background_color_opacity=&#8220;1&#8243; background_hover_color_opacity=&#8220;1&#8243; width=&#8220;1\/1&#8243;]<div  class=\"divider\"><\/div>[vc_column_text]\n<h2>Pr\u00fcfungsfach:\u00a0 Zivilrecht<\/h2>\n[\/vc_column_text][\/vc_column][\/vc_row][vc_row type=&#8220;in_container&#8220; scene_position=&#8220;center&#8220; text_color=&#8220;dark&#8220; text_align=&#8220;left&#8220; overlay_strength=&#8220;0.3&#8243;][vc_column column_padding=&#8220;no-extra-padding&#8220; column_padding_position=&#8220;all&#8220; background_color_opacity=&#8220;1&#8243; background_hover_color_opacity=&#8220;1&#8243; width=&#8220;1\/1&#8243;][vc_column_text]\n<h2 style=\"text-align: justify;\">Ged\u00e4chtnisprotokoll:<\/h2>\n<div>\n<p style=\"text-align: justify;\">SV (zusammengefasst) Anspruchsstellerin f\u00e4hrt mit ihrer Mutter auf einem Motorrad zur Schule. Auf diesem Weg kollidieren die beiden mit einem \u00fcber die Fahrbahn fliegenden Fasan. Daraufhin st\u00fcrzen Mutter und Tochter, wobei die Tochter leicht verletzt wird und ihr Handy kaputt geht. Der Fasan war zuvor aus dem Stall des Halters ausgeb\u00fcchst, nachdem das Tor infolge eines \u00fcberraschenden Sturms aufgegangen war. Der Halter hat indes in angemessenen Abst\u00e4nden kontrolliert, ob der Stall in Ordnung ist. Zu pr\u00fcfen waren sodann die Anspr\u00fcche der Tochter gegen die Mutter sowie gegen den Fasan Halter. Wichtig war, dass die Fasane nicht beruflich gehalten wurden, obwohl der Halter damit einen Preis gewonnen hatte. Es war also eine Abgrenzung i.R.v.. <a href=\"https:\/\/dejure.org\/gesetze\/BGB\/833.html\" target=\"_blank\" title=\"&sect; 833 BGB: Haftung des Tierhalters\">\u00a7 833 S. 1 Hs. 2 BGB<\/a> vorzunehmen. Einschl\u00e4gig war mithin die Gef\u00e4hrdungshaftung des Tierhalters. Die Mutter wiederum war nach <a href=\"https:\/\/dejure.org\/gesetze\/StVG\/7.html\" target=\"_blank\" title=\"&sect; 7 StVG: Haftung des Halters, Schwarzfahrt\">\u00a7 7 StVG<\/a> schadensersatzpflichtig. Auch hier war mithin Gef\u00e4hrdungshaftung das Thema. Schlussendlich war ebenso relevant, ob die Mutter vom Fasan Halter Ersatz f\u00fcr die bereits an die Tochter geleisteten Schadensersatzzahlungen verlangen kann.<\/p>\n<\/div>\n[\/vc_column_text]<div  class=\"divider\"><\/div>[vc_column_text]\n<p style=\"text-align: justify;\">Bei den obigen Klausurprotokoll handelt es sich um das Ged\u00e4chtnisprotokoll einer <strong>echten Klausur vom April 2026 im ersten Staatsexamen in Niedersachsen. <\/strong>Das Protokoll stammt aus dem Fundus des Protokollverleihs\u00a0<a href=\"http:\/\/www.juridicus.de\/pruefungsprotokolle\">Juridicus.de<\/a>.<\/p>\n<p style=\"text-align: justify;\">Die Schilderung des Falles und die L\u00f6sung beruhen ausschlie\u00dflich auf der Wahrnehmung des Pr\u00fcflings.<\/p>\n[\/vc_column_text][\/vc_column][\/vc_row][vc_row type=&#8220;full_width_background&#8220; scene_position=&#8220;center&#8220; text_color=&#8220;dark&#8220; text_align=&#8220;left&#8220; overlay_strength=&#8220;0.3&#8243;][vc_column column_padding=&#8220;no-extra-padding&#8220; column_padding_position=&#8220;all&#8220; background_color_opacity=&#8220;1&#8243; background_hover_color_opacity=&#8220;1&#8243; width=&#8220;1\/1&#8243;]<div  class=\"divider-border\"><\/div>[\/vc_column][\/vc_row]\n","protected":false},"excerpt":{"rendered":"<p>[vc_row type=&#8220;in_container&#8220; scene_position=&#8220;center&#8220; text_color=&#8220;dark&#8220; text_align=&#8220;left&#8220; overlay_strength=&#8220;0.3&#8243;][vc_column column_padding=&#8220;no-extra-padding&#8220; column_padding_position=&#8220;all&#8220; background_color_opacity=&#8220;1&#8243; background_hover_color_opacity=&#8220;1&#8243; width=&#8220;1\/1&#8243;][vc_column_text] Pr\u00fcfungsfach:\u00a0 Zivilrecht [\/vc_column_text][\/vc_column][\/vc_row][vc_row type=&#8220;in_container&#8220; scene_position=&#8220;center&#8220; text_color=&#8220;dark&#8220; text_align=&#8220;left&#8220; overlay_strength=&#8220;0.3&#8243;][vc_column column_padding=&#8220;no-extra-padding&#8220; column_padding_position=&#8220;all&#8220; background_color_opacity=&#8220;1&#8243; background_hover_color_opacity=&#8220;1&#8243; width=&#8220;1\/1&#8243;][vc_column_text] Ged\u00e4chtnisprotokoll: SV (zusammengefasst) Anspruchsstellerin f\u00e4hrt mit ihrer Mutter auf einem Motorrad zur Schule. Auf diesem Weg kollidieren die beiden mit einem \u00fcber die Fahrbahn fliegenden Fasan. Daraufhin st\u00fcrzen Mutter und Tochter, wobei die Tochter leicht verletzt wird und ihr Handy kaputt geht. Der Fasan war zuvor&#8230;<\/p>\n","protected":false},"author":1755,"featured_media":0,"comment_status":"open","ping_status":"open","sticky":false,"template":"","format":"standard","meta":{"footnotes":""},"categories":[2222,2221,55,1703],"tags":[],"class_list":["post-18677","post","type-post","status-publish","format-standard","hentry","category-1-staatsexamen-klausurprotokoll","category-klausurprotokoll","category-magazin","category-zivilrecht-rechtsgebiet"],"_links":{"self":[{"href":"https:\/\/www.juridicus.de\/blog\/wp-json\/wp\/v2\/posts\/18677","targetHints":{"allow":["GET"]}}],"collection":[{"href":"https:\/\/www.juridicus.de\/blog\/wp-json\/wp\/v2\/posts"}],"about":[{"href":"https:\/\/www.juridicus.de\/blog\/wp-json\/wp\/v2\/types\/post"}],"author":[{"embeddable":true,"href":"https:\/\/www.juridicus.de\/blog\/wp-json\/wp\/v2\/users\/1755"}],"replies":[{"embeddable":true,"href":"https:\/\/www.juridicus.de\/blog\/wp-json\/wp\/v2\/comments?post=18677"}],"version-history":[{"count":1,"href":"https:\/\/www.juridicus.de\/blog\/wp-json\/wp\/v2\/posts\/18677\/revisions"}],"predecessor-version":[{"id":18678,"href":"https:\/\/www.juridicus.de\/blog\/wp-json\/wp\/v2\/posts\/18677\/revisions\/18678"}],"wp:attachment":[{"href":"https:\/\/www.juridicus.de\/blog\/wp-json\/wp\/v2\/media?parent=18677"}],"wp:term":[{"taxonomy":"category","embeddable":true,"href":"https:\/\/www.juridicus.de\/blog\/wp-json\/wp\/v2\/categories?post=18677"},{"taxonomy":"post_tag","embeddable":true,"href":"https:\/\/www.juridicus.de\/blog\/wp-json\/wp\/v2\/tags?post=18677"}],"curies":[{"name":"wp","href":"https:\/\/api.w.org\/{rel}","templated":true}]}}