{"id":5915,"date":"2015-11-14T15:00:44","date_gmt":"2015-11-14T14:00:44","guid":{"rendered":"http:\/\/examensrelevant.de\/?p=5915"},"modified":"2018-12-14T02:26:35","modified_gmt":"2018-12-14T01:26:35","slug":"protokoll-der-muendlichen-pruefung-zum-2-staatsexamen-saarland-august-2015-2","status":"publish","type":"post","link":"https:\/\/www.juridicus.de\/blog\/protokoll-der-muendlichen-pruefung-zum-2-staatsexamen-saarland-august-2015-2\/","title":{"rendered":"Protokoll der m\u00fcndlichen Pr\u00fcfung zum 2. Staatsexamen &#8211; Saarland August 2015"},"content":{"rendered":"[vc_row][vc_column width=&#8220;1\/1&#8243;][vc_column_text]\n<p style=\"text-align: justify;\">Bei dem nachfolgenden anonymisierten Protokollen handelt es sich um eine Orginal-Mitschrift aus dem Zweiten Staatsexamen der\u00a0<strong>M\u00fcndlichen Pr\u00fcfung im Saarland vom August 2015<\/strong>. Das Protokoll stammt auf dem Fundus des Protokollverleihs\u00a0<a href=\"http:\/\/www.juridicus.de\/pruefungsprotokolle\">Juridicus.de<\/a>.<\/p>\n<p style=\"text-align: justify;\">Weggelassen wurden die Angaben zum Pr\u00fcferverhalten. Die Schilderung des Falles und die L\u00f6sung beruhen ausschlie\u00dflich auf der Wahrnehmung des Pr\u00fcflings.<\/p>\n[\/vc_column_text][\/vc_column][\/vc_row][vc_row][vc_column width=&#8220;1\/1&#8243;]<a href=\"http:\/\/juridicus.de\" target=\"_blank\" class=\"left\"><img decoding=\"async\" class=\"img-with-animation \" data-delay=\"0\" height=\"100%\" width=\"100%\" data-animation=\"fade-in\" src=\"https:\/\/www.juridicus.de\/blog\/wp-content\/uploads\/2015\/06\/juridicus-examensrelevant.jpg\" alt=\"\" \/><\/a>[vc_column_text]\n<h2>Pr\u00fcfungsthemen: B\u00fcrgerliches Recht<\/h2>\n[\/vc_column_text]<div  class=\"divider\"><\/div>[vc_column_text]\n<h2>Vorpunkte der Kandidaten<\/h2>\n[\/vc_column_text]<div  class=\"divider\"><\/div>[vc_column_text]\n<table width=\"491\">\n<tbody>\n<tr>\n<td width=\"189\">Kandidat<\/td>\n<td width=\"76\">1<\/td>\n<td width=\"76\">2<\/td>\n<td width=\"76\">3<\/td>\n<td width=\"76\">4<\/td>\n<\/tr>\n<tr>\n<td width=\"189\">Vorpunkte<\/td>\n<td width=\"76\">4,42<\/td>\n<td width=\"76\">4,5<\/td>\n<td width=\"76\">5,0<\/td>\n<td width=\"76\">5,5<\/td>\n<\/tr>\n<tr>\n<td width=\"189\">Aktenvortrag<\/td>\n<td width=\"76\">4<\/td>\n<td width=\"76\">6<\/td>\n<td width=\"76\">6<\/td>\n<td width=\"76\">7<\/td>\n<\/tr>\n<tr>\n<td width=\"189\">Pr\u00fcfungsgespr\u00e4ch<\/td>\n<td width=\"76\">8<\/td>\n<td width=\"76\">5<\/td>\n<td width=\"76\">6<\/td>\n<td width=\"76\">5<\/td>\n<\/tr>\n<tr>\n<td width=\"189\">Endnote<\/td>\n<td width=\"76\">4,5<\/td>\n<td width=\"76\">5,6<\/td>\n<td width=\"76\">5,7<\/td>\n<td width=\"76\">5,8<\/td>\n<\/tr>\n<tr>\n<td width=\"189\">Endnote (1. Examen)<\/td>\n<td width=\"76\">4,9<\/td>\n<td width=\"76\"><\/td>\n<td width=\"76\"><\/td>\n<td width=\"76\"><\/td>\n<\/tr>\n<\/tbody>\n<\/table>\n[\/vc_column_text]<div  class=\"divider\"><\/div>[vc_column_text]\n<h2 style=\"text-align: justify;\">Zur Sache:<\/h2>\n<p style=\"text-align: justify;\"><strong>Pr\u00fcfungsstoff:<\/strong> aktuelle F\u00e4lle<\/p>\n<p><strong>Pr\u00fcfungsthemen:\u00a0<\/strong>GoA, <a href=\"https:\/\/dejure.org\/gesetze\/BGB\/823.html\" target=\"_blank\" title=\"&sect; 823 BGB: Schadensersatzpflicht\">\u00a7 823 BGB<\/a> und <a href=\"https:\/\/dejure.org\/gesetze\/BGB\/812.html\" target=\"_blank\" title=\"&sect; 812 BGB: Herausgabeanspruch\">\u00a7 812 BGB<\/a> sowie ZPO<\/p>\n<p style=\"text-align: justify;\"><strong>Paragraphen: <\/strong><a href=\"https:\/\/dejure.org\/gesetze\/BGB\/676.html\">\u00a7676 BGB<\/a>, <a href=\"https:\/\/dejure.org\/gesetze\/ZPO\/50.html\">\u00a750 ZPO<\/a>, <a href=\"https:\/\/dejure.org\/gesetze\/ZPO\/51.html\">\u00a751 ZPO<\/a>, <a href=\"https:\/\/dejure.org\/gesetze\/BGB\/823.html\">\u00a7823 BGB<\/a><\/p>\n<p style=\"text-align: justify;\"><strong><span style=\"line-height: 1.5;\">Pr\u00fcfungsgespr\u00e4ch: <\/span><\/strong><span style=\"line-height: 1.5;\">Frage-Antwort<\/span><strong><span style=\"line-height: 1.5;\"><br \/>\n<\/span><\/strong><\/p>\n<p style=\"text-align: justify;\"><span style=\"line-height: 1.5;\">\u00a0<\/span><\/p>\n[\/vc_column_text][vc_column_text]\n[\/vc_column_text][\/vc_column][\/vc_row][vc_row][vc_column width=&#8220;1\/1&#8243;][vc_column_text]\n<h2 style=\"text-align: justify;\">Pr\u00fcfungsgespr\u00e4ch:<\/h2>\n<p style=\"text-align: justify;\">In dem Fall ging es um einen Privatperson, die ihren Kundenparkplatz nur den Kunden zur Verf\u00fcgung stellen wollte und nun ein Abschleppunternehmen beauftragte, Falschparker abzuschleppen und die Abschleppkosten bei Abholung einzuziehen. Hier sollte er\u00f6rtert werden, welche Anspr\u00fcchen der Falschparker gegen den Abschlepper hat. So kamen wir auf <a href=\"https:\/\/dejure.org\/gesetze\/BGB\/812.html\" target=\"_blank\" title=\"&sect; 812 BGB: Herausgabeanspruch\">\u00a7 812 I 1 Alt.1 BGB<\/a> zu sprechen. Eine Leistung war hier die Zahlung der Abschleppkosten und der Rechtsgrund f\u00fcr das Abschleppen lag in einer Gesch\u00e4ftsf\u00fchrung ohne Auftrag. Ferner wurde ein etwaiger Anspruch gegen den Parkplatzbesitzer gepr\u00fcft. Ein Anspruch aus <a href=\"https:\/\/dejure.org\/gesetze\/BGB\/823.html\" target=\"_blank\" title=\"&sect; 823 BGB: Schadensersatzpflicht\">\u00a7 823 BGB<\/a> scheiterte aber an der gerechtfertigte Abschleppma\u00dfnahme. Der Falschparker h\u00e4tte auf dem Parkplatz nicht parken d\u00fcrfen, in dem er widerrechtlich handelte, war die Abschleppma\u00dfnahme und der Eingriff in sein Eigentum an dem Fahrzeug rechtm\u00e4\u00dfig, weil gerechtfertigt.<\/p>\n<p style=\"text-align: justify;\">Der Pr\u00fcfer wollte dann die Parteif\u00e4higkeit, die Prozessf\u00fchrungsbefugnis, das selbstst\u00e4ndige Beweisverfahren, die gewillk\u00fcrte und gesetzliche Prozessstandschaft, die Postulationsf\u00e4higkeit, die Beweismittel im Strengbeweisverfahren, das Freibeweisverfahren, die Prozessf\u00e4higkeit, die Gerichtsst\u00e4nde, den Antrag auf Aussetzung der Zwangsvollstreckung, die Stufenklage, die Zul\u00e4ssigkeit eines unbestimmten Klageantrags, die Rechtsh\u00e4ngigkeit und deren hemmende Wirkung auf die Verj\u00e4hrung sowie die Ersatzzustellung er\u00f6rtert haben.<\/p>\n<p style=\"text-align: justify;\">Insgesamt verlief die Pr\u00fcfung eher schleppend. Die ZPO &#8211; Fragen wurden sehr schnell gestellt und dabei wurde die Reihenfolge der Pr\u00fcflinge eingehalten.<\/p>\n[\/vc_column_text][\/vc_column][\/vc_row][vc_row type=&#8220;full_width_background&#8220; bg_position=&#8220;left top&#8220; bg_repeat=&#8220;no-repeat&#8220; parallax_bg_speed=&#8220;slow&#8220; scene_position=&#8220;center&#8220; text_color=&#8220;dark&#8220; text_align=&#8220;left&#8220;][vc_column width=&#8220;1\/1&#8243;]<div  class=\"divider-border\"><\/div><div  class=\"divider\"><\/div>[\/vc_column][\/vc_row][vc_row][vc_column width=&#8220;1\/1&#8243;][vc_column_text]\n<h3>Du suchst die optimale Vorbereitung auf deine M\u00fcndliche Pr\u00fcfung?<\/h3>\n[\/vc_column_text][\/vc_column][\/vc_row][vc_row][vc_column width=&#8220;1\/2&#8243;][vc_column_text]\n<p>Du suchst Gesetzestexte und Kommentare f\u00fcr deine M\u00fcndliche Pr\u00fcfung und den Aktenvortrag? Schau mal bei\u00a0<a href=\"http:\/\/jurcase.com\/mietangebote\">JurCase.com<\/a>\u00a0vorbei, denn da gibt es die gesuchte Fachliteratur zur kosteng\u00fcnstigen Miete oder auch zum Kauf.<\/p>\n[\/vc_column_text]<div  class=\"divider\"><\/div>[vc_column_text]\n<a class=\"nectar-button medium accent-color regular-button\" target=\"_blank\" href=\"http:\/\/jurcase.com\/mietangebote\" data-color-override=\"false\" data-hover-color-override=\"false\" data-hover-text-color-override=\"#fff\"><span>Zu allen Gesetzestexten und Kommentaren<\/span> <\/a>\n[\/vc_column_text][\/vc_column][vc_column width=&#8220;1\/2&#8243;][vc_column_text]\n<p><a href=\"https:\/\/www.juridicus.de\/blog\/wp-content\/uploads\/2015\/06\/jurcase2-ideal-fuer-referendare-e1433958892716.jpg\"><img loading=\"lazy\" decoding=\"async\" class=\"alignnone size-medium wp-image-4056\" src=\"https:\/\/www.juridicus.de\/blog\/wp-content\/uploads\/2015\/06\/jurcase2-ideal-fuer-referendare-290x300.jpg\" alt=\"jurcase2-ideal-fuer-referendare\" width=\"290\" height=\"300\" \/><\/a><\/p>\n[\/vc_column_text][\/vc_column][\/vc_row]\n","protected":false},"excerpt":{"rendered":"<p>[vc_row][vc_column width=&#8220;1\/1&#8243;][vc_column_text] Bei dem nachfolgenden anonymisierten Protokollen handelt es sich um eine Orginal-Mitschrift aus dem Zweiten Staatsexamen der\u00a0M\u00fcndlichen Pr\u00fcfung im Saarland vom August 2015. Das Protokoll stammt auf dem Fundus des Protokollverleihs\u00a0Juridicus.de. Weggelassen wurden die Angaben zum Pr\u00fcferverhalten. Die Schilderung des Falles und die L\u00f6sung beruhen ausschlie\u00dflich auf der Wahrnehmung des Pr\u00fcflings. [\/vc_column_text][\/vc_column][\/vc_row][vc_row][vc_column width=&#8220;1\/1&#8243;][vc_column_text] Pr\u00fcfungsthemen: B\u00fcrgerliches Recht [\/vc_column_text][vc_column_text] Vorpunkte der Kandidaten [\/vc_column_text][vc_column_text] Kandidat 1 2 3 4 Vorpunkte 4,42 4,5&#8230;<\/p>\n","protected":false},"author":1755,"featured_media":0,"comment_status":"open","ping_status":"open","sticky":false,"template":"","format":"standard","meta":{"footnotes":""},"categories":[2025,47,2010,55],"tags":[],"class_list":["post-5915","post","type-post","status-publish","format-standard","hentry","category-2-staatsexamen","category-aktuelles","category-protokolle","category-magazin"],"_links":{"self":[{"href":"https:\/\/www.juridicus.de\/blog\/wp-json\/wp\/v2\/posts\/5915","targetHints":{"allow":["GET"]}}],"collection":[{"href":"https:\/\/www.juridicus.de\/blog\/wp-json\/wp\/v2\/posts"}],"about":[{"href":"https:\/\/www.juridicus.de\/blog\/wp-json\/wp\/v2\/types\/post"}],"author":[{"embeddable":true,"href":"https:\/\/www.juridicus.de\/blog\/wp-json\/wp\/v2\/users\/1755"}],"replies":[{"embeddable":true,"href":"https:\/\/www.juridicus.de\/blog\/wp-json\/wp\/v2\/comments?post=5915"}],"version-history":[{"count":2,"href":"https:\/\/www.juridicus.de\/blog\/wp-json\/wp\/v2\/posts\/5915\/revisions"}],"predecessor-version":[{"id":5917,"href":"https:\/\/www.juridicus.de\/blog\/wp-json\/wp\/v2\/posts\/5915\/revisions\/5917"}],"wp:attachment":[{"href":"https:\/\/www.juridicus.de\/blog\/wp-json\/wp\/v2\/media?parent=5915"}],"wp:term":[{"taxonomy":"category","embeddable":true,"href":"https:\/\/www.juridicus.de\/blog\/wp-json\/wp\/v2\/categories?post=5915"},{"taxonomy":"post_tag","embeddable":true,"href":"https:\/\/www.juridicus.de\/blog\/wp-json\/wp\/v2\/tags?post=5915"}],"curies":[{"name":"wp","href":"https:\/\/api.w.org\/{rel}","templated":true}]}}