{"id":6691,"date":"2016-03-03T09:00:12","date_gmt":"2016-03-03T08:00:12","guid":{"rendered":"http:\/\/examensrelevant.de\/?p=6691"},"modified":"2018-12-14T02:26:20","modified_gmt":"2018-12-14T01:26:20","slug":"6691-2","status":"publish","type":"post","link":"https:\/\/www.juridicus.de\/blog\/6691-2\/","title":{"rendered":"Pr\u00fcfungswissen: Das allgemeine Pers\u00f6nlichkeitsrecht, Art. 2 I i.V.m. Art. 1 I GG"},"content":{"rendered":"<p style=\"text-align: justify;\">Hinweis: Einf\u00fchrung zu der Entscheidungsbesprechung: Entkleidung von Strafgefangenen und allgemeines Pers\u00f6nlichkeitsrecht (BVerfG; Beschluss vom 05.03.2015 \u2013 <a href=\"https:\/\/dejure.org\/dienste\/vernetzung\/rechtsprechung?Text=2%20BvR%20746\/13\" target=\"_blank\" title=\"BVerfG, 05.03.2015 - 2 BvR 746\/13: Mit einer Entkleidung verbundene Durchsuchung eines Strafgef...\">2 BvR 746\/13<\/a>) Die Entscheidungsbesprechung wird heute mittag ver\u00f6ffentlicht.<\/p>\n<p style=\"text-align: justify;\"><strong>Pr\u00fcfungswissen: Entkleidung von Strafgefangenen und allgemeines Pers\u00f6nlichkeitsrecht<\/strong><!--more--><\/p>\n<p style=\"text-align: justify;\">Das allgemeine Pers\u00f6nlichkeitsrecht ist eine als <strong>Produkt richterlicher Rechtsfortbildung<\/strong> den speziellen Freiheitsrechten angen\u00e4herte Grundrechtsgarantie. Aus <strong><a href=\"https:\/\/dejure.org\/gesetze\/GG\/2.html\" target=\"_blank\" title=\"Art. 2 GG\">Art. 2 I GG<\/a><\/strong> haben sich in der Ausdeutung und Handhabung durch das Bundesverfassungsgericht <strong>zwei Grundrechtsgarantien<\/strong> mit unterschiedlichen Auspr\u00e4gungen nach Schutzbereich, Wirkungsrichtung und Einschr\u00e4nkungsm\u00f6glichkeiten ergeben.<\/p>\n<p style=\"text-align: justify;\">Zum einen die in umfassender Weise verstandene und qualitativ nicht n\u00e4her eingegrenzte <strong>allgemeine Handlungsfreiheit<\/strong> und zum anderen das, fr\u00fchzeitig durch das BVerfGE als unbenanntes Freiheitsrecht begr\u00fcndete <strong>allgemeine Pers\u00f6nlichkeitsrecht<\/strong> in seinen verschiedenen Auspr\u00e4gungen, das aus <a href=\"https:\/\/dejure.org\/gesetze\/GG\/2.html\" target=\"_blank\" title=\"Art. 2 GG\">Art. 2 I GG<\/a> i.V.m. <a href=\"https:\/\/dejure.org\/gesetze\/GG\/1.html\" target=\"_blank\" title=\"Art. 1 GG\">Art. 1 I GG<\/a> hergeleitet wird. (BVerfGE, 27, 1 (6); 34, 238 (245 f.); <a href=\"https:\/\/dejure.org\/dienste\/vernetzung\/rechtsprechung?Text=BVerfGE%2054,%20148\" target=\"_blank\" title=\"BVerfG, 03.06.1980 - 1 BvR 185\/77: Eppler - Unterschieben von &Auml;u&szlig;erungen\">BVerfGE 54, 148<\/a> (153); 63, 131 (142 f.).<\/p>\n<p style=\"text-align: justify;\">Ver\u00f6ffentlicht in der <a title=\"Zeitschriftenauswertung (ZA)\" href=\"http:\/\/www.juridicus.de\/ZA\/konzept.html\">Zeitschriftenauswertung (ZA)<\/a> Dezember 2015<\/p>\n","protected":false},"excerpt":{"rendered":"<p>Hinweis: Einf\u00fchrung zu der Entscheidungsbesprechung: Entkleidung von Strafgefangenen und allgemeines Pers\u00f6nlichkeitsrecht (BVerfG; Beschluss vom 05.03.2015 \u2013 2 BvR 746\/13) Die Entscheidungsbesprechung wird heute mittag ver\u00f6ffentlicht. Pr\u00fcfungswissen: Entkleidung von Strafgefangenen und allgemeines Pers\u00f6nlichkeitsrecht<\/p>\n","protected":false},"author":1755,"featured_media":0,"comment_status":"open","ping_status":"open","sticky":false,"template":"","format":"standard","meta":{"footnotes":""},"categories":[49,55,1715],"tags":[119],"class_list":["post-6691","post","type-post","status-publish","format-standard","hentry","category-beschlusse","category-magazin","category-strafrecht-rechtsgebiet","tag-allgemeines-personlichkeitsrecht"],"_links":{"self":[{"href":"https:\/\/www.juridicus.de\/blog\/wp-json\/wp\/v2\/posts\/6691","targetHints":{"allow":["GET"]}}],"collection":[{"href":"https:\/\/www.juridicus.de\/blog\/wp-json\/wp\/v2\/posts"}],"about":[{"href":"https:\/\/www.juridicus.de\/blog\/wp-json\/wp\/v2\/types\/post"}],"author":[{"embeddable":true,"href":"https:\/\/www.juridicus.de\/blog\/wp-json\/wp\/v2\/users\/1755"}],"replies":[{"embeddable":true,"href":"https:\/\/www.juridicus.de\/blog\/wp-json\/wp\/v2\/comments?post=6691"}],"version-history":[{"count":1,"href":"https:\/\/www.juridicus.de\/blog\/wp-json\/wp\/v2\/posts\/6691\/revisions"}],"predecessor-version":[{"id":6692,"href":"https:\/\/www.juridicus.de\/blog\/wp-json\/wp\/v2\/posts\/6691\/revisions\/6692"}],"wp:attachment":[{"href":"https:\/\/www.juridicus.de\/blog\/wp-json\/wp\/v2\/media?parent=6691"}],"wp:term":[{"taxonomy":"category","embeddable":true,"href":"https:\/\/www.juridicus.de\/blog\/wp-json\/wp\/v2\/categories?post=6691"},{"taxonomy":"post_tag","embeddable":true,"href":"https:\/\/www.juridicus.de\/blog\/wp-json\/wp\/v2\/tags?post=6691"}],"curies":[{"name":"wp","href":"https:\/\/api.w.org\/{rel}","templated":true}]}}