{"id":7115,"date":"2016-04-19T09:00:09","date_gmt":"2016-04-19T07:00:09","guid":{"rendered":"http:\/\/examensrelevant.de\/?p=7115"},"modified":"2018-12-14T02:26:14","modified_gmt":"2018-12-14T01:26:14","slug":"gedaechtnisprotokoll-einer-echten-klausur-zum-2-staatsexamen-nrw-vom-juli-2015","status":"publish","type":"post","link":"https:\/\/www.juridicus.de\/blog\/gedaechtnisprotokoll-einer-echten-klausur-zum-2-staatsexamen-nrw-vom-juli-2015\/","title":{"rendered":"Ged\u00e4chtnisprotokoll einer echten Klausur zum 2. Staatsexamen &#8211; NRW vom Juli 2015"},"content":{"rendered":"[vc_row type=&#8220;in_container&#8220; scene_position=&#8220;center&#8220; text_color=&#8220;dark&#8220; text_align=&#8220;left&#8220; overlay_strength=&#8220;0.3&#8243;][vc_column column_padding=&#8220;no-extra-padding&#8220; column_padding_position=&#8220;all&#8220; background_color_opacity=&#8220;1&#8243; background_hover_color_opacity=&#8220;1&#8243; width=&#8220;1\/1&#8243;][vc_column_text]\n<p style=\"text-align: justify;\">Bei dem nachfolgenden Klausurprotokoll handelt es sich um das Ged\u00e4chtnisprotokoll einer <strong>echten Klausur vom Juli\u00a02015 im zweiten Staatsexamen in NRW<\/strong>. Das Protokoll stammt auf dem Fundus des Protokollverleihs\u00a0<a href=\"http:\/\/www.juridicus.de\/pruefungsprotokolle\">Juridicus.de<\/a>.<\/p>\n<p style=\"text-align: justify;\">Die Schilderung des Falles und die L\u00f6sung beruhen ausschlie\u00dflich auf der Wahrnehmung des Pr\u00fcflings.<\/p>\n[\/vc_column_text]<div  class=\"divider\"><\/div><div class=\"img-with-aniamtion-wrap \"><img decoding=\"async\" class=\"img-with-animation \" data-delay=\"0\" height=\"100%\" width=\"100%\" data-animation=\"fade-in\" src=\"https:\/\/www.juridicus.de\/blog\/wp-content\/uploads\/2015\/06\/juridicus-examensrelevant.jpg\" alt=\"\" \/><\/div><div  class=\"divider\"><\/div>[vc_column_text]\n<h2>Pr\u00fcfungsfach:\u00a0 \u00d6ffentliches Recht<\/h2>\n[\/vc_column_text][\/vc_column][\/vc_row][vc_row type=&#8220;in_container&#8220; scene_position=&#8220;center&#8220; text_color=&#8220;dark&#8220; text_align=&#8220;left&#8220; overlay_strength=&#8220;0.3&#8243;][vc_column column_padding=&#8220;no-extra-padding&#8220; column_padding_position=&#8220;all&#8220; background_color_opacity=&#8220;1&#8243; background_hover_color_opacity=&#8220;1&#8243; width=&#8220;1\/1&#8243;][vc_column_text]\n<h2 style=\"text-align: justify;\">Ged\u00e4chnisprotokoll:<\/h2>\n<p style=\"text-align: justify;\">Anwaltsklausur aus Beklagtensicht. Gegen Mandanten ist bereits ein VU auf Zahlung von 6.000 \u20ac ergangen. K erwarb von B einen Oldtimer, VW K\u00e4fer Cabrio. Bei dem Verkaufsgespr\u00e4ch hatte K nach der Unfallfreiheit gefragt, die B bejaht hat. Auf den Wagen war jedoch einmal ein Ast gefallen, was B reparieren lie\u00df, jedoch nicht erw\u00e4hnte.<\/p>\n<p style=\"text-align: justify;\">Ein Jahr nach \u00dcbergabe des Fahrzeugs wird im Rahmen der HU bemerkt, dass das Fahrzeug gro\u00dffl\u00e4chig lackiert und repariert wurde. K erkl\u00e4rt daraufhin den R\u00fccktritt, der B soll das Auto abholen. B stimmt zu, muss aber kurz darauf berufsbedingt absagen und schreibt K eine SMS, er schaffe es erst am 30. M\u00e4rz. In der Nacht vom 26.\/27. M\u00e4rz wird das Fahrzeug dann gestohlen.<\/p>\n<p style=\"text-align: justify;\">B fragt nun nach dem weiteren Vorgehen. Er hatte zun\u00e4chst eine andere Anw\u00e4ltin, will jetzt aber nicht mehr von ihr vertreten werden, sondern von uns. VU wurde B am 28.04, dem K am 30.04. zugestellt. Einspruch der Anw\u00e4ltin des B wurde am 13.05. in den Briefkasten geworfen. Zu der Zeit streikte die Post, wovon die Prozessbevollm\u00e4chtigte auch Kenntnis hatte.<br \/>\nB fragt zudem, ob er ggf. gegen seine bisherige Anw\u00e4ltin vorgehen kann.<\/p>\n[\/vc_column_text][\/vc_column][\/vc_row][vc_row type=&#8220;full_width_background&#8220; scene_position=&#8220;center&#8220; text_color=&#8220;dark&#8220; text_align=&#8220;left&#8220; overlay_strength=&#8220;0.3&#8243;][vc_column column_padding=&#8220;no-extra-padding&#8220; column_padding_position=&#8220;all&#8220; background_color_opacity=&#8220;1&#8243; background_hover_color_opacity=&#8220;1&#8243; width=&#8220;1\/1&#8243;]<div  class=\"divider-border\"><\/div>[\/vc_column][\/vc_row][vc_row type=&#8220;in_container&#8220; scene_position=&#8220;center&#8220; text_color=&#8220;dark&#8220; text_align=&#8220;left&#8220; overlay_strength=&#8220;0.3&#8243;][vc_column column_padding=&#8220;no-extra-padding&#8220; column_padding_position=&#8220;all&#8220; background_color_opacity=&#8220;1&#8243; background_hover_color_opacity=&#8220;1&#8243; width=&#8220;1\/1&#8243;][vc_column_text]\n<h3>Du suchst die optimale Vorbereitung auf deine M\u00fcndliche Pr\u00fcfung?<\/h3>\n[\/vc_column_text][\/vc_column][\/vc_row][vc_row type=&#8220;in_container&#8220; scene_position=&#8220;center&#8220; text_color=&#8220;dark&#8220; text_align=&#8220;left&#8220; overlay_strength=&#8220;0.3&#8243;][vc_column column_padding=&#8220;no-extra-padding&#8220; column_padding_position=&#8220;all&#8220; background_color_opacity=&#8220;1&#8243; background_hover_color_opacity=&#8220;1&#8243; width=&#8220;1\/2&#8243;][vc_column_text]\n<p>Du suchst Gesetzestexte und Kommentare f\u00fcr deine M\u00fcndliche Pr\u00fcfung und den Aktenvortrag? Schau mal bei\u00a0<a href=\"http:\/\/jurcase.com\/mietangebote\">JurCase.com<\/a>\u00a0vorbei, denn da gibt es die gesuchte Fachliteratur zur kosteng\u00fcnstigen Miete oder auch zum Kauf.<\/p>\n[\/vc_column_text]<div  class=\"divider\"><\/div>[vc_column_text]\n<a class=\"nectar-button medium accent-color regular-button\" target=\"_blank\" href=\"http:\/\/jurcase.com\/mietangebote\" data-color-override=\"false\" data-hover-color-override=\"false\" data-hover-text-color-override=\"#fff\"><span>Zu allen Gesetzestexten und Kommentaren<\/span> <\/a>\n[\/vc_column_text][\/vc_column][vc_column column_padding=&#8220;no-extra-padding&#8220; column_padding_position=&#8220;all&#8220; background_color_opacity=&#8220;1&#8243; background_hover_color_opacity=&#8220;1&#8243; width=&#8220;1\/2&#8243;][vc_column_text]\n<p><a href=\"https:\/\/www.juridicus.de\/blog\/wp-content\/uploads\/2015\/06\/jurcase2-ideal-fuer-referendare-e1433958892716.jpg\"><img loading=\"lazy\" decoding=\"async\" class=\"alignnone size-medium wp-image-4056\" src=\"https:\/\/www.juridicus.de\/blog\/wp-content\/uploads\/2015\/06\/jurcase2-ideal-fuer-referendare-290x300.jpg\" alt=\"jurcase2-ideal-fuer-referendare\" width=\"290\" height=\"300\" \/><\/a><\/p>\n[\/vc_column_text][\/vc_column][\/vc_row]\n","protected":false},"excerpt":{"rendered":"<p>[vc_row type=&#8220;in_container&#8220; scene_position=&#8220;center&#8220; text_color=&#8220;dark&#8220; text_align=&#8220;left&#8220; overlay_strength=&#8220;0.3&#8243;][vc_column column_padding=&#8220;no-extra-padding&#8220; column_padding_position=&#8220;all&#8220; background_color_opacity=&#8220;1&#8243; background_hover_color_opacity=&#8220;1&#8243; width=&#8220;1\/1&#8243;][vc_column_text] Bei dem nachfolgenden Klausurprotokoll handelt es sich um das Ged\u00e4chtnisprotokoll einer echten Klausur vom Juli\u00a02015 im zweiten Staatsexamen in NRW. Das Protokoll stammt auf dem Fundus des Protokollverleihs\u00a0Juridicus.de. Die Schilderung des Falles und die L\u00f6sung beruhen ausschlie\u00dflich auf der Wahrnehmung des Pr\u00fcflings. [\/vc_column_text][vc_column_text] Pr\u00fcfungsfach:\u00a0 \u00d6ffentliches Recht [\/vc_column_text][\/vc_column][\/vc_row][vc_row type=&#8220;in_container&#8220; scene_position=&#8220;center&#8220; text_color=&#8220;dark&#8220; text_align=&#8220;left&#8220; overlay_strength=&#8220;0.3&#8243;][vc_column column_padding=&#8220;no-extra-padding&#8220; column_padding_position=&#8220;all&#8220; background_color_opacity=&#8220;1&#8243; background_hover_color_opacity=&#8220;1&#8243; width=&#8220;1\/1&#8243;][vc_column_text] Ged\u00e4chnisprotokoll: Anwaltsklausur&#8230;<\/p>\n","protected":false},"author":1755,"featured_media":0,"comment_status":"open","ping_status":"open","sticky":false,"template":"","format":"standard","meta":{"footnotes":""},"categories":[2223,2221,55,1703],"tags":[],"class_list":["post-7115","post","type-post","status-publish","format-standard","hentry","category-2-staatsexamen-klausurprotokoll","category-klausurprotokoll","category-magazin","category-zivilrecht-rechtsgebiet"],"_links":{"self":[{"href":"https:\/\/www.juridicus.de\/blog\/wp-json\/wp\/v2\/posts\/7115","targetHints":{"allow":["GET"]}}],"collection":[{"href":"https:\/\/www.juridicus.de\/blog\/wp-json\/wp\/v2\/posts"}],"about":[{"href":"https:\/\/www.juridicus.de\/blog\/wp-json\/wp\/v2\/types\/post"}],"author":[{"embeddable":true,"href":"https:\/\/www.juridicus.de\/blog\/wp-json\/wp\/v2\/users\/1755"}],"replies":[{"embeddable":true,"href":"https:\/\/www.juridicus.de\/blog\/wp-json\/wp\/v2\/comments?post=7115"}],"version-history":[{"count":2,"href":"https:\/\/www.juridicus.de\/blog\/wp-json\/wp\/v2\/posts\/7115\/revisions"}],"predecessor-version":[{"id":7352,"href":"https:\/\/www.juridicus.de\/blog\/wp-json\/wp\/v2\/posts\/7115\/revisions\/7352"}],"wp:attachment":[{"href":"https:\/\/www.juridicus.de\/blog\/wp-json\/wp\/v2\/media?parent=7115"}],"wp:term":[{"taxonomy":"category","embeddable":true,"href":"https:\/\/www.juridicus.de\/blog\/wp-json\/wp\/v2\/categories?post=7115"},{"taxonomy":"post_tag","embeddable":true,"href":"https:\/\/www.juridicus.de\/blog\/wp-json\/wp\/v2\/tags?post=7115"}],"curies":[{"name":"wp","href":"https:\/\/api.w.org\/{rel}","templated":true}]}}