{"id":7174,"date":"2018-11-02T12:00:12","date_gmt":"2018-11-02T11:00:12","guid":{"rendered":"http:\/\/examensrelevant.de\/?p=7174"},"modified":"2018-12-12T19:54:59","modified_gmt":"2018-12-12T18:54:59","slug":"repetitorium-zum-verwaltungsrecht-fall-13-der-neue-wintermantel-aufgabe","status":"publish","type":"post","link":"https:\/\/www.juridicus.de\/blog\/repetitorium-zum-verwaltungsrecht-fall-13-der-neue-wintermantel-aufgabe\/","title":{"rendered":"Repetitorium zum Verwaltungsrecht &#8211; Fall 13: Der neue Wintermantel &#8211; Aufgabe"},"content":{"rendered":"<p style=\"text-align: justify;\"><span style=\"font-weight: inherit; font-style: inherit; color: #008000;\">Dieser Fall\u00a0besch\u00e4ftigt sich mit den Problemen des <strong>\u00f6ffentlich-rechtlichen Schuldverh\u00e4ltnisses<\/strong>, hier insbesondere der <strong>\u00f6ffentlich-rechtlichen Verwahrung.<\/strong><\/span><\/p>\n<p style=\"text-align: justify;\"><span style=\"font-weight: inherit; font-style: inherit; color: #008000;\">Die L\u00f6sung zu diesem Fall wird am<strong>\u00a005.11.2018<\/strong>\u00a0zur Verf\u00fcgung gestellt!<br \/>\nDen gr\u00f6\u00dften Lerneffekt erzielt Ihr, wenn Ihr erstmal versucht, den Fall durchzul\u00f6sen, um dann mit der L\u00f6sung den Lernerfolg zu \u00fcberpr\u00fcfen und L\u00fccken zu schlie\u00dfen.\u00a0<\/span><\/p>\n<p style=\"text-align: justify;\"><strong>Fall 13 &#8211; Der neue Wintermantel<br \/>\n<\/strong><\/p>\n<p style=\"text-align: justify;\">Anl\u00e4sslich des 100j\u00e4hrigen Stadtjubil\u00e4ums bittet der B\u00fcrgermeister der Stadt F die Prominenz der Stadt zu einem Empfang in das Rathaus, auf dem die Leistungen der Stadtv\u00e4ter gew\u00fcrdigt werden sollen. Auch soll einigen besonders verdienten B\u00fcrgern eine Ehrung \u00fcberreicht werden.<br \/>\nAuch V ist zu diesem Empfang eingeladen. Seinen neuen Wintermantel eines namhaften Herstellers gibt er im Foyer des Rathauses an der Garderobe ab. Die Garderobe wird von der Sicherheitsfirma R betrieben, bei der die Garderobenfrau G angestellt ist. G nimmt den Mantel entgegen und \u00fcberreicht dem V die Garderobenmarke. Im Garderobenbereich sind mehrere Schilder gut sichtbar befestigt, auf denen steht:<!--more--><\/p>\n<p style=\"text-align: justify;\"><strong>Benutzungsordnung<br \/>\n<\/strong>F\u00fcr Garderobe wird keine Haftung \u00fcbernommen!<br \/>\nDer B\u00fcrgermeister<\/p>\n<p style=\"text-align: justify;\">Als V am Abend seinen Mantel unter Vorlage der Garderobenmarke abholen m\u00f6chte, ist dieser abhanden gekommen. Es kann nicht gekl\u00e4rt werden, ob der Mantel durch trickreiche Ablenkung der G gestohlen wurde, ohne dass G dies bemerken konnte oder ob der Mantel versehentlich einer anderen Person ausgeh\u00e4ndigt wurde.<\/p>\n<p style=\"text-align: justify;\">V verlangt nun von der Stadt F Schadensersatz f\u00fcr den Verlust des Mantels in H\u00f6he von 900,00 \u20ac.<\/p>\n<p style=\"text-align: justify;\">Frage 1: Welcher Rechtsweg ist er\u00f6ffnet?<\/p>\n<p style=\"text-align: justify;\">Frage 2: Ist ein Anspruch gegeben?<\/p>\n","protected":false},"excerpt":{"rendered":"<p>Dieser Fall\u00a0besch\u00e4ftigt sich mit den Problemen des \u00f6ffentlich-rechtlichen Schuldverh\u00e4ltnisses, hier insbesondere der \u00f6ffentlich-rechtlichen Verwahrung. Die L\u00f6sung zu diesem Fall wird am\u00a005.11.2018\u00a0zur Verf\u00fcgung gestellt! Den gr\u00f6\u00dften Lerneffekt erzielt Ihr, wenn Ihr erstmal versucht, den Fall durchzul\u00f6sen, um dann mit der L\u00f6sung den Lernerfolg zu \u00fcberpr\u00fcfen und L\u00fccken zu schlie\u00dfen.\u00a0 Fall 13 &#8211; Der neue Wintermantel Anl\u00e4sslich des 100j\u00e4hrigen Stadtjubil\u00e4ums bittet der B\u00fcrgermeister der Stadt F die Prominenz der Stadt zu einem&#8230;<\/p>\n","protected":false},"author":1755,"featured_media":0,"comment_status":"open","ping_status":"open","sticky":false,"template":"","format":"standard","meta":{"footnotes":""},"categories":[1,55,1777,2198,2199],"tags":[2744,2745],"class_list":["post-7174","post","type-post","status-publish","format-standard","hentry","category-allgemein","category-magazin","category-repetitorium","category-verwaltungsrecht","category-verwaltungsrecht-aufgaben","tag-oeffentlich-rechtlichen-schuldverhaeltniss","tag-oeffentlich-rechtlichen-verwahrung"],"_links":{"self":[{"href":"https:\/\/www.juridicus.de\/blog\/wp-json\/wp\/v2\/posts\/7174","targetHints":{"allow":["GET"]}}],"collection":[{"href":"https:\/\/www.juridicus.de\/blog\/wp-json\/wp\/v2\/posts"}],"about":[{"href":"https:\/\/www.juridicus.de\/blog\/wp-json\/wp\/v2\/types\/post"}],"author":[{"embeddable":true,"href":"https:\/\/www.juridicus.de\/blog\/wp-json\/wp\/v2\/users\/1755"}],"replies":[{"embeddable":true,"href":"https:\/\/www.juridicus.de\/blog\/wp-json\/wp\/v2\/comments?post=7174"}],"version-history":[{"count":3,"href":"https:\/\/www.juridicus.de\/blog\/wp-json\/wp\/v2\/posts\/7174\/revisions"}],"predecessor-version":[{"id":12971,"href":"https:\/\/www.juridicus.de\/blog\/wp-json\/wp\/v2\/posts\/7174\/revisions\/12971"}],"wp:attachment":[{"href":"https:\/\/www.juridicus.de\/blog\/wp-json\/wp\/v2\/media?parent=7174"}],"wp:term":[{"taxonomy":"category","embeddable":true,"href":"https:\/\/www.juridicus.de\/blog\/wp-json\/wp\/v2\/categories?post=7174"},{"taxonomy":"post_tag","embeddable":true,"href":"https:\/\/www.juridicus.de\/blog\/wp-json\/wp\/v2\/tags?post=7174"}],"curies":[{"name":"wp","href":"https:\/\/api.w.org\/{rel}","templated":true}]}}